{"id":15465,"date":"2019-05-26T07:54:49","date_gmt":"2019-05-26T10:54:49","guid":{"rendered":"https:\/\/blogs.correiobraziliense.com.br\/cbpoder\/?p=15465"},"modified":"2019-05-26T08:00:39","modified_gmt":"2019-05-26T11:00:39","slug":"superintendente-do-sebrae-df-valdir-oliveira-reduzir-o-tamanho-do-estado-prejudicara-a-economia-do-df","status":"publish","type":"post","link":"https:\/\/blogs.correiobraziliense.com.br\/cbpoder\/superintendente-do-sebrae-df-valdir-oliveira-reduzir-o-tamanho-do-estado-prejudicara-a-economia-do-df\/","title":{"rendered":"Superintendente do Sebrae\/DF, Valdir Oliveira: \u201cReduzir o tamanho do Estado prejudicar\u00e1 a economia do DF\u201d"},"content":{"rendered":"<h5>Da Eixo Capital<\/h5>\n<p>Valdir Oliveira, superintendente regional do Sebrae<\/p>\n<p>\u201cA m\u00e1xima do mais Brasil e menos Bras\u00edlia pode at\u00e9 ser bom para o Brasil, mas ser\u00e1 ruim para Bras\u00edlia\u201d<\/p>\n<p><strong>As finan\u00e7as do DF est\u00e3o bem mais apertadas do que previa a campanha o governador Ibaneis Rocha. O que houve?<\/strong><\/p>\n<p>Na pol\u00edtica temos dois momentos espec\u00edficos: o palanque e a gest\u00e3o. No palanque, o candidato vende a esperan\u00e7a, na gest\u00e3o o governo entrega resultados. Nem sempre a esperan\u00e7a \u00e9 alinhada com os resultados. A esperan\u00e7a vendida foi de prosperidade, com aumento para servidores e de estruturas de governo e redu\u00e7\u00e3o de impostos para ajustar a uma anunciada justi\u00e7a tribut\u00e1ria. \u00a0Essa equa\u00e7\u00e3o \u00e9 dif\u00edcil porque os tempos das receitas e das despesas s\u00e3o diferentes. A redu\u00e7\u00e3o da carga tribut\u00e1ria levar\u00e1 um tempo para se transformar em oportunidade de neg\u00f3cios e consequente aumento de arrecada\u00e7\u00e3o, mas o incremento das despesas com os aumentos salariais anunciados na campanha, bem como a amplia\u00e7\u00e3o de estruturas governamentais, tem efeito imediato na despesa. Esse descompasso entre o tempo da receita e da despesa pode trazer problemas para as contas p\u00fablicas do Distrito Federal. N\u00e3o \u00e9 f\u00e1cil sair do palanque para a gest\u00e3o.<\/p>\n<p><strong>Acha que Ibaneis conseguir\u00e1 cumprir os compromissos?<\/strong><\/p>\n<p>N\u00e3o acredito. Pelas solu\u00e7\u00f5es e as perspectivas apresentadas n\u00e3o me parece poss\u00edvel a concretiza\u00e7\u00e3o dos aumentos prometidos, a n\u00e3o ser que a economia do DF responda positivamente com o aumento de renda. Precisamos deixar que o GDF tenha tempo para implantar suas propostas. N\u00e3o \u00e9 f\u00e1cil iniciar um governo com expectativa t\u00e3o alta e limita\u00e7\u00f5es profundas. Tudo vai depender da dist\u00e2ncia entre a esperan\u00e7a vendida e os resultados constru\u00eddos na gest\u00e3o. Se essa diferen\u00e7a crescer muito no primeiro ano, ser\u00e1 dif\u00edcil a recupera\u00e7\u00e3o dos rumos e tornar\u00e1 dif\u00edcil o cumprimento das promessas de campanha ou a esperan\u00e7a vendida no palanque eleitoral.<\/p>\n<p><strong>A LDO do pr\u00f3ximo ano n\u00e3o prev\u00ea reajustes e reduz investimentos no setor p\u00fablico. Qual ser\u00e1 o impacto disso na economia do DF?<\/strong><\/p>\n<p>A aus\u00eancia da previs\u00e3o de aumentos frustra a expectativa dos que acreditaram na esperan\u00e7a. A inexist\u00eancia de perspectivas de aumento de renda acarreta \u00a0queda na confian\u00e7a do consumidor, o que se traduz em tend\u00eancia de queda do consumo e do faturamento das empresas. A redu\u00e7\u00e3o de investimentos p\u00fablicos \u00e9 catastr\u00f3fica para nossa economia. Hoje h\u00e1 uma doen\u00e7a que afeta nossa sociedade e traz mazelas sociais irrepar\u00e1veis nas nossas fam\u00edlias, o desemprego. Na minha vis\u00e3o, o desemprego ser\u00e1 combatido com uma a\u00e7\u00e3o de grande impacto, essencialmente com o incremento das obras p\u00fablicas. Se inexistem recursos or\u00e7ament\u00e1rios, se ausente a capacidade de endividamento, h\u00e1 que se vender ativos e implementar obras importantes no DF, a exemplo da amplia\u00e7\u00e3o do metr\u00f4 e obras de infraestrutura. Se o GDF tiver R$ 1 bilh\u00e3o para investir, esse valor triplica. Com R$ 3 bilh\u00f5es, haver\u00e1 grande impacto na economia do DF. Se houver redu\u00e7\u00e3o do investimento, haver\u00e1 retra\u00e7\u00e3o da economia e a situa\u00e7\u00e3o certamente piorar\u00e1 muito.<\/p>\n<p><strong>Voc\u00ea foi secret\u00e1rio de Desenvolvimento Econ\u00f4mico do governo Rollemberg. O que deixou de fazer por falta de dinheiro?<\/strong><\/p>\n<p>Na minha opini\u00e3o, para enfrentar o desemprego, mais obras p\u00fablicas. O governador Rollemberg fez o que p\u00f4de de obras, com a limita\u00e7\u00e3o de recursos que tinha. Os recursos dispon\u00edveis foram revertidos em importantes obras para enfrentar a crise h\u00eddrica e a sa\u00edda do trevo norte, al\u00e9m de infraestrutura em Vicente Pires e Sol Nascente. O governo de que fiz parte tentou com o que era poss\u00edvel conseguir sem a venda de ativos, mas n\u00e3o foi suficiente para reverter a crise econ\u00f4mica e o desemprego no DF.<\/p>\n<p><strong>A redu\u00e7\u00e3o de impostos vai incentivar investimentos no DF?<\/strong><\/p>\n<p>Por si s\u00f3, n\u00e3o. Nenhum empres\u00e1rio toma a decis\u00e3o de investir pelo simples motivo de que o imposto foi reduzido. Quando reduzimos o custo tribut\u00e1rio, a primeira atitude do contribuinte \u00e9 se apropriar do lucro. Depois ele olha o ambiente de neg\u00f3cio, se n\u00e3o for favor\u00e1vel, ele n\u00e3o ampliar\u00e1 seus neg\u00f3cios. Na minha opini\u00e3o, modelo de desenvolvimento n\u00e3o pode ser ancorado no simples ato de redu\u00e7\u00e3o tribut\u00e1ria. Precisa haver uma converg\u00eancia de benef\u00edcios fiscais e econ\u00f4micos, com alavancagem de cr\u00e9dito produtivo, principalmente o de fomento para o momento que estamos vivendo. Esses fatores \u00a0devem estar em um ambiente \u00e1gil, desburocratizado e com seguran\u00e7a jur\u00eddica. Por isso, n\u00e3o acredito que apenas uma redu\u00e7\u00e3o de impostos seja est\u00edmulo para melhorarmos a economia e o emprego.<\/p>\n<p><strong>Sobre o governo Bolsonaro, acha que ser\u00e1 uma boa gest\u00e3o para os moradores do DF?<\/strong><\/p>\n<p>A m\u00e1xima do mais Brasil e menos Bras\u00edlia pode at\u00e9 ser bom para o Brasil, mas ser\u00e1 ruim para Bras\u00edlia. Reduzir o tamanho do Estado pode at\u00e9 ser necess\u00e1rio para o Brasil, mas prejudicar\u00e1 a economia do DF. O governo federal anunciou que cortar\u00e1 250 mil cargos p\u00fablicos, e, na \u00faltima semana, anunciou um Programa de Demiss\u00e3o das Estatais que atingir\u00e1 cerca de 25 mil empregados. Isso afetar\u00e1 diretamente nosso consumidor, aqui no Distrito Federal. Se 95% do PIB do DF \u00e9 de com\u00e9rcio e servi\u00e7o \u00e9 porque temos uma renda per capita elevada, em fun\u00e7\u00e3o do servidor p\u00fablico que tem renda superior ao trabalhador privado. Quando a perspectiva \u00e9 de retirada desse consumidor, a consequ\u00eancia ser\u00e1 a redu\u00e7\u00e3o do faturamento das empresas, com fechamento de neg\u00f3cios e mais desemprego. O que pode ser bom para o Brasil, pode ser o caos para Bras\u00edlia.<\/p>\n<p><strong>Como est\u00e1 a expectativa do setor produtivo para os pr\u00f3ximos anos no DF?<\/strong><\/p>\n<p>Agarrado na esperan\u00e7a. As primeiras a\u00e7\u00f5es do GDF foram de busca pelo destravamento da economia e redu\u00e7\u00e3o do custo tribut\u00e1rio. A possibilidade da venda de ativos, anunciada pelo GDF, pode significar mais dinheiro circulando no DF. A interlocu\u00e7\u00e3o com o meio empresarial est\u00e1 muito boa, o GDF tem buscado ouvir e construir junto com importantes movimentos empresariais, como o Codese e as Federa\u00e7\u00f5es. Importante que ele busque, tamb\u00e9m, os representantes dos trabalhadores, afinal a economia \u00e9 tripartiste, governo, empres\u00e1rio e trabalhadores, e eles todos devem participar dessa constru\u00e7\u00e3o para termos uma economia saud\u00e1vel.<\/p>\n<p><strong>Ainda acha que o caminho no DF \u00e9 privatizar empresas p\u00fablicas?<\/strong><\/p>\n<p>A cada dia que passa tenho mais convic\u00e7\u00e3o que devemos enfrentar esse tema e buscar esse caminho. N\u00e3o acho que a privatiza\u00e7\u00e3o deva ser decidida por raiva ou ideologia, mas por gest\u00e3o. Precisamos ampliar os servi\u00e7os para a sociedade e isso s\u00f3 \u00e9 poss\u00edvel com investimento e efici\u00eancia, caracter\u00edsticas da gest\u00e3o privada. \u00c9 s\u00f3 perguntarmos \u00e0 sociedade o que ela prefere, ser dona do servi\u00e7o ou ter acesso a ele. N\u00e3o tenho d\u00favida de que todos optaremos pelo acesso ao servi\u00e7o, independente de quem seja o dono da empresa. E o empregado que tiver condicionando a exist\u00eancia da sua empregabilidade \u00e0 natureza jur\u00eddica de seu empregador, p\u00fablico ou privado, j\u00e1 perdeu o emprego h\u00e1 muito tempo e n\u00e3o sabe.<\/p>\n<p>&nbsp;<\/p>\n<p>&nbsp;<\/p>\n","protected":false},"excerpt":{"rendered":"<p>Da Eixo Capital Valdir Oliveira, superintendente regional do Sebrae \u201cA m\u00e1xima do mais Brasil e menos Bras\u00edlia pode at\u00e9 ser bom para o Brasil, mas ser\u00e1 ruim para Bras\u00edlia\u201d As finan\u00e7as do DF est\u00e3o bem mais apertadas do que previa a campanha o governador Ibaneis Rocha. O que houve? Na pol\u00edtica temos dois momentos espec\u00edficos: o palanque e a gest\u00e3o. [&hellip;]<\/p>\n","protected":false},"author":9,"featured_media":13567,"comment_status":"open","ping_status":"closed","sticky":false,"template":"","format":"standard","meta":{"footnotes":""},"categories":[234],"tags":[179,1808,1809],"class_list":["post-15465","post","type-post","status-publish","format-standard","has-post-thumbnail","hentry","category-cb-poder","tag-df","tag-sebrae","tag-valdir-oliveira"],"_links":{"self":[{"href":"https:\/\/blogs.correiobraziliense.com.br\/cbpoder\/wp-json\/wp\/v2\/posts\/15465","targetHints":{"allow":["GET"]}}],"collection":[{"href":"https:\/\/blogs.correiobraziliense.com.br\/cbpoder\/wp-json\/wp\/v2\/posts"}],"about":[{"href":"https:\/\/blogs.correiobraziliense.com.br\/cbpoder\/wp-json\/wp\/v2\/types\/post"}],"author":[{"embeddable":true,"href":"https:\/\/blogs.correiobraziliense.com.br\/cbpoder\/wp-json\/wp\/v2\/users\/9"}],"replies":[{"embeddable":true,"href":"https:\/\/blogs.correiobraziliense.com.br\/cbpoder\/wp-json\/wp\/v2\/comments?post=15465"}],"version-history":[{"count":3,"href":"https:\/\/blogs.correiobraziliense.com.br\/cbpoder\/wp-json\/wp\/v2\/posts\/15465\/revisions"}],"predecessor-version":[{"id":15468,"href":"https:\/\/blogs.correiobraziliense.com.br\/cbpoder\/wp-json\/wp\/v2\/posts\/15465\/revisions\/15468"}],"wp:featuredmedia":[{"embeddable":true,"href":"https:\/\/blogs.correiobraziliense.com.br\/cbpoder\/wp-json\/wp\/v2\/media\/13567"}],"wp:attachment":[{"href":"https:\/\/blogs.correiobraziliense.com.br\/cbpoder\/wp-json\/wp\/v2\/media?parent=15465"}],"wp:term":[{"taxonomy":"category","embeddable":true,"href":"https:\/\/blogs.correiobraziliense.com.br\/cbpoder\/wp-json\/wp\/v2\/categories?post=15465"},{"taxonomy":"post_tag","embeddable":true,"href":"https:\/\/blogs.correiobraziliense.com.br\/cbpoder\/wp-json\/wp\/v2\/tags?post=15465"}],"curies":[{"name":"wp","href":"https:\/\/api.w.org\/{rel}","templated":true}]}}