{"id":15456,"date":"2019-05-24T08:08:31","date_gmt":"2019-05-24T11:08:31","guid":{"rendered":"https:\/\/blogs.correiobraziliense.com.br\/cbpoder\/?p=15456"},"modified":"2019-05-24T08:08:31","modified_gmt":"2019-05-24T11:08:31","slug":"nao-vamos-nos-acomodar-nos-gabinetes-vamos-levar-o-congresso-as-vitimas-diz-flavia-arruda","status":"publish","type":"post","link":"https:\/\/blogs.correiobraziliense.com.br\/cbpoder\/nao-vamos-nos-acomodar-nos-gabinetes-vamos-levar-o-congresso-as-vitimas-diz-flavia-arruda\/","title":{"rendered":"\u201cN\u00e3o vamos nos acomodar nos gabinetes, vamos levar o Congresso \u00e0s v\u00edtimas\u201d, diz Fl\u00e1via Arruda"},"content":{"rendered":"<h2><em><strong>\u00c0 QUEIMA-ROUPA<\/strong><\/em><\/h2>\n<p><strong>Deputada federal Fl\u00e1via Arruda (PR\/DF), coordenadora da Comiss\u00e3o Externa de Combate \u00e0 Viol\u00eancia Dom\u00e9stica no Congresso<\/strong><\/p>\n<p>&nbsp;<\/p>\n<p><strong>O governador Ibaneis Rocha acatou ontem uma sugest\u00e3o sua de impedir que policiais indiciados por viol\u00eancia contra a mulher mantenham suas armas. Acredita que haver\u00e1 rea\u00e7\u00e3o de policiais a essa medida?<\/strong><br \/>\nDe jeito nenhum. As corpora\u00e7\u00f5es da seguran\u00e7a p\u00fablica do DF t\u00eam os policiais mais bem preparados, pessoas que lidam com isso diariamente. Temos bel\u00edssimos exemplos e colaboradores dessa causa de combate \u00e0 viol\u00eancia contra a mulher. Os policiais n\u00e3o querem que um personagem manche a imagem de toda a corpora\u00e7\u00e3o por uma atitude individual. S\u00e3o exce\u00e7\u00f5es e, inclusive, temos de dar apoio a policiais que passam por problemas psicol\u00f3gicos. H\u00e1 muitos casos. Liguei para o governador, oficiei a ele pedido para um decreto que retirasse a arma de todos os servidores da seguran\u00e7a que est\u00e3o indiciados pela Lei Maria da Penha, n\u00e3o basta simplesmente a den\u00fancia de uma v\u00edtima. Enquanto estiverem sendo investigados que seja retirada a arma e o policial seja deslocado para trabalho na \u00e1rea administrativa. Sabemos que muitas vezes esses crimes acontecem na hora da forte emo\u00e7\u00e3o.<\/p>\n<p><strong>Como a Comiss\u00e3o Externa de Combate \u00e0 Viol\u00eancia Dom\u00e9stica vai atuar?<\/strong><br \/>\nVamos trabalhar no combate \u00e0 viol\u00eancia contra a mulher que virou uma epidemia no pa\u00eds. No DF, j\u00e1 tivemos 14 feminic\u00eddios apenas em 2019. Na Comiss\u00e3o, a gente tem trabalhado para aperfei\u00e7oar legisla\u00e7\u00f5es que j\u00e1 existem, como a Lei Maria da Penha. Tamb\u00e9m podemos pensar em novas leis que podem surgir durante o trabalho, mas principalmente na fiscaliza\u00e7\u00e3o delas. Precisamos ver se as redes de prote\u00e7\u00e3o e os protocolos de atendimento est\u00e3o sendo cumpridos. Devemos ainda recolher dados. Como \u00e9 uma comiss\u00e3o externa, n\u00e3o vamos nos acomodar nos gabinetes, vamos levar o Congresso \u00e0s v\u00edtimas.<\/p>\n<p><strong>Voc\u00ea tem recebido relatos e den\u00fancias de viol\u00eancia. Algum lhe impressionou mais?<\/strong><br \/>\nEm uma das audi\u00eancias, n\u00f3s recebemos um relato muito emblem\u00e1tico da B\u00e1rbara Pena, que foi v\u00edtima de viol\u00eancia no Rio Grande do Sul. Ela foi agredida e teve o apartamento todo queimado pelo agressor. Os filhos dela morreram nessa tentativa de homic\u00eddio e tamb\u00e9m um vizinho que tentou ajud\u00e1-la. H\u00e1 seis anos, ela vive esse processo de sofrimento, aguardando que ele seja julgado. Foi um caso que nos comoveu muito. Ela traz marcas no corpo. Ela tem um lado do corpo todo queimado e defici\u00eancia na locomo\u00e7\u00e3o. Depois de divulgarmos esse crime na comiss\u00e3o e gritado sobre esse caso, finalmente o j\u00fari foi marcado para o pr\u00f3ximo m\u00eas. A Comiss\u00e3o estar\u00e1 nesse julgamento acompanhando o desfecho dessa hist\u00f3ria. \u00c9 muito gratificante ver que o trabalho j\u00e1 deu frutos.<\/p>\n<p><strong>A onda conservadora do pa\u00eds provocou o aumento do machismo e a viol\u00eancia contra a mulher?<\/strong><br \/>\nA gente n\u00e3o pode afirmar isso. Precisar\u00edamos de dados concretos. Mas a gente tem a sensa\u00e7\u00e3o de que esses covardes t\u00eam se encorajado, o machismo tem aflorado. A mulher est\u00e1 ocupando cargos e posi\u00e7\u00f5es importantes o que t\u00eam causado nesses agressores, nesses covardes essa sensa\u00e7\u00e3o de que a mulher tem que ser inferior, submissa. Al\u00e9m disso, o est\u00edmulo \u00e0s armas, ao combate, ao enfrentamento t\u00eam, de certa forma, ajudado muito na viol\u00eancia contra a mulher e incentivado os feminic\u00eddios. As pessoas ainda n\u00e3o est\u00e3o preparadas para se armarem de forma incondicionada.<\/p>\n<p><strong>N\u00e3o adianta desarmar os policiais agressores se a popula\u00e7\u00e3o vai se armar\u2026<\/strong><br \/>\nExatamente. Vamos desarmar o policial porque \u00e9 uma medida que o governador pode tomar. Mas temos que desarmar todo mundo que tem qualquer hist\u00f3rico de processo no \u00e2mbito de Maria da Penha.<\/p>\n","protected":false},"excerpt":{"rendered":"<p>\u00c0 QUEIMA-ROUPA Deputada federal Fl\u00e1via Arruda (PR\/DF), coordenadora da Comiss\u00e3o Externa de Combate \u00e0 Viol\u00eancia Dom\u00e9stica no Congresso &nbsp; O governador Ibaneis Rocha acatou ontem uma sugest\u00e3o sua de impedir que policiais indiciados por viol\u00eancia contra a mulher mantenham suas armas. Acredita que haver\u00e1 rea\u00e7\u00e3o de policiais a essa medida? De jeito nenhum. As corpora\u00e7\u00f5es da seguran\u00e7a p\u00fablica do DF [&hellip;]<\/p>\n","protected":false},"author":9,"featured_media":15457,"comment_status":"open","ping_status":"closed","sticky":false,"template":"","format":"standard","meta":{"footnotes":""},"categories":[234],"tags":[],"class_list":["post-15456","post","type-post","status-publish","format-standard","has-post-thumbnail","hentry","category-cb-poder"],"_links":{"self":[{"href":"https:\/\/blogs.correiobraziliense.com.br\/cbpoder\/wp-json\/wp\/v2\/posts\/15456","targetHints":{"allow":["GET"]}}],"collection":[{"href":"https:\/\/blogs.correiobraziliense.com.br\/cbpoder\/wp-json\/wp\/v2\/posts"}],"about":[{"href":"https:\/\/blogs.correiobraziliense.com.br\/cbpoder\/wp-json\/wp\/v2\/types\/post"}],"author":[{"embeddable":true,"href":"https:\/\/blogs.correiobraziliense.com.br\/cbpoder\/wp-json\/wp\/v2\/users\/9"}],"replies":[{"embeddable":true,"href":"https:\/\/blogs.correiobraziliense.com.br\/cbpoder\/wp-json\/wp\/v2\/comments?post=15456"}],"version-history":[{"count":1,"href":"https:\/\/blogs.correiobraziliense.com.br\/cbpoder\/wp-json\/wp\/v2\/posts\/15456\/revisions"}],"predecessor-version":[{"id":15458,"href":"https:\/\/blogs.correiobraziliense.com.br\/cbpoder\/wp-json\/wp\/v2\/posts\/15456\/revisions\/15458"}],"wp:featuredmedia":[{"embeddable":true,"href":"https:\/\/blogs.correiobraziliense.com.br\/cbpoder\/wp-json\/wp\/v2\/media\/15457"}],"wp:attachment":[{"href":"https:\/\/blogs.correiobraziliense.com.br\/cbpoder\/wp-json\/wp\/v2\/media?parent=15456"}],"wp:term":[{"taxonomy":"category","embeddable":true,"href":"https:\/\/blogs.correiobraziliense.com.br\/cbpoder\/wp-json\/wp\/v2\/categories?post=15456"},{"taxonomy":"post_tag","embeddable":true,"href":"https:\/\/blogs.correiobraziliense.com.br\/cbpoder\/wp-json\/wp\/v2\/tags?post=15456"}],"curies":[{"name":"wp","href":"https:\/\/api.w.org\/{rel}","templated":true}]}}