{"id":15453,"date":"2019-05-24T07:59:36","date_gmt":"2019-05-24T10:59:36","guid":{"rendered":"https:\/\/blogs.correiobraziliense.com.br\/cbpoder\/?p=15453"},"modified":"2019-05-24T11:08:27","modified_gmt":"2019-05-24T14:08:27","slug":"no-df-4-deputados-votaram-para-tirar-coaf-das-maos-de-moro","status":"publish","type":"post","link":"https:\/\/blogs.correiobraziliense.com.br\/cbpoder\/no-df-4-deputados-votaram-para-tirar-coaf-das-maos-de-moro\/","title":{"rendered":"No DF, 4 deputados votaram para tirar Coaf das m\u00e3os de Moro"},"content":{"rendered":"<p><strong>Coluna Eixo Capital\/Por Ana Maria Campos<\/strong><\/p>\n<p>A bancada do Distrito Federal na C\u00e2mara ficou dividida na vota\u00e7\u00e3o da medida provis\u00f3ria da reforma administrativa que devolveu o Conselho de Controle de Atividades Financeiras (Coaf) ao Minist\u00e9rio da Economia. Os deputados Professor Israel (PV), Paula Belmonte (Cidadania) e Bia Kicis (PSL) votaram a favor da manuten\u00e7\u00e3o do \u00f3rg\u00e3o que fiscaliza transa\u00e7\u00f5es banc\u00e1rias suspeitas sob a batuta do ministro da Justi\u00e7a e Seguran\u00e7a P\u00fablica, S\u00e9rgio Moro. Fl\u00e1via Arruda (PR), Celina Le\u00e3o (PP), J\u00falio C\u00e9sar (PRB) e \u00c9rika Kokay (PT) se posicionaram contra a medida, posi\u00e7\u00e3o que acabou prevalecendo na maioria da C\u00e2mara dos Deputados e retirou poder de Moro. Lu\u00eds Miranda (DEM) estava ausente.<\/p>\n<h2><strong>\u201cImporta saber perder\u201d<\/strong><\/h2>\n<p>Quem votou pela transfer\u00eancia do Coaf para o Minist\u00e9rio da Economia defendeu a posi\u00e7\u00e3o de que o \u00f3rg\u00e3o sempre funcionou bem na \u00e1rea da Fazenda, inclusive durante as investiga\u00e7\u00f5es da Opera\u00e7\u00e3o Lava-Jato. O voto pela transfer\u00eancia para o Minist\u00e9rio comandado por S\u00e9rgio Moro \u00e9 justificado com um incremento no combate \u00e0 corrup\u00e7\u00e3o. Pelo Twitter, Moro comentou ontem a derrota no in\u00edcio da manh\u00e3: \u201cLamento o ocorrido. Fazer parte da democracia perder ou ganhar. Como se ganha ou se perde tamb\u00e9m tem relev\u00e2ncia. Agrade\u00e7o aos 210 deputados que apoiaram o MJSP e o plano de fortalecimento do Coaf\u201d.<\/p>\n<h2><strong>Cotado para a Casa Civil<\/strong><\/h2>\n<p>O procurador Marcelo Galv\u00e3o \u00e9 cotado como um dos poss\u00edveis nomes para a Casa Civil, na hip\u00f3tese de Jos\u00e9 Humberto Pires n\u00e3o topar o cargo ou se houver um desmembramento da pasta, com a cria\u00e7\u00e3o da Secretaria de Governo. Como o governador Ibaneis Rocha viajou ontem para Portugal, a decis\u00e3o deve sair apenas na volta. Filho do ministro aposentado do STF Galv\u00e3o foi procurador-geral do DF e irm\u00e3o da atual procuradora-geral, Ludmilla Lavocat Galv\u00e3o Vieira de Carvalho. Se a ideia prosperar, ser\u00e1 mais um advogado no n\u00facleo duro do governo.<\/p>\n<h2><strong>Press\u00e3o sobre o governo federal<\/strong><\/h2>\n<p>O Conselho de Planejamento Urbano e Territorial do DF aprovou ontem os projetos urban\u00edsticos dos trechos 2 e 4 de Vicente Pires. As glebas est\u00e3o em terras da Uni\u00e3o e as regras da venda direta ser\u00e3o definidas pelo governo federal. Com a regulariza\u00e7\u00e3o avan\u00e7ada nos lotes do GDF em Vicente Pires, ser\u00e1 grande a press\u00e3o pol\u00edtica sobre a Uni\u00e3o para acelerar a solu\u00e7\u00e3o para o problema.<\/p>\n<h2><strong>Rede de prote\u00e7\u00e3o \u00e0 Mulher<\/strong><\/h2>\n<p>Presidente da Frente Parlamentar dos Direitos da Mulher, a deputada federal Celina Le\u00e3o (PP\/DF) vai lan\u00e7ar um aplicativo para conectar volunt\u00e1rios que quiserem ajudar mulheres v\u00edtimas de viol\u00eancia, numa rede de prote\u00e7\u00e3o. Vai se chamar Mulheres do Bem. Celina pretende buscar a ajuda das frentes de apoio parlamentar a mulheres em todos os estados, para coordena\u00e7\u00f5es locais.<\/p>\n","protected":false},"excerpt":{"rendered":"<p>Coluna Eixo Capital\/Por Ana Maria Campos A bancada do Distrito Federal na C\u00e2mara ficou dividida na vota\u00e7\u00e3o da medida provis\u00f3ria da reforma administrativa que devolveu o Conselho de Controle de Atividades Financeiras (Coaf) ao Minist\u00e9rio da Economia. Os deputados Professor Israel (PV), Paula Belmonte (Cidadania) e Bia Kicis (PSL) votaram a favor da manuten\u00e7\u00e3o do \u00f3rg\u00e3o que fiscaliza transa\u00e7\u00f5es banc\u00e1rias [&hellip;]<\/p>\n","protected":false},"author":9,"featured_media":15454,"comment_status":"open","ping_status":"closed","sticky":false,"template":"","format":"standard","meta":{"footnotes":""},"categories":[234],"tags":[],"class_list":["post-15453","post","type-post","status-publish","format-standard","has-post-thumbnail","hentry","category-cb-poder"],"_links":{"self":[{"href":"https:\/\/blogs.correiobraziliense.com.br\/cbpoder\/wp-json\/wp\/v2\/posts\/15453","targetHints":{"allow":["GET"]}}],"collection":[{"href":"https:\/\/blogs.correiobraziliense.com.br\/cbpoder\/wp-json\/wp\/v2\/posts"}],"about":[{"href":"https:\/\/blogs.correiobraziliense.com.br\/cbpoder\/wp-json\/wp\/v2\/types\/post"}],"author":[{"embeddable":true,"href":"https:\/\/blogs.correiobraziliense.com.br\/cbpoder\/wp-json\/wp\/v2\/users\/9"}],"replies":[{"embeddable":true,"href":"https:\/\/blogs.correiobraziliense.com.br\/cbpoder\/wp-json\/wp\/v2\/comments?post=15453"}],"version-history":[{"count":2,"href":"https:\/\/blogs.correiobraziliense.com.br\/cbpoder\/wp-json\/wp\/v2\/posts\/15453\/revisions"}],"predecessor-version":[{"id":15459,"href":"https:\/\/blogs.correiobraziliense.com.br\/cbpoder\/wp-json\/wp\/v2\/posts\/15453\/revisions\/15459"}],"wp:featuredmedia":[{"embeddable":true,"href":"https:\/\/blogs.correiobraziliense.com.br\/cbpoder\/wp-json\/wp\/v2\/media\/15454"}],"wp:attachment":[{"href":"https:\/\/blogs.correiobraziliense.com.br\/cbpoder\/wp-json\/wp\/v2\/media?parent=15453"}],"wp:term":[{"taxonomy":"category","embeddable":true,"href":"https:\/\/blogs.correiobraziliense.com.br\/cbpoder\/wp-json\/wp\/v2\/categories?post=15453"},{"taxonomy":"post_tag","embeddable":true,"href":"https:\/\/blogs.correiobraziliense.com.br\/cbpoder\/wp-json\/wp\/v2\/tags?post=15453"}],"curies":[{"name":"wp","href":"https:\/\/api.w.org\/{rel}","templated":true}]}}