{"id":15397,"date":"2019-05-21T08:17:58","date_gmt":"2019-05-21T11:17:58","guid":{"rendered":"https:\/\/blogs.correiobraziliense.com.br\/cbpoder\/?p=15397"},"modified":"2019-05-21T08:17:58","modified_gmt":"2019-05-21T11:17:58","slug":"torcidas-aguardam-definicao-de-jose-humberto-na-casa-civil","status":"publish","type":"post","link":"https:\/\/blogs.correiobraziliense.com.br\/cbpoder\/torcidas-aguardam-definicao-de-jose-humberto-na-casa-civil\/","title":{"rendered":"Torcidas aguardam defini\u00e7\u00e3o de Jos\u00e9 Humberto na Casa Civil"},"content":{"rendered":"<p><strong>Coluna Eixo Capital\/Por Ana Maria Campos<\/strong><\/p>\n<p>H\u00e1 um jogo de torcida contra e a favor no meio pol\u00edtico para o sim do empres\u00e1rio Jos\u00e9 Humberto Pires como chefe da Casa Civil ou a algum cargo equivalente a ser criado na estrutura de poder para abrig\u00e1-lo. O assunto ferve nos bastidores. Muita gente aposta que ele pode se tornar n\u00e3o s\u00f3 o principal assessor do governador Ibaneis Rocha, como tamb\u00e9m um nome a crescer para as pr\u00f3ximas elei\u00e7\u00f5es. Jos\u00e9 Humberto est\u00e1 na Europa e s\u00f3 tomar\u00e1 uma decis\u00e3o na volta, na pr\u00f3xima semana.<\/p>\n<h2>\n<strong>Escudo do Planalto<\/strong><\/h2>\n<p>Kelly Bolsonaro, ao assumir o mandato na C\u00e2mara Legislativa, deve ter muito trabalho caso adote a postura de defensora do Presidente da Rep\u00fablica. Nos discursos e atua\u00e7\u00f5es da oposi\u00e7\u00e3o, os ataques ao Pal\u00e1cio do Planalto s\u00e3o bem mais veementes que os dirigidos ao Buriti.<\/p>\n<h2>\n<strong>Seriedade<\/strong><\/h2>\n<p>N\u00e3o \u00e9 Peppa como o \u201ce\u201d aberto como a porquinha que faz muito sucesso entre a crian\u00e7ada, como a coluna mostrou no \u00faltimo domingo. O prov\u00e1vel pr\u00f3ximo deputado suplente a assumir a C\u00e2mara Legislativa, Pepa, de Pedro Paulo de Oliveira, n\u00e3o gostou da compara\u00e7\u00e3o. Ele foi candidato pelo PSC representando Planaltina, onde \u00e9 conhecido pelo apelido. Servidor p\u00fablico de carreira do GDF, Pepa sonha assumir o mandato na hip\u00f3tese de licen\u00e7a do deputado Iolando (PSC), que deve ir para o Executivo. Pepa teve 10.048 votos e atualmente \u00e9 subsecret\u00e1rio de Cultura do DF.<\/p>\n<h2>\n<strong>De passagem<\/strong><\/h2>\n<p>O deputado Daniel Donizet (PSDB) n\u00e3o tem planos de ficar muito tempo como administrador regional do Gama. Ele entra no cargo para destituir a atual administradora, Juliana Navarra, a quem Donizet dirigiu palavras bem cr\u00edticas. Feito o servi\u00e7o, ele volta para a C\u00e2mara. O distrital pretende montar uma base pol\u00edtica na cidade, e a administradora estava atrapalhando.<\/p>\n<h2>\n<strong>Diverg\u00eancia<\/strong><\/h2>\n<p>O l\u00edder do governo na C\u00e2mara Legislativa, Cl\u00e1udio Abrantes (PDT), discorda da decis\u00e3o do governador Ibaneis Rocha (MDB) de cortar recursos do FAC (Fundo de Apoio \u00e0 Cultura) para destin\u00e1-los \u00e0 reforma do Teatro Nacional. Segundo Abrantes, que j\u00e1 foi ator, a Secretaria de Desenvolvimento Urbano e Habita\u00e7\u00e3o, com recursos do Fundurb (Fundo de Desenvolvimento Urbano do DF) podem ser repassados a essa finalidade.<\/p>\n<h2>\n<strong>Anti-Bolsonaro na equipe de Alcolumbre<\/strong><\/h2>\n<p><a href=\"https:\/\/blogs.correiobraziliense.com.br\/cbpoder\/derrotado-nas-urnas-helio-jose-ganha-cargo-no-senado\/\">Nomeado para um cargo na Presid\u00eancia do Senado<\/a>, o ex-senador H\u00e9lio Jos\u00e9 (Pros\/DF) pode agora oficializar sua presen\u00e7a no plen\u00e1rio. Desde que encerrou seu mandato, o ex-parlamentar costuma frequentar o Congresso, mesmo sem ter conseguido se eleger deputado federal, como era sua pretens\u00e3o nas \u00faltimas elei\u00e7\u00f5es. Ele ter\u00e1 um sal\u00e1rio de R$ 5.133,63 no cargo para o qual foi nomeado pelo presidente da Casa, Davi Alcolumbre (DEM\/AP). H\u00e9lio Jos\u00e9 n\u00e3o parece afinado com o novo chefe, aliado do presidente Jair Bolsonaro. O ex-senador defendeu voto no petista Fernando Haddad e, em discurso no plen\u00e1rio, atacou Bolsonaro: \u201cN\u00e3o votem nesse fascista, para n\u00e3o ter o Brasil com barricadas na rua! N\u00e3o votem nesse fascista do Bolsonaro, para que a gente n\u00e3o tenha um Brasil explosivo\u201d. E acrescentou: \u201cN\u00e3o \u00e9 poss\u00edvel que o Brasil escolha esse caminho das trevas, da escurid\u00e3o, da destrui\u00e7\u00e3o, de arma, de desonestidade, da desorienta\u00e7\u00e3o, da falta de proposta para a gera\u00e7\u00e3o de emprego, da falta de proposta para a economia\u201d.<\/p>\n<h2>\n<strong>Promessa de campanha em debate<\/strong><\/h2>\n<p>A cria\u00e7\u00e3o da regi\u00e3o administrativa do P\u00f4r do Sol e do Sol Nascente, uma das promessas do governador Ibaneis Rocha, ser\u00e1 avaliada pelo Conselho de Planejamento Territorial e Urbano (Conplan) nesta quinta-feira. Na reuni\u00e3o, a segunda da atual gest\u00e3o, os conselheiros tamb\u00e9m v\u00e3o discutir o plano urban\u00edstico das etapas 2 e 4 de Vicente Pires, al\u00e9m de um projeto do governo que desloca lotes da Embaixada da Alemanha para a beira do lago.<\/p>\n<h2>\n<strong>Quanto vale uma bandeira do Brasil?<\/strong><\/h2>\n<p>R$ 10.858,75. Esse \u00e9 o pre\u00e7o estimado em licita\u00e7\u00e3o do GDF para compra de bandeiras oficiais do Brasil, nos padr\u00f5es definidos em lei, para serem utilizadas no mastro da Pra\u00e7a dos Tr\u00eas Poderes, em trocas mensais programadas pelo Minist\u00e9rio da Defesa. O GDF pretende comprar 13, ao custo de R$ 141.163,75.<\/p>\n<h2>\n<strong>Acusa\u00e7\u00e3o comprovada<\/strong><\/h2>\n<p>Informa\u00e7\u00f5es prestadas pela Secretaria de Planejamento, Or\u00e7amento e Gest\u00e3o no curso da a\u00e7\u00e3o de improbidade administrativa da Opera\u00e7\u00e3o Delfos contra tr\u00eas servidores acusados de extors\u00e3o contra o Sindicato dos Servidores de Sa\u00fade (SindSa\u00fade) foram fundamentais para a confirma\u00e7\u00e3o das acusa\u00e7\u00f5es feitas pelo Minist\u00e9rio P\u00fablico do DF. Os servidores foram condenados na esfera penal em janeiro, por concuss\u00e3o e lavagem de dinheiro, e ontem saiu a senten\u00e7a na improbidade. Segundo a Secretaria de Planejamento, os funcion\u00e1rios envolvidos no caso n\u00e3o tinham compet\u00eancia administrativa para fazer exig\u00eancias \u00e0 entidade com o objetivo de renovar o cadastro para a libera\u00e7\u00e3o de autoriza\u00e7\u00e3o para que o SindSa\u00fade realizasse descontos consignados na folha de pagamentos de seus filiados. Ficou claro para a Justi\u00e7a que eles queriam arrancar dinheiro do sindicato, como denunciou a presidente da entidade, Marli Rodrigues, e apontou o promotor de Justi\u00e7a Lu\u00eds Henrique Ishihara.<\/p>\n<p><em><strong>Siga o dinheiro<\/strong><\/em><\/p>\n<p><em>R$ 573.439<\/em><\/p>\n<p>\u00c9 o montante previsto em preg\u00e3o eletr\u00f4nico do Departamento de Estradas de Rodagem (DER) para presta\u00e7\u00e3o dos servi\u00e7os de manuten\u00e7\u00e3o preventiva e corretiva dos aparelhos de ar-condicionado do \u00f3rg\u00e3o.<\/p>\n","protected":false},"excerpt":{"rendered":"<p>Coluna Eixo Capital\/Por Ana Maria Campos H\u00e1 um jogo de torcida contra e a favor no meio pol\u00edtico para o sim do empres\u00e1rio Jos\u00e9 Humberto Pires como chefe da Casa Civil ou a algum cargo equivalente a ser criado na estrutura de poder para abrig\u00e1-lo. O assunto ferve nos bastidores. Muita gente aposta que ele pode se tornar n\u00e3o s\u00f3 [&hellip;]<\/p>\n","protected":false},"author":9,"featured_media":15398,"comment_status":"open","ping_status":"closed","sticky":false,"template":"","format":"standard","meta":{"footnotes":""},"categories":[234],"tags":[],"class_list":["post-15397","post","type-post","status-publish","format-standard","has-post-thumbnail","hentry","category-cb-poder"],"_links":{"self":[{"href":"https:\/\/blogs.correiobraziliense.com.br\/cbpoder\/wp-json\/wp\/v2\/posts\/15397","targetHints":{"allow":["GET"]}}],"collection":[{"href":"https:\/\/blogs.correiobraziliense.com.br\/cbpoder\/wp-json\/wp\/v2\/posts"}],"about":[{"href":"https:\/\/blogs.correiobraziliense.com.br\/cbpoder\/wp-json\/wp\/v2\/types\/post"}],"author":[{"embeddable":true,"href":"https:\/\/blogs.correiobraziliense.com.br\/cbpoder\/wp-json\/wp\/v2\/users\/9"}],"replies":[{"embeddable":true,"href":"https:\/\/blogs.correiobraziliense.com.br\/cbpoder\/wp-json\/wp\/v2\/comments?post=15397"}],"version-history":[{"count":1,"href":"https:\/\/blogs.correiobraziliense.com.br\/cbpoder\/wp-json\/wp\/v2\/posts\/15397\/revisions"}],"predecessor-version":[{"id":15399,"href":"https:\/\/blogs.correiobraziliense.com.br\/cbpoder\/wp-json\/wp\/v2\/posts\/15397\/revisions\/15399"}],"wp:featuredmedia":[{"embeddable":true,"href":"https:\/\/blogs.correiobraziliense.com.br\/cbpoder\/wp-json\/wp\/v2\/media\/15398"}],"wp:attachment":[{"href":"https:\/\/blogs.correiobraziliense.com.br\/cbpoder\/wp-json\/wp\/v2\/media?parent=15397"}],"wp:term":[{"taxonomy":"category","embeddable":true,"href":"https:\/\/blogs.correiobraziliense.com.br\/cbpoder\/wp-json\/wp\/v2\/categories?post=15397"},{"taxonomy":"post_tag","embeddable":true,"href":"https:\/\/blogs.correiobraziliense.com.br\/cbpoder\/wp-json\/wp\/v2\/tags?post=15397"}],"curies":[{"name":"wp","href":"https:\/\/api.w.org\/{rel}","templated":true}]}}