{"id":15376,"date":"2019-05-20T07:50:36","date_gmt":"2019-05-20T10:50:36","guid":{"rendered":"https:\/\/blogs.correiobraziliense.com.br\/cbpoder\/?p=15376"},"modified":"2019-05-20T17:43:58","modified_gmt":"2019-05-20T20:43:58","slug":"petistas-levam-comando-do-sindicato-dos-bancarios-do-df","status":"publish","type":"post","link":"https:\/\/blogs.correiobraziliense.com.br\/cbpoder\/petistas-levam-comando-do-sindicato-dos-bancarios-do-df\/","title":{"rendered":"Petistas levam comando do Sindicato dos Banc\u00e1rios do DF"},"content":{"rendered":"<p><strong>Coluna Eixo Capital\/Por Ana Maria Campos<\/strong><\/p>\n<p>Grupo ligado ao PT e ao PCdoB na disputa pelo comando do Sindicato dos Banc\u00e1rios do DF saiu vitorioso, no s\u00e1bado (18\/5), com 5.544 votos, correspondente a 65,88% do total. Liderada por Kleytton Morais, a chapa teve o apoio da presidente do PT\/DF, deputada federal \u00c9rika Kokay, do distrital Chico Vigilante e do ex-dirigente da entidade Geraldo Magela. A outra chapa teve apoio do PSol. Foi uma vit\u00f3ria para Kokay, que entrou na pol\u00edtica como presidente do sindicato.<\/p>\n<h2><strong>Dirceu antes de se entregar \u00e0 PF: &#8220;Vulc\u00e3o j\u00e1 est\u00e1 em erup\u00e7\u00e3o&#8221;<\/strong><\/h2>\n<p>Antes de se entregar \u00e0 Pol\u00edcia Federal na noite de sexta-feira para cumprir a pena da mais recente condena\u00e7\u00e3o, a oito anos e 10 meses de pris\u00e3o pelos crimes de corrup\u00e7\u00e3o e lavagem de dinheiro na Opera\u00e7\u00e3o Lava-Jato, o ex-ministro Jos\u00e9 Dirceu enviou uma mensagem para militantes do PT. \u201cEstamos aqui nos preparando para mais essa trincheira de luta\u201d, disse. E acrescentou: \u201cO Brasil j\u00e1 est\u00e1 mudando. O vulc\u00e3o j\u00e1 est\u00e1 em erup\u00e7\u00e3o\u201d.<\/p>\n<h2><strong>Mesmo lugar no p\u00f3dio<\/strong><\/h2>\n<p>No Distrito Federal, homens e mulheres devem receber a mesma premia\u00e7\u00e3o em suas respectivas categorias nos eventos e competi\u00e7\u00f5es esportivas. \u00c9 o que garante uma lei, de autoria do deputado Eduardo Pedrosa (PTC), sancionada pelo governador Ibaneis Rocha. A lei veda qualquer discrimina\u00e7\u00e3o \u00e0 atleta, na concess\u00e3o de valores, apoio ou patroc\u00ednio, de eventos art\u00edsticos, culturais e nas premia\u00e7\u00f5es relativas \u00e0s competi\u00e7\u00f5es esportivas e paraesportiva promovidas por entidades ou ligas desportivas realizadas no Distrito Federal.<\/p>\n<h2><strong>Pr\u00eamio maior para eles<\/strong><\/h2>\n<p>O deputado Eduardo Pedrosa diz que n\u00e3o queria ver acontecer em Bras\u00edlia o que viu numa competi\u00e7\u00e3o de skate em Santa Catarina. Uma imagem mostrava os vencedores da competi\u00e7\u00e3o, com cada atleta segurando seu cheque com a premia\u00e7\u00e3o. Enquanto Yndiara Asp recebeu R$ 5 mil pelo primeiro lugar no torneio feminino, Pedro Barros levou R$ 17 mil ap\u00f3s ser campe\u00e3o no masculino, ambos na mesma categoria.<\/p>\n<h2><strong>Pensando no convite<\/strong><\/h2>\n<p>Em viagem \u00e0 It\u00e1lia e Gr\u00e9cia, o empres\u00e1rio Jos\u00e9 Humberto Pires estuda o convite do governador Ibaneis Rocha para assumir o comando da Casa Civil. Ibaneis escalou at\u00e9 interlocutores, amigos de Jos\u00e9 Humberto, para tentar convenc\u00ea-lo. Ele j\u00e1 est\u00e1 no governo como colaborador, mas n\u00e3o topava ser nomeado para cargo p\u00fablico. Al\u00e9m disso, Jos\u00e9 Humberto prefere tocar a\u00e7\u00f5es do Executivo e n\u00e3o fazer articula\u00e7\u00f5es pol\u00edticas. Por isso, a estrutura da Casa Civil pode mudar para encaix\u00e1-lo.<\/p>\n<h2><strong>Pre\u00e7os de lotes calculados no smartphone<\/strong><\/h2>\n<p>Propriet\u00e1ria de seis mil lotes em 54 condom\u00ednios de Sobradinho, a Urbanizadora Paranoazinho criou um <a href=\"http:\/\/www.upsa.com.br\/simulador\/?m19=1\">simulador de pre\u00e7os on-line<\/a> para que os moradores possam calcular no computador ou no pr\u00f3prio smartphone o custo do lote que ter\u00e3o de adquirir para a regulariza\u00e7\u00e3o de suas casas. A plataforma tem como par\u00e2metros os pre\u00e7os discutidos na \u00faltima reuni\u00e3o de media\u00e7\u00e3o com o governador Ibaneis Rocha (MDB), em abril. Os valores variam de R$ 11 mil a R$ 90 mil por lote. Na \u00faltima reuni\u00e3o, Ibaneis chegou a bater boca com uma advogada de condom\u00ednio que resistia a um acordo. O pr\u00f3prio governador teve seu primeiro im\u00f3vel comprado em 30 parcelas no condom\u00ednio Solar de Athenas, regi\u00e3o do Grande Colorado.<\/p>\n<h2><strong>Letras<\/strong><\/h2>\n<p>O advogado e poeta Luis Carlos Alcoforado promover\u00e1, no pr\u00f3ximo s\u00e1bado, sess\u00e3o de aut\u00f3grafos dos seus mais recentes livros Incompletude e Rel\u00f3gio do Tempo, no Espa\u00e7o Cult Paulo Octavio (208\/209 Norte). O encontro que acontecer\u00e1, a partir de 10h30, contar\u00e1 ainda com apresenta\u00e7\u00e3o da composi\u00e7\u00e3o de Bossa, criada pelo maestro Ricardo Calderoni e baseada no poema hom\u00f4nimo de Alcoforado. Al\u00e9m do direito, Luis Carlos navega construiu um rico universo po\u00e9tico que j\u00e1 rendeu mais de sete publica\u00e7\u00f5es. Na dramaturgia, Alcoforado escreveu diversas pe\u00e7as e publicou Tr\u00eas hist\u00f3rias: Escombros, Dona Gina e A \u00daltima Esta\u00e7\u00e3o (2016).<\/p>\n<h2><strong>Da equipe de Rollemberg para o Inep de Bolsonaro<\/strong><\/h2>\n<p>Servidor de carreira da \u00e1rea de com\u00e9rcio exterior, o novo presidente do Instituto Nacional de Estudos e Pesquisas Educacionais An\u00edsio Teixeira (Inep), Alexandre Lopes, foi integrante da equipe econ\u00f4mica do governo Rollemberg. Foi adjunto da Secretaria de Planejamento e da Casa Civil. Ser\u00e1 o terceiro chefe do \u00f3rg\u00e3o respons\u00e1vel pelo Enem sob o comando do presidente Jair Bolsonaro.<\/p>\n<h2><strong>Construindo uma bancada<\/strong><\/h2>\n<p>Com a ida do distrital Daniel Donizet (PSDB) para a Administra\u00e7\u00e3o do Gama e as negocia\u00e7\u00f5es com o deputado Iolando (PSC) para assumir um cargo no governo, Ibaneis Rocha (MDB) tenta construir uma base fiel na C\u00e2mara Legislativa. Quer tranquilidade para aprovar projetos, sem negocia\u00e7\u00f5es no varejo.<\/p>\n<h2><strong>Deputado Peppa na fila<\/strong><\/h2>\n<p>Se o deputado Iolando (PSC) assumir um cargo no governo, Peppa (PSC) pode virar deputado distrital. O servidor p\u00fablico federal teve 10.048 votos. Ficou na supl\u00eancia, atr\u00e1s do Pastor Daniel de Castro (PSC), que exerce a fun\u00e7\u00e3o de administrador regional de Vicente Pires.<\/p>\n<h2><strong>Mandou bem<\/strong><\/h2>\n<p>Ouvindo reclama\u00e7\u00f5es generalizadas, o secret\u00e1rio de Fazenda, Planejamento, Or\u00e7amento e Gest\u00e3o, Andr\u00e9 Clemente, decidiu voltar atr\u00e1s e manter o Programa Nota Legal.<\/p>\n<h2><strong>Mandou mal<\/strong><\/h2>\n<p>Secretaria de Sa\u00fade aponta que de janeiro at\u00e9 27 de abril, foram notificados 14.436 casos de dengue no DF. O n\u00famero \u00e9 10 vezes maior do que o registrado no mesmo per\u00edodo do ano passado.<\/p>\n<h2><strong>Enquanto isso&#8230; Na sala de Justi\u00e7a<\/strong><\/h2>\n<p>A Justi\u00e7a determinou o prosseguimento de um processo que discute a legalidade de veicula\u00e7\u00e3o de propaganda em um painel no Setor Banc\u00e1rio Sul. Ap\u00f3s v\u00e1rias decis\u00f5es do juiz Carlos Maroja criticando a polui\u00e7\u00e3o visual gerada pela estrutura e apontando a ilegalidade do funcionamento do painel, a empresa Metr\u00f3poles M\u00eddia, do ex-senador Luiz Estev\u00e3o, requereu desist\u00eancia do processo. Mas, a pedido do Minist\u00e9rio P\u00fablico, o juiz Maroja, da Vara de Meio Ambiente e Desenvolvimento Urbano, determinou o prosseguimento do feito. Ele acatou os argumentos do MP de que o tema \u00e9 de interesse coletivo.<\/p>\n<h2><strong>A pergunta que n\u00e3o quer calar<\/strong><\/h2>\n<p>H\u00e1 raz\u00e3o para se falar em impeachment do presidente Jair Bolsonaro neste momento, como se v\u00ea nas redes sociais?<\/p>\n<h2><em><strong>S\u00f3 papo<\/strong><\/em><\/h2>\n<blockquote>\n<p style=\"text-align: right\">\u201cAo deixar seu trabalho de juiz para assumir o cargo de ministro, Moro levantou suspeita sobre sua isen\u00e7\u00e3o ao julgar o presidente Lula. Ao confirmar um acordo pr\u00e9vio para faz\u00ea-lo ministro do Supremo, o presidente Bolsonaro est\u00e1 ampliando a suspeita. Ao ir \u00e0 sabatina, o tema ser\u00e1 debatido\u201d<br \/>\n<strong>Ex-senador Cristovam Buarque (Cidadania\/DF)<\/strong><\/p>\n<p style=\"text-align: right\">\u201cDeixe de besteirol. Voc\u00ea deveria ter vergonha de ficar insuflando esse povinho de Lula Livre. Desonestidade intelectual? Porque burro voc\u00ea n\u00e3o \u00e9\u201d<br \/>\n<strong>Deputada Bia Kicis (PSL\/DF)<\/strong><\/p>\n<\/blockquote>\n","protected":false},"excerpt":{"rendered":"<p>Coluna Eixo Capital\/Por Ana Maria Campos Grupo ligado ao PT e ao PCdoB na disputa pelo comando do Sindicato dos Banc\u00e1rios do DF saiu vitorioso, no s\u00e1bado (18\/5), com 5.544 votos, correspondente a 65,88% do total. Liderada por Kleytton Morais, a chapa teve o apoio da presidente do PT\/DF, deputada federal \u00c9rika Kokay, do distrital Chico Vigilante e do ex-dirigente [&hellip;]<\/p>\n","protected":false},"author":9,"featured_media":15377,"comment_status":"open","ping_status":"closed","sticky":false,"template":"","format":"standard","meta":{"footnotes":""},"categories":[234],"tags":[],"class_list":["post-15376","post","type-post","status-publish","format-standard","has-post-thumbnail","hentry","category-cb-poder"],"_links":{"self":[{"href":"https:\/\/blogs.correiobraziliense.com.br\/cbpoder\/wp-json\/wp\/v2\/posts\/15376","targetHints":{"allow":["GET"]}}],"collection":[{"href":"https:\/\/blogs.correiobraziliense.com.br\/cbpoder\/wp-json\/wp\/v2\/posts"}],"about":[{"href":"https:\/\/blogs.correiobraziliense.com.br\/cbpoder\/wp-json\/wp\/v2\/types\/post"}],"author":[{"embeddable":true,"href":"https:\/\/blogs.correiobraziliense.com.br\/cbpoder\/wp-json\/wp\/v2\/users\/9"}],"replies":[{"embeddable":true,"href":"https:\/\/blogs.correiobraziliense.com.br\/cbpoder\/wp-json\/wp\/v2\/comments?post=15376"}],"version-history":[{"count":2,"href":"https:\/\/blogs.correiobraziliense.com.br\/cbpoder\/wp-json\/wp\/v2\/posts\/15376\/revisions"}],"predecessor-version":[{"id":15394,"href":"https:\/\/blogs.correiobraziliense.com.br\/cbpoder\/wp-json\/wp\/v2\/posts\/15376\/revisions\/15394"}],"wp:featuredmedia":[{"embeddable":true,"href":"https:\/\/blogs.correiobraziliense.com.br\/cbpoder\/wp-json\/wp\/v2\/media\/15377"}],"wp:attachment":[{"href":"https:\/\/blogs.correiobraziliense.com.br\/cbpoder\/wp-json\/wp\/v2\/media?parent=15376"}],"wp:term":[{"taxonomy":"category","embeddable":true,"href":"https:\/\/blogs.correiobraziliense.com.br\/cbpoder\/wp-json\/wp\/v2\/categories?post=15376"},{"taxonomy":"post_tag","embeddable":true,"href":"https:\/\/blogs.correiobraziliense.com.br\/cbpoder\/wp-json\/wp\/v2\/tags?post=15376"}],"curies":[{"name":"wp","href":"https:\/\/api.w.org\/{rel}","templated":true}]}}