{"id":15323,"date":"2019-05-14T08:14:51","date_gmt":"2019-05-14T11:14:51","guid":{"rendered":"https:\/\/blogs.correiobraziliense.com.br\/cbpoder\/?p=15323"},"modified":"2019-05-14T08:14:51","modified_gmt":"2019-05-14T11:14:51","slug":"ganham-a-industria-das-armas-e-as-milicias-diz-ex-secretario-do-df-sobre-decreto-de-bolsonaro","status":"publish","type":"post","link":"https:\/\/blogs.correiobraziliense.com.br\/cbpoder\/ganham-a-industria-das-armas-e-as-milicias-diz-ex-secretario-do-df-sobre-decreto-de-bolsonaro\/","title":{"rendered":"\u201cGanham a ind\u00fastria das armas e as mil\u00edcias\u201d, diz ex-secret\u00e1rio do DF sobre decreto de Bolsonaro"},"content":{"rendered":"<p><strong>Coluna Eixo Capital\/Por Ana Maria Campos<\/strong><\/p>\n<h2><em><strong>\u00c0 QUEIMA-ROUPA<\/strong><\/em><\/h2>\n<p><strong>Arthur Trindade<\/strong>, Ex-secret\u00e1rio de Seguran\u00e7a P\u00fablica e Paz Social, Professor do Departamento de Sociologia da Universidade de Bras\u00edlia (UnB), coordenador do N\u00facleo de Estudos sobre Viol\u00eancia e Cidadania (NEVIS\/UnB) e membro do F\u00f3rum Brasileiro de Seguran\u00e7a P\u00fablica<\/p>\n<p><strong>O decreto do presidente Bolsonaro que facilita o porte de armas e muni\u00e7\u00f5es \u00e9 a desconstru\u00e7\u00e3o do Estatuto do Desarmamento?<\/strong><br \/>\nSim. Ao contr\u00e1rio do que o presidente disse, o decreto ultrapassou os limites da lei e alterou profundamente o Estatuto do Desarmamento. O que \u00e9 inconstitucional.<\/p>\n<p><strong>O que \u00e9 mais impactante nas mudan\u00e7as?<\/strong><br \/>\nO decreto amplia radicalmente o n\u00famero de pessoas que poder\u00e3o portar armas. Hoje, s\u00e3o cerca de 36 mil. Com o decreto, ser\u00e3o mais de 19 milh\u00f5es.<\/p>\n<p><strong>Qual \u00e9 o preju\u00edzo para o combate \u00e0 criminalidade?<\/strong><br \/>\nOs preju\u00edzos ser\u00e3o enormes. O pr\u00f3prio ministro S\u00e9rgio Moro admitiu que o decreto n\u00e3o visou melhorar a seguran\u00e7a p\u00fablica, mas, sim, atender a uma promessa de campanha.<\/p>\n<p><strong>Vai aumentar o com\u00e9rcio de armas?<\/strong><br \/>\nSem d\u00favida. Lembro que hoje a maior parte das armas apreendidas foram compradas legalmente e depois de extraviadas ca\u00edram nas m\u00e3os de criminosos.<\/p>\n<p><strong>Quem perde?<\/strong><br \/>\nPerdem os cidad\u00e3os que ter\u00e3o que viver numa sociedade mais armada. O decreto tamb\u00e9m vai atrapalhar o trabalho dos policiais.<\/p>\n<p><strong>Quem ganha?<\/strong><br \/>\nCertamente, a ind\u00fastria de armas. As fac\u00e7\u00f5es e mil\u00edcias tamb\u00e9m poder\u00e3o contratar \u201claranjas\u201d para comprar cinco armas e 5 mil muni\u00e7\u00f5es cada.<\/p>\n","protected":false},"excerpt":{"rendered":"<p>Coluna Eixo Capital\/Por Ana Maria Campos \u00c0 QUEIMA-ROUPA Arthur Trindade, Ex-secret\u00e1rio de Seguran\u00e7a P\u00fablica e Paz Social, Professor do Departamento de Sociologia da Universidade de Bras\u00edlia (UnB), coordenador do N\u00facleo de Estudos sobre Viol\u00eancia e Cidadania (NEVIS\/UnB) e membro do F\u00f3rum Brasileiro de Seguran\u00e7a P\u00fablica O decreto do presidente Bolsonaro que facilita o porte de armas e muni\u00e7\u00f5es \u00e9 a [&hellip;]<\/p>\n","protected":false},"author":9,"featured_media":15324,"comment_status":"open","ping_status":"closed","sticky":false,"template":"","format":"standard","meta":{"footnotes":""},"categories":[234],"tags":[],"class_list":["post-15323","post","type-post","status-publish","format-standard","has-post-thumbnail","hentry","category-cb-poder"],"_links":{"self":[{"href":"https:\/\/blogs.correiobraziliense.com.br\/cbpoder\/wp-json\/wp\/v2\/posts\/15323","targetHints":{"allow":["GET"]}}],"collection":[{"href":"https:\/\/blogs.correiobraziliense.com.br\/cbpoder\/wp-json\/wp\/v2\/posts"}],"about":[{"href":"https:\/\/blogs.correiobraziliense.com.br\/cbpoder\/wp-json\/wp\/v2\/types\/post"}],"author":[{"embeddable":true,"href":"https:\/\/blogs.correiobraziliense.com.br\/cbpoder\/wp-json\/wp\/v2\/users\/9"}],"replies":[{"embeddable":true,"href":"https:\/\/blogs.correiobraziliense.com.br\/cbpoder\/wp-json\/wp\/v2\/comments?post=15323"}],"version-history":[{"count":1,"href":"https:\/\/blogs.correiobraziliense.com.br\/cbpoder\/wp-json\/wp\/v2\/posts\/15323\/revisions"}],"predecessor-version":[{"id":15325,"href":"https:\/\/blogs.correiobraziliense.com.br\/cbpoder\/wp-json\/wp\/v2\/posts\/15323\/revisions\/15325"}],"wp:featuredmedia":[{"embeddable":true,"href":"https:\/\/blogs.correiobraziliense.com.br\/cbpoder\/wp-json\/wp\/v2\/media\/15324"}],"wp:attachment":[{"href":"https:\/\/blogs.correiobraziliense.com.br\/cbpoder\/wp-json\/wp\/v2\/media?parent=15323"}],"wp:term":[{"taxonomy":"category","embeddable":true,"href":"https:\/\/blogs.correiobraziliense.com.br\/cbpoder\/wp-json\/wp\/v2\/categories?post=15323"},{"taxonomy":"post_tag","embeddable":true,"href":"https:\/\/blogs.correiobraziliense.com.br\/cbpoder\/wp-json\/wp\/v2\/tags?post=15323"}],"curies":[{"name":"wp","href":"https:\/\/api.w.org\/{rel}","templated":true}]}}