{"id":15295,"date":"2019-05-12T14:14:02","date_gmt":"2019-05-12T17:14:02","guid":{"rendered":"https:\/\/blogs.correiobraziliense.com.br\/cbpoder\/?p=15295"},"modified":"2019-05-12T14:14:02","modified_gmt":"2019-05-12T17:14:02","slug":"os-jovens-senhores-da-politica-na-camara-legislativa-do-df","status":"publish","type":"post","link":"https:\/\/blogs.correiobraziliense.com.br\/cbpoder\/os-jovens-senhores-da-politica-na-camara-legislativa-do-df\/","title":{"rendered":"Os jovens senhores da pol\u00edtica da C\u00e2mara Legislativa do DF"},"content":{"rendered":"<p><strong>Coluna Eixo Capital\/Por Ana Maria Campos<\/strong><\/p>\n<p>Eles s\u00e3o os mais jovens pol\u00edticos com mandato no Distrito Federal. Os distritais Eduardo Pedrosa (PTC), de 29 anos, F\u00e1bio F\u00e9lix (PSol), J\u00falia Lucy (Novo) e Leandro Grass (Rede), de 33 anos, e Rafael Prudente (MDB), 35 anos, conquistaram espa\u00e7os que pol\u00edticos mais experientes deixaram para tr\u00e1s num momento em que a renova\u00e7\u00e3o tem sido a palavra de ordem.<\/p>\n<p>Filho e sobrinho de pol\u00edticos, Eduardo Pedrosa busca caminho pr\u00f3prio. O pai, que tem o mesmo nome, sempre foi um articulador de bastidores, mas nunca exerceu mandato. Agora s\u00f3 d\u00e1 conselhos como qualquer pai, sem grandes intromiss\u00f5es nos rumos. A tia, Eliana Pedrosa, foi distrital e chegou perto de ser governadora, mas agora tamb\u00e9m se afastou.<\/p>\n<p>F\u00e1bio F\u00e9lix conquistou um mandato que outros integrantes de seu partido com longa viv\u00eancia na atividade pol\u00edtica n\u00e3o conseguiram, como Toninho do PSol e Maninha \u2014 ela exerceu mandato pelo PT, mas nunca obteve sucesso pelo PSol.<\/p>\n<p>J\u00falia Lucy foi a \u00fanica candidata do Novo eleita no DF. Jovem e bonita, tenta vencer o preconceito de que, com esses atributos, n\u00e3o poderia ser competente. Usa \u00f3culos de grau para inspirar seriedade e opta por roupas mais s\u00f3brias para ser respeitada.<\/p>\n<p>Leandro Grass ocupou um espa\u00e7o que a Rede perdeu com a sa\u00edda de Chico Leite da vida partid\u00e1ria, depois da derrota na disputa ao Senado, no ano passado. Grass era oposi\u00e7\u00e3o interna ao ex-distrital e tenta assumir o controle do partido.<\/p>\n<p>Coisa que Rafael Prudente, presidente da C\u00e2mara Legislativa,<a href=\"https:\/\/blogs.correiobraziliense.com.br\/cbpoder\/rafael-prudente-e-o-novo-presidente-do-mdb-df\/\"> conseguiu nesta semana ao se eleger presidente regional do MDB\/DF<\/a>, no lugar que h\u00e1 duas d\u00e9cadas era ocupado por Tadeu Filippelli. Tem tudo para chegar bem mais longe que o pai, Leonardo Prudente, principalmente se continuar longe das den\u00fancias de corrup\u00e7\u00e3o.<\/p>\n<h2>\n<strong>Elas fazem, e fazem bem<\/strong><\/h2>\n<p>A Fecom\u00e9rcio-DF lan\u00e7ou a C\u00e2mara de Mulheres Empreendedoras e Gestoras de Neg\u00f3cios do Distrito Federal. Mais de 90 pessoas participaram do encontro, na \u00faltima ter\u00e7a-feira, entre parlamentares, empres\u00e1rias e representantes da sociedade civil. \u00c9 a primeira c\u00e2mara criada na gest\u00e3o do presidente da Federa\u00e7\u00e3o, Francisco Maia. A C\u00e2mara de Mulheres foi composta por 10 conselheiras not\u00e1veis, 26 representantes da sociedade civil e 26 dos sindicatos patronais.<\/p>\n<h2>\n<strong>Flavia Arruda: \u201cBancada de Bras\u00edlia tem que estar unida\u201d<\/strong><\/h2>\n<p>A deputada Fl\u00e1via Arruda (PR\/DF) obviamente n\u00e3o gostou de ser chamada de arrogante, como a coluna mostrou ontem, pela deputada Paula Belmonte (Cidadania\/DF), mas publicamente preferiu n\u00e3o alimentar o embate. Disse \u00e0 Eixo Capital: \u201cA bancada de Bras\u00edlia tem que estar unida para trazer recursos para a cidade\u201d. S\u00f3 isso. Sem uma pitada de pimenta.<\/p>\n<h2>\n<strong>Embarque para NY<\/strong><\/h2>\n<p>Na comitiva do presidente da C\u00e2mara, Rodrigo Maia (DEM\/RJ), a deputada Fl\u00e1via Arruda embarca hoje para Nova York. A pauta \u00e9 econ\u00f4mica: visita a grandes bancos.<\/p>\n<h2>\n<strong>Aposta dos pol\u00edticos<\/strong><\/h2>\n<p>Vicente Pires foi uma das apostas de investimentos do ex-governador Rodrigo Rollemberg (PSB) e \u00e9 agora tamb\u00e9m a de Ibaneis Rocha, que criou uma for\u00e7a-tarefa e ontem esteve l\u00e1, na Feira do Produtor. Mas o problema de infraestrutura persiste. Culpa do crescimento desordenado.<\/p>\n<h2>\n<strong>Nosso Lago<\/strong><\/h2>\n<p>Arquitetos, urbanistas e ambientalistas lan\u00e7aram, nesta semana, o Movimento Nosso Lago. O grupo da sociedade civil organizada surgiu para defender a manuten\u00e7\u00e3o da orla do Lago Parano\u00e1 desobstru\u00edda e com estrutura sustent\u00e1vel de uso p\u00fablico. O tema gerou controv\u00e9rsia na campanha, quando o ent\u00e3o candidato Ibaneis Rocha questionou o modelo de desocupa\u00e7\u00e3o da orla capitaneado pelo governo Rodrigo Rollemberg. Manifestaram apoio ao movimento entidades como o Instituto de Arquitetos do Brasil (IAB), o Movimento Ocupe o Lago, o f\u00f3rum Urbanistas por Bras\u00edlia, o movimento Rodas da Paz, o Conselho de Arquitetura e Urbanismo e promotorias de Defesa do Meio Ambiente do MP, al\u00e9m de deputados distritais.<\/p>\n<h2>\n<strong>Sem consenso<\/strong><\/h2>\n<p>Promotores e procuradores de Justi\u00e7a do DF ficaram incomodados com a decis\u00e3o de prestigiar com uma medalha o presidente Jair Bolsonaro. <a href=\"https:\/\/blogs.correiobraziliense.com.br\/cbpoder\/bolsonaro-sera-homenageado-pelo-mpdft\/\">A homenagem ocorrer\u00e1 em 14 de junho no audit\u00f3rio do Minist\u00e9rio P\u00fablico do DF<\/a>. \u201cQuem n\u00e3o tem atua\u00e7\u00e3o sobre as causas que o MP tem por fun\u00e7\u00e3o Constitucional defender, n\u00e3o tem por que ser homenageado\u201d, afirma um integrante do MPDFT. Mas Bolsonaro tamb\u00e9m tem f\u00e3s na institui\u00e7\u00e3o.<\/p>\n<h2>\n<em><strong>S\u00f3 papos<\/strong><\/em><\/h2>\n<blockquote>\n<p style=\"text-align: right\">\u201cPerguntaram aqui como eu tu\u00edto. Do mesmo jeito que o Bolsonaro. Eu tenho um filho que eu n\u00e3o controlo. Se ele solto n\u00e3o controla o dele, imagina eu preso\u201d<br \/>\n<strong>Ex-presidente Lula, em seu perfil no Twitter<\/strong><\/p>\n<p style=\"text-align: right\">\n\u201cPreciso discordar e dizer que acho que voc\u00ea controla seu filho muito bem! Sempre cuidou at\u00e9 das economias dele, inclusive a parte das propinas, segundo seu grande amigo Palocci em dela\u00e7\u00e3o premiada. N\u00e3o adianta tentar criar \u00e1libi agora pra dizer que n\u00e3o sabia disso tamb\u00e9m!\u201d<br \/>\n<strong>Vereador Carlos Bolsonaro, filho do presidente Jair Bolsonaro, que gerencia as redes sociais do pai<\/strong><\/p>\n<\/blockquote>\n<h2>\n<strong>Mandou bem<\/strong><\/h2>\n<p>Numa iniciativa do senador Jos\u00e9 Antonio Reguffe (Sem partido\/DF), o Senado deixou de aumentar em at\u00e9 715% as taxas de cart\u00f3rios. Desde 2017, ele trabalhou para retirar o texto da pauta e, na semana passada, a relatora do projeto, Rose de Freitas (ES), acatou as propostas de Reguffe. Algumas taxas deixaram de subir e outras at\u00e9 ca\u00edram. \u00c9 o caso, por exemplo, de procura\u00e7\u00f5es para fins de concurso publico e sociais (educa\u00e7\u00e3o e sa\u00fade), que cair\u00e3o de R$ 39,90 para R$ 9,70. A proposta segue para a C\u00e2mara.<\/p>\n<h2>\n<strong>Mandou mal<\/strong><\/h2>\n<p>Com apenas quatro meses de gest\u00e3o, o servidor do Detran Fabricio Moura deixou o cargo de diretor-geral do departamento sob suspeita de irregularidades no contrato de empresa respons\u00e1vel pela manuten\u00e7\u00e3o dos sem\u00e1foros do DF. O Minist\u00e9rio P\u00fablico abriu uma investiga\u00e7\u00e3o para tentar entender por que o Detran celebrou um contrato emergencial sem licita\u00e7\u00e3o, se o processo de concorr\u00eancia p\u00fablica estava pronto para publica\u00e7\u00e3o.<\/p>\n<h2>\n<strong>Enquanto isso&#8230; Na sala de Justi\u00e7a<\/strong><\/h2>\n<p>O procurador da Rep\u00fablica H\u00e9lio Telho, de Goi\u00e1s, deu, pelo Twitter, uma opini\u00e3o interessante sobre a vincula\u00e7\u00e3o do Coaf ao Minist\u00e9rio da Economia: \u201cEu sou a favor de manter o Coaf no Minist\u00e9rio da Justi\u00e7a, porque l\u00e1 ele ser\u00e1 ainda mais efetivo contra a corrup\u00e7\u00e3o, a lavagem de dinheiro e o crime organizado. Muita gente \u00e9 contra pelo mesmo motivo\u201d.<\/p>\n<h2>\n<strong><em>Siga o dinheiro<\/em><\/strong><\/h2>\n<p><strong>R$ 1.349.869.048,39<\/strong><\/p>\n<p>Foi a arrecada\u00e7\u00e3o tribut\u00e1ria do DF em abril, um montante 6,5% maior do que no mesmo m\u00eas do ano passado. Na ponta do l\u00e1pis, foram R$ 82 milh\u00f5es a mais nos cofres p\u00fablicos, segundo levantamento do gabinete do deputado Chico Vigilante (PT).<\/p>\n<h2>\n<strong>A pergunta que n\u00e3o quer calar\u2026<\/strong><\/h2>\n<p>A quem interessa enfraquecer S\u00e9rgio Moro?<\/p>\n","protected":false},"excerpt":{"rendered":"<p>Coluna Eixo Capital\/Por Ana Maria Campos Eles s\u00e3o os mais jovens pol\u00edticos com mandato no Distrito Federal. Os distritais Eduardo Pedrosa (PTC), de 29 anos, F\u00e1bio F\u00e9lix (PSol), J\u00falia Lucy (Novo) e Leandro Grass (Rede), de 33 anos, e Rafael Prudente (MDB), 35 anos, conquistaram espa\u00e7os que pol\u00edticos mais experientes deixaram para tr\u00e1s num momento em que a renova\u00e7\u00e3o tem [&hellip;]<\/p>\n","protected":false},"author":9,"featured_media":15297,"comment_status":"open","ping_status":"closed","sticky":false,"template":"","format":"standard","meta":{"footnotes":""},"categories":[234],"tags":[],"class_list":["post-15295","post","type-post","status-publish","format-standard","has-post-thumbnail","hentry","category-cb-poder"],"_links":{"self":[{"href":"https:\/\/blogs.correiobraziliense.com.br\/cbpoder\/wp-json\/wp\/v2\/posts\/15295","targetHints":{"allow":["GET"]}}],"collection":[{"href":"https:\/\/blogs.correiobraziliense.com.br\/cbpoder\/wp-json\/wp\/v2\/posts"}],"about":[{"href":"https:\/\/blogs.correiobraziliense.com.br\/cbpoder\/wp-json\/wp\/v2\/types\/post"}],"author":[{"embeddable":true,"href":"https:\/\/blogs.correiobraziliense.com.br\/cbpoder\/wp-json\/wp\/v2\/users\/9"}],"replies":[{"embeddable":true,"href":"https:\/\/blogs.correiobraziliense.com.br\/cbpoder\/wp-json\/wp\/v2\/comments?post=15295"}],"version-history":[{"count":1,"href":"https:\/\/blogs.correiobraziliense.com.br\/cbpoder\/wp-json\/wp\/v2\/posts\/15295\/revisions"}],"predecessor-version":[{"id":15298,"href":"https:\/\/blogs.correiobraziliense.com.br\/cbpoder\/wp-json\/wp\/v2\/posts\/15295\/revisions\/15298"}],"wp:featuredmedia":[{"embeddable":true,"href":"https:\/\/blogs.correiobraziliense.com.br\/cbpoder\/wp-json\/wp\/v2\/media\/15297"}],"wp:attachment":[{"href":"https:\/\/blogs.correiobraziliense.com.br\/cbpoder\/wp-json\/wp\/v2\/media?parent=15295"}],"wp:term":[{"taxonomy":"category","embeddable":true,"href":"https:\/\/blogs.correiobraziliense.com.br\/cbpoder\/wp-json\/wp\/v2\/categories?post=15295"},{"taxonomy":"post_tag","embeddable":true,"href":"https:\/\/blogs.correiobraziliense.com.br\/cbpoder\/wp-json\/wp\/v2\/tags?post=15295"}],"curies":[{"name":"wp","href":"https:\/\/api.w.org\/{rel}","templated":true}]}}