{"id":15266,"date":"2019-05-09T06:53:33","date_gmt":"2019-05-09T09:53:33","guid":{"rendered":"https:\/\/blogs.correiobraziliense.com.br\/cbpoder\/?p=15266"},"modified":"2019-05-09T06:54:11","modified_gmt":"2019-05-09T09:54:11","slug":"policia-civil-deflagra-operacao-para-debelar-esquema-de-fraude-no-banco-do-brasil","status":"publish","type":"post","link":"https:\/\/blogs.correiobraziliense.com.br\/cbpoder\/policia-civil-deflagra-operacao-para-debelar-esquema-de-fraude-no-banco-do-brasil\/","title":{"rendered":"Pol\u00edcia Civil do DF deflagra opera\u00e7\u00e3o para debelar esquema de fraude no Banco do Brasil"},"content":{"rendered":"<h5>ANA MARIA CAMPOS e ISA STACCIARINI<\/h5>\n<p>Um esquema de fraude no Banco do Brasil entrou na mira da Pol\u00edcia Civil do DF. Na manh\u00e3 desta quinta-feira (09\/05). Policiais da Divis\u00e3o de Repress\u00e3o \u00e0 Corrup\u00e7\u00e3o e aos Crimes contra a Administra\u00e7\u00e3o P\u00fablica (Dicap) cumprem 17 mandados de pris\u00e3o tempor\u00e1ria \u00a0\u2014 pelo prazo de cinco dias \u2014 e 28 de busca e apreens\u00e3o na Opera\u00e7\u00e3o Cr\u00e9dito Viciado.<\/p>\n<p>&nbsp;<\/p>\n<p>O objetivo \u00e9 combater uma\u00a0<span class=\"s6\">organiza\u00e7\u00e3o criminosa voltada para pr\u00e1tica de peculato contra o Banco do Brasil e lavagem de dinheiro<\/span>. Os alvos da opera\u00e7\u00e3o s\u00e3o funcion\u00e1rios do Banco do Brasil e empres\u00e1rios de empresas de cobran\u00e7a de d\u00edvidas.<\/p>\n<p>&nbsp;<\/p>\n<p>A Dicap integra a\u00a0Coordena\u00e7\u00e3o Especial de Repress\u00e3o \u00e0 Corrup\u00e7\u00e3o, ao Crime Organizado e aos Crimes contra a Administra\u00e7\u00e3o P\u00fablica e contra a Ordem Tribut\u00e1ria (<span class=\"s5\">CECOR<\/span>).<\/p>\n<p>&nbsp;<\/p>\n<p>Durante a investiga\u00e7\u00e3o, foram<span class=\"s5\">\u00a0identificados os respons\u00e1veis pelo desvio R$ 15.758.738,49, tendo sido expedida a determina\u00e7\u00e3o do bloqueio desses valores<\/span>.<\/p>\n<p>&nbsp;<\/p>\n<p>Os mandados foram cumpridos no Distrito Federal, Goi\u00e1s, S\u00e3o Paulo, Minas Gerais, Pernambuco, Paran\u00e1, Santa Catarina, Mato Grosso e Rio de Janeiro.<\/p>\n<p>&nbsp;<\/p>\n<p>As investiga\u00e7\u00f5es come\u00e7aram em janeiro de 2019, em virtude de amea\u00e7as sofridas por executivos da institui\u00e7\u00e3o financeira, motivadas pela decis\u00e3o estrat\u00e9gica do Banco do Brasil de n\u00e3o renovar contratos com 117 empresas de cobran\u00e7a de d\u00edvidas para que o servi\u00e7o de recupera\u00e7\u00e3o de cr\u00e9ditos passasse a ser feito pela empresa BB Tecnologia e Servi\u00e7os \u2013 BBTS.<\/p>\n<p>&nbsp;<\/p>\n<p>Segundo a PCDF, funcion\u00e1rios do Banco do Brasil aproveitavam um erro t\u00e9cnico para realizar o pagamento das comiss\u00f5es de forma manual e, assim, repassavam mais dinheiro do que o devido \u00e0s empresas de cobran\u00e7a. Em contrapartida, esses funcion\u00e1rios recebiam vantagens financeiras a t\u00edtulo de propina.<\/p>\n<p>&nbsp;<\/p>\n<p>Entre 2017 e 2018, segundo a investiga\u00e7\u00e3o, o grupo investigado desvio R$ 26 milh\u00f5es.<\/p>\n<p>&nbsp;<\/p>\n<p><a name=\"_gjdgxs\"><\/a>Os envolvidos s\u00e3o investigados pelos crimes de Organiza\u00e7\u00e3o Criminosa com aumento de pena em virtude da participa\u00e7\u00e3o de funcion\u00e1rio p\u00fablico (<span class=\"s5\">Art. 2\u00ba, \u00a7 4\u00ba, Inciso II da Lei 12.850\/2013<\/span>), peculato (<span class=\"s5\">Art. 312 do CP) <\/span>e de Lavagem de Dinheiro (<span class=\"s5\">Art. 1\u00ba, da Lei n\u00ba 9.613\/98<\/span>).<\/p>\n<p>&nbsp;<\/p>\n<p>Os nomes dos investigados n\u00e3o ser\u00e3o divulgados em raz\u00e3o de terem sido alvos de pris\u00f5es tempor\u00e1rias, destinadas \u00e0 investiga\u00e7\u00e3o ainda em andamento.<\/p>\n<p>&nbsp;<\/p>\n<p>A deflagra\u00e7\u00e3o da opera\u00e7\u00e3o contou com apoio operacional das Pol\u00edcias Civis de Goi\u00e1s, S\u00e3o Paulo, Minas Gerais, Pernambuco, Paran\u00e1, Santa Catarina, Mato Grosso e Rio de Janeiro (Departamento Geral de Combate \u00e0 Corrup\u00e7\u00e3o).<\/p>\n<p>&nbsp;<\/p>\n<p>Segundo a PCDF, o Banco do Brasil prestou todo o apoio necess\u00e1rio \u00e0s investiga\u00e7\u00f5es.<\/p>\n<p class=\"s9\">\n","protected":false},"excerpt":{"rendered":"<p>ANA MARIA CAMPOS e ISA STACCIARINI Um esquema de fraude no Banco do Brasil entrou na mira da Pol\u00edcia Civil do DF. Na manh\u00e3 desta quinta-feira (09\/05). Policiais da Divis\u00e3o de Repress\u00e3o \u00e0 Corrup\u00e7\u00e3o e aos Crimes contra a Administra\u00e7\u00e3o P\u00fablica (Dicap) cumprem 17 mandados de pris\u00e3o tempor\u00e1ria \u00a0\u2014 pelo prazo de cinco dias \u2014 e 28 de busca e [&hellip;]<\/p>\n","protected":false},"author":9,"featured_media":15268,"comment_status":"open","ping_status":"closed","sticky":false,"template":"","format":"standard","meta":{"footnotes":""},"categories":[234],"tags":[1789,1788,1790,407],"class_list":["post-15266","post","type-post","status-publish","format-standard","has-post-thumbnail","hentry","category-cb-poder","tag-banco-do-brasil","tag-cecor-dicap","tag-operacao-credito-viciado","tag-policia-civil-do-df"],"_links":{"self":[{"href":"https:\/\/blogs.correiobraziliense.com.br\/cbpoder\/wp-json\/wp\/v2\/posts\/15266","targetHints":{"allow":["GET"]}}],"collection":[{"href":"https:\/\/blogs.correiobraziliense.com.br\/cbpoder\/wp-json\/wp\/v2\/posts"}],"about":[{"href":"https:\/\/blogs.correiobraziliense.com.br\/cbpoder\/wp-json\/wp\/v2\/types\/post"}],"author":[{"embeddable":true,"href":"https:\/\/blogs.correiobraziliense.com.br\/cbpoder\/wp-json\/wp\/v2\/users\/9"}],"replies":[{"embeddable":true,"href":"https:\/\/blogs.correiobraziliense.com.br\/cbpoder\/wp-json\/wp\/v2\/comments?post=15266"}],"version-history":[{"count":3,"href":"https:\/\/blogs.correiobraziliense.com.br\/cbpoder\/wp-json\/wp\/v2\/posts\/15266\/revisions"}],"predecessor-version":[{"id":15270,"href":"https:\/\/blogs.correiobraziliense.com.br\/cbpoder\/wp-json\/wp\/v2\/posts\/15266\/revisions\/15270"}],"wp:featuredmedia":[{"embeddable":true,"href":"https:\/\/blogs.correiobraziliense.com.br\/cbpoder\/wp-json\/wp\/v2\/media\/15268"}],"wp:attachment":[{"href":"https:\/\/blogs.correiobraziliense.com.br\/cbpoder\/wp-json\/wp\/v2\/media?parent=15266"}],"wp:term":[{"taxonomy":"category","embeddable":true,"href":"https:\/\/blogs.correiobraziliense.com.br\/cbpoder\/wp-json\/wp\/v2\/categories?post=15266"},{"taxonomy":"post_tag","embeddable":true,"href":"https:\/\/blogs.correiobraziliense.com.br\/cbpoder\/wp-json\/wp\/v2\/tags?post=15266"}],"curies":[{"name":"wp","href":"https:\/\/api.w.org\/{rel}","templated":true}]}}