{"id":15198,"date":"2019-05-02T08:32:13","date_gmt":"2019-05-02T11:32:13","guid":{"rendered":"https:\/\/blogs.correiobraziliense.com.br\/cbpoder\/?p=15198"},"modified":"2019-05-02T08:33:59","modified_gmt":"2019-05-02T11:33:59","slug":"disputa-de-poder-no-mdb-df-e-de-olho-em-2022","status":"publish","type":"post","link":"https:\/\/blogs.correiobraziliense.com.br\/cbpoder\/disputa-de-poder-no-mdb-df-e-de-olho-em-2022\/","title":{"rendered":"Disputa de poder no MDB\/DF \u00e9 de olho em 2022"},"content":{"rendered":"<p>Partido com maior express\u00e3o no DF, o MDB\/DF vive um confronto para defini\u00e7\u00e3o de seu comando. A legenda fez o governador, Ibaneis Rocha, e o presidente da C\u00e2mara Legislativa, Rafael Prudente, e tenta se reerguer depois dos desgastes provocados pela Opera\u00e7\u00e3o Lava-Jato, que envolveram suas principais estrelas nacionais: o ex-presidente Michel Temer, o ex-presidente da C\u00e2mara Eduardo Cunha, o ex-ministro Geddel Vieira Lima e o ex-senador Romero Juc\u00e1, que preside o partido nacionalmente at\u00e9 setembro. Ibaneis fala em renova\u00e7\u00e3o. H\u00e1 dois motivos principais: a opini\u00e3o p\u00fablica cobra \u2014 E isso ocorreu muito na campanha \u2014 a incoer\u00eancia da vincula\u00e7\u00e3o do discurso da nova pol\u00edtica com lideran\u00e7as envolvidas em den\u00fancias de corrup\u00e7\u00e3o. Al\u00e9m disso, h\u00e1 uma disputa de poder, pela defini\u00e7\u00e3o dos rumos do partido com vistas \u00e0s pr\u00f3ximas elei\u00e7\u00f5es. Ibaneis quer ser o presidente nacional com o poder de levar a legenda para uma candidatura presidencial ou para uma composi\u00e7\u00e3o com outro partido. Ainda \u00e9 cedo para esse tipo de defini\u00e7\u00f5es, mas a pol\u00edtica se constr\u00f3i no dia a dia. Quem chegar mais forte em 2022 ter\u00e1 condi\u00e7\u00f5es de brigar pelo maior quinh\u00e3o.<\/p>\n<h2><strong>Renova\u00e7\u00e3o<\/strong><\/h2>\n<p>Quando o enfoque \u00e9 renova\u00e7\u00e3o, o presidente nacional do MDB, Romero Juc\u00e1, est\u00e1 em claras dificuldades. Ele n\u00e3o passou no teste das urnas nas \u00faltimas elei\u00e7\u00f5es e o MDB emplacou apenas dois deputados estaduais em Roraima, seu estado. Por isso, h\u00e1 expectativa de que a legenda eleja outro presidente. Ibaneis \u00e9 um dos cotados. Ele conversou com o comando de v\u00e1rios partidos, como o PSD, PTB e DEM. Mas decidiu ficar no MDB.<\/p>\n<h2><strong>Ainda sem acordo no MDB\/DF, garante Filippelli<\/strong><\/h2>\n<p>Apesar da participa\u00e7\u00e3o em evento p\u00fablico do Governo do DF, Tadeu Filippelli garante que ainda n\u00e3o h\u00e1 acordo em torno do comando do MDB\/DF. O ex-vice-governador que preside a legenda no DF disse \u00e0 coluna que foi ao lan\u00e7amento do programa Emprega-DF, na \u00faltima ter\u00e7a-feira, em Ceil\u00e2ndia, a convite do governador Ibaneis Rocha, que esteve em sua casa na v\u00e9spera para buscar um entendimento sobre os rumos da legenda.<\/p>\n<h2><strong>Visita em casa<\/strong><\/h2>\n<p>Em nota encaminhada \u00e0 coluna, Tadeu Filippelli afirmou que nunca se afastou do governador Ibaneis Rocha. \u201cA candidatura vitoriosa do governador Ibaneis pelo MDB nasceu na minha resid\u00eancia e n\u00f3s nunca nos afastamos. O MDB tem hoje a responsabilidade pelo comando do Executivo e do Legislativo no DF\u201d, disse. E acrescentou: \u201cNa \u00faltima segunda-feira, em visita \u00e0 minha casa, o governador e eu tivemos a oportunidade de discutir os interesses do DF e o futuro do nosso partido\u201d. Segundo Filippelli, na conversa, n\u00e3o houve composi\u00e7\u00e3o definida entre os dois para que o presidente da C\u00e2mara Legislativa, Rafael Prudente, assuma a presid\u00eancia do MDB\/DF e a secret\u00e1ria da Mulher, \u00c9ricka Filippelli, sua nora, fique com a vice.<\/p>\n<h2><strong>Com risco de perder o PSD<\/strong><\/h2>\n<p>Na onda da renova\u00e7\u00e3o nos partidos, quem tamb\u00e9m deve perder seu lugar de protagonista \u00e9 o ex-deputado Rog\u00e9rio Rosso. Ele deve deixar a presid\u00eancia do PSD\/DF. O partido tinha como meta eleger deputados ou chegar ao Pal\u00e1cio do Buriti, mas chutou fora do gol. Ficou em terceiro lugar na disputa ao GDF. A hist\u00f3ria poderia ser diferente se chegasse ao segundo turno. Mas n\u00e3o foi assim e a pol\u00edtica n\u00e3o perdoa derrotas.<\/p>\n<h2><strong>Greve \u00e0 vista<\/strong><\/h2>\n<p>N\u00e3o repercutiu bem entre empregados da Caesb a troca no comando da companhia. O atual diretor financeiro e comercial, Carlos Augusto Bezerra, advogado escolhido pelo governador Ibaneis Rocha para assumir o lugar de Fernando Leite, se posicionou contra o acordo coletivo aprovado pela categoria, que nem inclu\u00eda aumento de sal\u00e1rio. Empregados fazem assembleia hoje com indicativo de greve. Entre o corpo t\u00e9cnico, ficou a preocupa\u00e7\u00e3o de que a nova gest\u00e3o n\u00e3o d\u00ea prosseguimento ao plano de reestrutura\u00e7\u00e3o da companhia implantado por Fernando Leite. Intitulado Nova Caesb, o programa prev\u00ea uma s\u00e9rie de medidas para reverter a situa\u00e7\u00e3o financeira da companhia, que fechou 2018 com preju\u00edzo de R$ 247 milh\u00f5es. Entre as a\u00e7\u00f5es, h\u00e1 previs\u00e3o de 200 mil novas liga\u00e7\u00f5es de \u00e1gua e a continuidade de obras que v\u00e3o garantir seguran\u00e7a h\u00eddrica para a popula\u00e7\u00e3o. Caso o programa seja de fato implantado, a expectativa \u00e9 que a Caesb termine 2019 com superavit. O primeiro trimestre j\u00e1 deve fechar com lucro.<\/p>\n<h2><strong>Quem vai ficar na Presid\u00eancia da Caesb?<\/strong><\/h2>\n<p>Carlos Augusto Bezerra \u00e9 advogado como a maioria dos integrantes do governo mais ligados a Ibaneis Rocha. Consultor legislativo do Senado aposentado, ele atua nas \u00e1reas trabalhista, civil e financeira e integrou, como conselheiro, a equipe de Juliano Costa Couto na presid\u00eancia da OAB\/DF. Afastado da presid\u00eancia da Caesb por decis\u00e3o judicial, Fernando Leite pode retornar ao cargo em setembro, quando termina a pena de tr\u00eas anos por improbidade administrativa que, segundo o Minist\u00e9rio P\u00fablico, o impede de ocupar fun\u00e7\u00f5es p\u00fablicas. Mas Bezerra pode se firmar no cargo at\u00e9 l\u00e1. A possibilidade causa rea\u00e7\u00e3o de muitos empregados da Caesb que fizeram campanha para Ibaneis gra\u00e7as ao empenho de Fernando Leite.<\/p>\n","protected":false},"excerpt":{"rendered":"<p>Partido com maior express\u00e3o no DF, o MDB\/DF vive um confronto para defini\u00e7\u00e3o de seu comando. A legenda fez o governador, Ibaneis Rocha, e o presidente da C\u00e2mara Legislativa, Rafael Prudente, e tenta se reerguer depois dos desgastes provocados pela Opera\u00e7\u00e3o Lava-Jato, que envolveram suas principais estrelas nacionais: o ex-presidente Michel Temer, o ex-presidente da C\u00e2mara Eduardo Cunha, o ex-ministro [&hellip;]<\/p>\n","protected":false},"author":9,"featured_media":15199,"comment_status":"open","ping_status":"closed","sticky":false,"template":"","format":"standard","meta":{"footnotes":""},"categories":[234],"tags":[],"class_list":["post-15198","post","type-post","status-publish","format-standard","has-post-thumbnail","hentry","category-cb-poder"],"_links":{"self":[{"href":"https:\/\/blogs.correiobraziliense.com.br\/cbpoder\/wp-json\/wp\/v2\/posts\/15198","targetHints":{"allow":["GET"]}}],"collection":[{"href":"https:\/\/blogs.correiobraziliense.com.br\/cbpoder\/wp-json\/wp\/v2\/posts"}],"about":[{"href":"https:\/\/blogs.correiobraziliense.com.br\/cbpoder\/wp-json\/wp\/v2\/types\/post"}],"author":[{"embeddable":true,"href":"https:\/\/blogs.correiobraziliense.com.br\/cbpoder\/wp-json\/wp\/v2\/users\/9"}],"replies":[{"embeddable":true,"href":"https:\/\/blogs.correiobraziliense.com.br\/cbpoder\/wp-json\/wp\/v2\/comments?post=15198"}],"version-history":[{"count":2,"href":"https:\/\/blogs.correiobraziliense.com.br\/cbpoder\/wp-json\/wp\/v2\/posts\/15198\/revisions"}],"predecessor-version":[{"id":15201,"href":"https:\/\/blogs.correiobraziliense.com.br\/cbpoder\/wp-json\/wp\/v2\/posts\/15198\/revisions\/15201"}],"wp:featuredmedia":[{"embeddable":true,"href":"https:\/\/blogs.correiobraziliense.com.br\/cbpoder\/wp-json\/wp\/v2\/media\/15199"}],"wp:attachment":[{"href":"https:\/\/blogs.correiobraziliense.com.br\/cbpoder\/wp-json\/wp\/v2\/media?parent=15198"}],"wp:term":[{"taxonomy":"category","embeddable":true,"href":"https:\/\/blogs.correiobraziliense.com.br\/cbpoder\/wp-json\/wp\/v2\/categories?post=15198"},{"taxonomy":"post_tag","embeddable":true,"href":"https:\/\/blogs.correiobraziliense.com.br\/cbpoder\/wp-json\/wp\/v2\/tags?post=15198"}],"curies":[{"name":"wp","href":"https:\/\/api.w.org\/{rel}","templated":true}]}}