{"id":15195,"date":"2019-05-01T09:12:19","date_gmt":"2019-05-01T12:12:19","guid":{"rendered":"https:\/\/blogs.correiobraziliense.com.br\/cbpoder\/?p=15195"},"modified":"2019-05-01T09:12:19","modified_gmt":"2019-05-01T12:12:19","slug":"filippelli-e-ibaneis-juntos-novamente-rafael-prudente-presidira-o-mdb-df","status":"publish","type":"post","link":"https:\/\/blogs.correiobraziliense.com.br\/cbpoder\/filippelli-e-ibaneis-juntos-novamente-rafael-prudente-presidira-o-mdb-df\/","title":{"rendered":"Filippelli e Ibaneis juntos novamente: Rafael Prudente presidir\u00e1 o MDB\/DF"},"content":{"rendered":"<p><strong>Coluna Eixo Capital\/Por Ana Maria Campos<\/strong><\/p>\n<p>O governador Ibaneis Rocha e o ex-vice-governador Tadeu Filippelli come\u00e7aram a se entender quanto aos rumos do MDB. Presidente regional da legenda, Filippelli aceitou passar o comando para o presidente da C\u00e2mara Legislativa, Rafael Prudente, tendo sua nora, Ericka Filippelli, secret\u00e1ria da Mulher, como vice. O di\u00e1logo fluiu tanto na noite de segunda-feira, quando eles sentaram para um t\u00eate-\u00e0-t\u00eate, que os dois apareceram em p\u00fablico juntos ontem, no lan\u00e7amento do programa Emprega-DF. Prudente tamb\u00e9m estava l\u00e1. \u00c9 o pragmatismo pol\u00edtico falando mais alto.<\/p>\n<h2><strong>\u201cMarqueteiro\u201d<\/strong><\/h2>\n<p>Lan\u00e7ado ontem, na v\u00e9spera do Dia do Trabalhador, o Programa de Incentivo Fiscal \u00e0 Industrializa\u00e7\u00e3o e Desenvolvimento Sustent\u00e1vel do DF ganhou o nome de Emprega-DF. A escolha foi do governador Ibaneis Rocha. \u201cSou marqueteiro mesmo\u201d, brincou o chefe do Executivo, durante o lan\u00e7amento da iniciativa. O programa tem como foco garantir benef\u00edcios fiscais a empresas, para evitar a fuga de empreendimentos a estados vizinhos, principalmente para o Mato Grosso do Sul. Mas, pressionado pela crescente taxa de desemprego, o governador fez quest\u00e3o de apresentar a iniciativa sob a perspectiva do potencial de gera\u00e7\u00e3o de emprego e renda. A data tamb\u00e9m parece estrat\u00e9gica, um dia antes do dia do trabalhador.<\/p>\n<h2>\n<strong>Estilo Roriz<\/strong><\/h2>\n<p>Bem ao estilo do governo de Joaquim Roriz, Ibaneis Rocha tem reunido parlamentares aliados em inaugura\u00e7\u00f5es e lan\u00e7amentos de programas, como forma de dividir os dividendos eleitorais. Todos ao redor do governador que se comporta como o l\u00edder de um grupo pol\u00edtico.<\/p>\n<h2>\n<strong>Em crescimento<\/strong><\/h2>\n<p>Ao assumir a presid\u00eancia do MDB\/DF, o deputado Rafael Prudente, que j\u00e1 comanda a C\u00e2mara Legislativa, come\u00e7a a despontar como uma lideran\u00e7a pol\u00edtica.<\/p>\n<h2><strong>Decis\u00e3o equivocada do TCU, diz Rollemberg<\/strong><\/h2>\n<p>O ex-governador Rodrigo Rollemberg (PSB) comentou a decis\u00e3o do Tribunal de Contas da Uni\u00e3o (TCU) sobre a reten\u00e7\u00e3o nos cofres da Uni\u00e3o do Imposto de Renda dos sal\u00e1rios dos servidores custeados pelo Fundo Constitucional do DF. \u201cCom todo respeito que tenho pelo TCU, considero equivocada a decis\u00e3o de retirar do DF o desconto do imposto de renda dos servidores da seguran\u00e7a p\u00fablica\u201d, apontou. Ele tamb\u00e9m criticou a forma como o atual governo conduziu a quest\u00e3o.<\/p>\n<h2>\n<strong>Al\u00f4, ministro!<\/strong><\/h2>\n<p>A UnB divulgou pelas redes sociais um recado ao ministro da Educa\u00e7\u00e3o, Abraham Weintraub. O integrante do governo Bolsonaro afirmou que vai cortar recursos de universidades que n\u00e3o apresentarem bom desempenho acad\u00eamico e estiverem promovendo \u201cbalb\u00fardia\u201d, como festas e eventos pol\u00edticos. A UnB, cujo or\u00e7amento sofreu um bloqueio de R$ 38 milh\u00f5es, ressaltou pelo Twitter: \u201cOi, gente! Estamos passando aqui para lembrar que: a UnB \u00e9 a oitava melhor universidade do Brasil. Ranking elaborado pelo Times Higher Education (THE) coloca a institui\u00e7\u00e3o entre as mil principais do mundo e como a quinta entre as federais brasileiras\u201d.<\/p>\n<h2><strong>Por mais aconchego para o paciente na UTI<\/strong><\/h2>\n<p>Com 13 votos favor\u00e1veis, a C\u00e2mara Legislativa aprovou ontem projeto de lei de autoria do deputado Leandro Grass (Rede) que permite a perman\u00eancia de acompanhantes em unidades de terapia intensiva (UTIs) de hospitais, Unidades de Pronto Atendimento (UPAs) e maternidades p\u00fablicas e privadas, al\u00e9m das neonatais. O texto segue para san\u00e7\u00e3o ou veto do governador Ibaneis Rocha. Na avalia\u00e7\u00e3o de Grass, a proposta permite o m\u00ednimo de qualidade de vida aos pacientes. O texto foi aprovado com emenda do deputado Jorge Vianna (Podemos), que permite ao respons\u00e1vel pelo setor m\u00e9dico, em caso de risco \u00e0 sa\u00fade do paciente, a decis\u00e3o sobre a perman\u00eancia ou entrada do acompanhante.<\/p>\n<h2><strong>Siga o dinheiro<\/strong><\/h2>\n<p><em>R$ 7.145.926.684,98<\/em><\/p>\n<p>Foi o montante destinado desde a cria\u00e7\u00e3o do Fundo Constitucional do DF ao Tesouro Local a t\u00edtulo de reten\u00e7\u00e3o do Imposto de Renda dos servidores das for\u00e7as de seguran\u00e7a p\u00fablica e que, segundo decis\u00e3o do TCU, dever\u00e1 ser devolvido \u00e0 Uni\u00e3o.<\/p>\n<h2><strong>A pergunta que n\u00e3o quer calar\u2026.<\/strong><\/h2>\n<p>O trabalhador tem motivos para comemorar hoje?<\/p>\n<h2><em><strong>S\u00f3 papos<\/strong><\/em><\/h2>\n<blockquote>\n<p style=\"text-align: right\">\u201cMe sinto completamente \u00e0 vontade para dizer que quem defende esse governo e esse presidente \u00e9 canalha\u201d<\/p>\n<\/blockquote>\n<p style=\"text-align: right\"><strong>Cr\u00edtico de cinema Pablo Villa\u00e7a, pelo Twitter<\/strong><\/p>\n<blockquote>\n<p style=\"text-align: right\">\n\u201cMais amor e menos \u00f3dio, diretor de cinema\u201d<\/p>\n<\/blockquote>\n<p style=\"text-align: right\"><strong>Presidente Jair Bolsonaro, pelo Twitter<\/strong><\/p>\n","protected":false},"excerpt":{"rendered":"<p>Coluna Eixo Capital\/Por Ana Maria Campos O governador Ibaneis Rocha e o ex-vice-governador Tadeu Filippelli come\u00e7aram a se entender quanto aos rumos do MDB. Presidente regional da legenda, Filippelli aceitou passar o comando para o presidente da C\u00e2mara Legislativa, Rafael Prudente, tendo sua nora, Ericka Filippelli, secret\u00e1ria da Mulher, como vice. O di\u00e1logo fluiu tanto na noite de segunda-feira, quando [&hellip;]<\/p>\n","protected":false},"author":9,"featured_media":15196,"comment_status":"open","ping_status":"closed","sticky":false,"template":"","format":"standard","meta":{"footnotes":""},"categories":[234],"tags":[],"class_list":["post-15195","post","type-post","status-publish","format-standard","has-post-thumbnail","hentry","category-cb-poder"],"_links":{"self":[{"href":"https:\/\/blogs.correiobraziliense.com.br\/cbpoder\/wp-json\/wp\/v2\/posts\/15195","targetHints":{"allow":["GET"]}}],"collection":[{"href":"https:\/\/blogs.correiobraziliense.com.br\/cbpoder\/wp-json\/wp\/v2\/posts"}],"about":[{"href":"https:\/\/blogs.correiobraziliense.com.br\/cbpoder\/wp-json\/wp\/v2\/types\/post"}],"author":[{"embeddable":true,"href":"https:\/\/blogs.correiobraziliense.com.br\/cbpoder\/wp-json\/wp\/v2\/users\/9"}],"replies":[{"embeddable":true,"href":"https:\/\/blogs.correiobraziliense.com.br\/cbpoder\/wp-json\/wp\/v2\/comments?post=15195"}],"version-history":[{"count":1,"href":"https:\/\/blogs.correiobraziliense.com.br\/cbpoder\/wp-json\/wp\/v2\/posts\/15195\/revisions"}],"predecessor-version":[{"id":15197,"href":"https:\/\/blogs.correiobraziliense.com.br\/cbpoder\/wp-json\/wp\/v2\/posts\/15195\/revisions\/15197"}],"wp:featuredmedia":[{"embeddable":true,"href":"https:\/\/blogs.correiobraziliense.com.br\/cbpoder\/wp-json\/wp\/v2\/media\/15196"}],"wp:attachment":[{"href":"https:\/\/blogs.correiobraziliense.com.br\/cbpoder\/wp-json\/wp\/v2\/media?parent=15195"}],"wp:term":[{"taxonomy":"category","embeddable":true,"href":"https:\/\/blogs.correiobraziliense.com.br\/cbpoder\/wp-json\/wp\/v2\/categories?post=15195"},{"taxonomy":"post_tag","embeddable":true,"href":"https:\/\/blogs.correiobraziliense.com.br\/cbpoder\/wp-json\/wp\/v2\/tags?post=15195"}],"curies":[{"name":"wp","href":"https:\/\/api.w.org\/{rel}","templated":true}]}}