{"id":15161,"date":"2019-04-29T09:58:47","date_gmt":"2019-04-29T12:58:47","guid":{"rendered":"https:\/\/blogs.correiobraziliense.com.br\/cbpoder\/?p=15161"},"modified":"2019-04-29T19:34:34","modified_gmt":"2019-04-29T22:34:34","slug":"deputado-israel-batista-defende-saida-dos-professores-da-reforma-da-previdencia","status":"publish","type":"post","link":"https:\/\/blogs.correiobraziliense.com.br\/cbpoder\/deputado-israel-batista-defende-saida-dos-professores-da-reforma-da-previdencia\/","title":{"rendered":"Deputado Israel Batista\u00a0defende sa\u00edda dos professores da reforma da Previd\u00eancia"},"content":{"rendered":"<p><strong>Coluna Eixo Capital\/Por Ana Maria Campos<\/strong><\/p>\n<h2><em><strong>\u00c0 QUEIMA-ROUPA<\/strong><\/em><\/h2>\n<p><strong>Deputado Professor Israel Batista\u00a0(PV\/DF), membro da Comiss\u00e3o Especial da Reforma da Previd\u00eancia<\/strong><\/p>\n<p><strong>Qual \u00e9 a sua opini\u00e3o sobre a reforma da Previd\u00eancia em tramita\u00e7\u00e3o no Congresso?<\/strong><\/p>\n<p>Mudan\u00e7as s\u00e3o normais ao longo do tempo. No entanto, a proposta atual de reforma destr\u00f3i a previd\u00eancia. Dificulta o acesso \u00e0 aposentadoria, reduz benef\u00edcios e, t\u00e3o grave quanto tudo isso, retira receitas do sistema entregando-as aos bancos por meio da capitaliza\u00e7\u00e3o. Veja o caso dos professores, a \u00fanica categoria em que a idade m\u00ednima de homens e mulheres foi igualada, e a exig\u00eancia de 30 anos de contribui\u00e7\u00e3o, contra 20 da regra geral, dar\u00e1 direito a apenas 80% do benef\u00edcio.<\/p>\n<p><strong>O que precisa mudar?<\/strong><\/p>\n<p>A situa\u00e7\u00e3o dos professores, \u00e9 claro. Apresentarei emenda para exclu\u00ed-los da reforma. As maldades com pens\u00f5es, invalidez, Benef\u00edcio de Presta\u00e7\u00e3o Continuada (BPC) e aposentadoria rural tamb\u00e9m precisam ser revertidas. Al\u00e9m disso, a capitaliza\u00e7\u00e3o destr\u00f3i as bases de financiamento do sistema e gera crise fiscal permanente.<\/p>\n<p><strong>Como voc\u00ea pode trabalhar para melhorar o texto?<\/strong><\/p>\n<p>Al\u00e9m de propor a retirada completa dos professores, tamb\u00e9m apresentei outra sugest\u00e3o alternativa para estabelecer uma regra de transi\u00e7\u00e3o transparente, inspirada nos militares, com 17% de ped\u00e1gio sobre o tempo que falta para se aposentar. De acordo com essa segunda proposta, uma professora que tenha 24 anos de contribui\u00e7\u00e3o e falte apenas um ano para se aposentar pagar\u00e1 um ped\u00e1gio proporcional de 2 meses a mais, se aposentando com um total de 25 anos e 2 meses (de ped\u00e1gio) e n\u00e3o com os 40 anos propostos pelo Governo.<\/p>\n<p><strong>Acredita que passe no Congresso?<\/strong><\/p>\n<p>\u00c9 preciso considerar a reforma, mas n\u00e3o podemos destruir a Previd\u00eancia. O parlamento tem que propor alternativas a um modelo que preserva apenas os interesses dos bancos.<\/p>\n<p><strong>H\u00e1 privil\u00e9gios? Quem foi poupado?<\/strong><\/p>\n<p>Claro que h\u00e1. O 1% mais rico foi totalmente preservado. N\u00e3o apenas isso, os bancos aumentar\u00e3o seus lucros frente \u00e0 maioria da popula\u00e7\u00e3o, que ficar\u00e1 desprotegida. A proposta tamb\u00e9m n\u00e3o trata de ren\u00fancias fiscais. Grandes fortunas permanecem intocadas, enquanto os mais pobres, trabalhadores, professores, servidores p\u00fablicos, enfim, quase toda a popula\u00e7\u00e3o \u00e9 sacrificada.<\/p>\n<p><strong>Quem foi mais atingido?<\/strong><\/p>\n<p>Os mais pobres e as mulheres. O aumento da idade m\u00ednima e do tempo de contribui\u00e7\u00e3o significa que o trabalhador mais desfavorecido n\u00e3o se aposentar\u00e1. Se conseguir, ter\u00e1 direito apenas a 60% do benef\u00edcio. A exclus\u00e3o entre as mulheres, com mais dificuldade de contribuir por causa da dupla jornada, ser\u00e1 ainda maior.<\/p>\n<p><strong>Acha que os militares devem ter tratamento especial?<\/strong><\/p>\n<p>Sem d\u00favida, assim como professores e outras categorias sujeitas a condi\u00e7\u00f5es de trabalho mais penosas e arriscadas. N\u00e3o se trata de privil\u00e9gio nesses casos.<\/p>\n","protected":false},"excerpt":{"rendered":"<p>Coluna Eixo Capital\/Por Ana Maria Campos \u00c0 QUEIMA-ROUPA Deputado Professor Israel Batista\u00a0(PV\/DF), membro da Comiss\u00e3o Especial da Reforma da Previd\u00eancia Qual \u00e9 a sua opini\u00e3o sobre a reforma da Previd\u00eancia em tramita\u00e7\u00e3o no Congresso? Mudan\u00e7as s\u00e3o normais ao longo do tempo. No entanto, a proposta atual de reforma destr\u00f3i a previd\u00eancia. Dificulta o acesso \u00e0 aposentadoria, reduz benef\u00edcios e, t\u00e3o [&hellip;]<\/p>\n","protected":false},"author":9,"featured_media":15174,"comment_status":"open","ping_status":"closed","sticky":false,"template":"","format":"standard","meta":{"footnotes":""},"categories":[234],"tags":[],"class_list":["post-15161","post","type-post","status-publish","format-standard","has-post-thumbnail","hentry","category-cb-poder"],"_links":{"self":[{"href":"https:\/\/blogs.correiobraziliense.com.br\/cbpoder\/wp-json\/wp\/v2\/posts\/15161","targetHints":{"allow":["GET"]}}],"collection":[{"href":"https:\/\/blogs.correiobraziliense.com.br\/cbpoder\/wp-json\/wp\/v2\/posts"}],"about":[{"href":"https:\/\/blogs.correiobraziliense.com.br\/cbpoder\/wp-json\/wp\/v2\/types\/post"}],"author":[{"embeddable":true,"href":"https:\/\/blogs.correiobraziliense.com.br\/cbpoder\/wp-json\/wp\/v2\/users\/9"}],"replies":[{"embeddable":true,"href":"https:\/\/blogs.correiobraziliense.com.br\/cbpoder\/wp-json\/wp\/v2\/comments?post=15161"}],"version-history":[{"count":1,"href":"https:\/\/blogs.correiobraziliense.com.br\/cbpoder\/wp-json\/wp\/v2\/posts\/15161\/revisions"}],"predecessor-version":[{"id":15162,"href":"https:\/\/blogs.correiobraziliense.com.br\/cbpoder\/wp-json\/wp\/v2\/posts\/15161\/revisions\/15162"}],"wp:featuredmedia":[{"embeddable":true,"href":"https:\/\/blogs.correiobraziliense.com.br\/cbpoder\/wp-json\/wp\/v2\/media\/15174"}],"wp:attachment":[{"href":"https:\/\/blogs.correiobraziliense.com.br\/cbpoder\/wp-json\/wp\/v2\/media?parent=15161"}],"wp:term":[{"taxonomy":"category","embeddable":true,"href":"https:\/\/blogs.correiobraziliense.com.br\/cbpoder\/wp-json\/wp\/v2\/categories?post=15161"},{"taxonomy":"post_tag","embeddable":true,"href":"https:\/\/blogs.correiobraziliense.com.br\/cbpoder\/wp-json\/wp\/v2\/tags?post=15161"}],"curies":[{"name":"wp","href":"https:\/\/api.w.org\/{rel}","templated":true}]}}