{"id":15010,"date":"2019-04-16T08:01:43","date_gmt":"2019-04-16T11:01:43","guid":{"rendered":"https:\/\/blogs.correiobraziliense.com.br\/cbpoder\/?p=15010"},"modified":"2019-04-16T08:17:20","modified_gmt":"2019-04-16T11:17:20","slug":"ibaneis-banca-o-proprio-mandato-e-doa-salario-para-projetos-sociais","status":"publish","type":"post","link":"https:\/\/blogs.correiobraziliense.com.br\/cbpoder\/ibaneis-banca-o-proprio-mandato-e-doa-salario-para-projetos-sociais\/","title":{"rendered":"Ibaneis banca o pr\u00f3prio mandato e doa sal\u00e1rio para projetos sociais"},"content":{"rendered":"<p><strong>Coluna Eixo Capital\/Por Ana Maria Campos<\/strong><\/p>\n<p>Ao longo deste ano, o governador Ibaneis Rocha (PMDB) abrir\u00e1 m\u00e3o de R$ 225 mil, correspondentes ao sal\u00e1rio l\u00edquido mensal de R$ 18 mil. Ele formalizou ontem a doa\u00e7\u00e3o da renda em benef\u00edcio da Casa do Cear\u00e1, para que seja aplicada em projetos sociais voltados ao idoso carente. Ibaneis tem usado o carro pessoal, com gasolina paga do pr\u00f3prio bolso, e dispensou a seguran\u00e7a, a que tem direito por lei, para toda a fam\u00edlia, mesmo num momento em que tromba com o l\u00edder do PCC, Marcos Camacho, o Marcola. Al\u00e9m disso, mora na sua casa e arca com todas as despesas de alimenta\u00e7\u00e3o.<\/p>\n<h2><strong>Menos servidores por gabinete<\/strong><\/h2>\n<p>Jos\u00e9 Ant\u00f4nio Reguffe (Sem partido\/DF) \u00e9 o senador com menos servidores no gabinete entre os 81 parlamentares. S\u00e3o nove. Numa compara\u00e7\u00e3o com os demais integrantes da bancada do Distrito Federal, est\u00e1 bem atr\u00e1s nas despesas com funcion\u00e1rios. O senador Izalci Lucas (PSDB\/DF), at\u00e9 o momento, mant\u00e9m 69. Leila Barros (PSB\/DF), 34.<\/p>\n<h2><strong>Sem carro de chapa oficial<\/strong><\/h2>\n<p>Cinco senadores abriram m\u00e3o de um privil\u00e9gio que os trabalhadores comuns n\u00e3o disp\u00f5em: o carro oficial, com motorista. Jos\u00e9 Ant\u00f4nio Reguffe (Sem partido\/DF); Eduardo Gir\u00e3o (Pode\/CE); Jorge Kajuru (PSB\/GO); Conf\u00facio Moura (MDB\/RO); e Alessandro Vieira (Cidadania\/SE) andam em condu\u00e7\u00e3o pr\u00f3pria.<\/p>\n<h2><strong>Mais tempo para justificar ocupa\u00e7\u00e3o do Centrad<\/strong><\/h2>\n<p>O governador Ibaneis Rocha (MDB) pediu mais tempo para enviar ao Tribunal de Contas do DF as explica\u00e7\u00f5es sobre a ocupa\u00e7\u00e3o do Centro Administrativo do DF (Centrad). O prazo, previsto pelos conselheiros em vota\u00e7\u00e3o de plen\u00e1rio, <a href=\"https:\/\/blogs.correiobraziliense.com.br\/cbpoder\/tcdf-pede-explicacoes-sobre-ocupacao-do-centrad\/\">terminaria ontem<\/a>, mas o Executivo precisou de mais tr\u00eas dias para preparar toda a documenta\u00e7\u00e3o. A inten\u00e7\u00e3o de Ibaneis n\u00e3o \u00e9 fazer a mudan\u00e7a agora, mas assumir o complexo para come\u00e7ar a organizar as licita\u00e7\u00f5es das estruturas necess\u00e1rias para a transfer\u00eancia de \u00f3rg\u00e3os p\u00fablicos para Taguatinga.<\/p>\n<h2><strong>Engajados na MP da regi\u00e3o Metropolitana do DF<\/strong><\/h2>\n<p>O Governo do Distrito Federal segue trabalhando pela aprova\u00e7\u00e3o da medida provis\u00f3ria que prop\u00f5e a cria\u00e7\u00e3o da Regi\u00e3o Metropolitana do DF. Os secret\u00e1rios Paulo Roriz (Desenvolvimento da Regi\u00e3o Metropolitana), Vitor Paulo (Rela\u00e7\u00f5es Institucionais) e Marcelo Martins da Cunha (chefe-adjunto da Casa Civil) estiveram em Goi\u00e2nia ontem para tratar do assunto com gestores locais. Eles se encontraram com o secret\u00e1rio de Governo do estado de Goi\u00e1s, Ernesto Roller, e com o secret\u00e1rio da Casa Civil, Anderson M\u00e1ximo. A proposta do governo federal, amplamente apoiada pelo governador Ibaneis Rocha, busca legalizar a \u00e1rea comum do DF e de munic\u00edpios do Entorno \u2014 de Minas Gerais e de Goi\u00e1s. Hoje, a Comiss\u00e3o Mista do Senado que analisa o tema ter\u00e1 a quarta reuni\u00e3o.<\/p>\n<h2><strong>Homenagem \u00e0 neta de JK<\/strong><\/h2>\n<p>Na sess\u00e3o solene no plen\u00e1rio da C\u00e2mara dos Deputados pelos 59 anos do anivers\u00e1rio de Bras\u00edlia, presidida pela deputada Fl\u00e1via Arruda (PR\/DF), Anna Christina Kubitschek foi homenageada. A neta de JK e Fl\u00e1via fizeram dobradinha no governo do DF, quando Jos\u00e9 Roberto Arruda e Paulo Oct\u00e1vio comandaram o Pal\u00e1cio do Buriti, entre 2007 e 2010.<\/p>\n<h2><strong>Tricotando<\/strong><\/h2>\n<p>Cotada para ser a coordenadora da bancada de parlamentares do DF, a deputada Fl\u00e1via Arruda faz contatos entre as colegas. Na solenidade do anivers\u00e1rio de Bras\u00edlia ontem, ela deixou a cadeira de presidente do evento para se sentar no plen\u00e1rio ao lado da senadora Leila Barros (PSB\/DF).<\/p>\n<h2><strong>Siga o dinheiro<\/strong><\/h2>\n<p><em>R$ 132.081.364<\/em><\/p>\n<p>\u00c9 o valor do contrato emergencial, por dispensa de licita\u00e7\u00e3o, para execu\u00e7\u00e3o, por seis meses, de limpeza urbana e outros servi\u00e7os, como a opera\u00e7\u00e3o e manuten\u00e7\u00e3o da Usina de Tratamento Mec\u00e2nico Biol\u00f3gico da Asa Sul, desempenhados pela Sustentare.<\/p>\n<h2><strong>A pergunta que n\u00e3o quer calar\u2026.<\/strong><\/h2>\n<p>A briga <a href=\"https:\/\/www.correiobraziliense.com.br\/app\/noticia\/cidades\/2019\/04\/15\/interna_cidadesdf,749497\/policial-civil-mata-com-tres-tiros-tenente-da-pm-em-boate-aguas-claras.shtml\" target=\"_blank\" rel=\"noopener\">que resultou na morte de um policial militar<\/a> na madrugada de ontem em boate de \u00c1guas Claras ocorreria se os envolvidos n\u00e3o estivessem armados num momento de divers\u00e3o?<\/p>\n<h2><strong>Novos petebistas<\/strong><\/h2>\n<p>A deputada distrital Jaqueline Silva, que assumiu a Presid\u00eancia do PTB\/DF, organizou ato de filia\u00e7\u00e3o domingo, no Gama, de 400 lideran\u00e7as pol\u00edticas. O evento ocorre dias antes da elei\u00e7\u00e3o da nova dire\u00e7\u00e3o partid\u00e1ria at\u00e9 2022, que ocorrer\u00e1 em 8 de maio. Entre os novos filiados, est\u00e3o os ex-deputados distritais Jos\u00e9 Edmar e Raad Massouh.<\/p>\n<h2><strong>Vida que segue (fora do xadrez)<\/strong><\/h2>\n<p>Com autoriza\u00e7\u00e3o da Justi\u00e7a de Luiz Estev\u00e3o trabalhar e cumprir a pena no regime semiaberto e com a poss\u00edvel permiss\u00e3o para que Gim Argello saia da pris\u00e3o em liberdade condicional, <a href=\"https:\/\/www.correiobraziliense.com.br\/app\/noticia\/cidades\/2019\/04\/16\/interna_cidadesdf,749719\/preso-ha-tres-anos-gim-argello-esta-perto-de-deixar-a-cadeia.shtml\">como mostra reportagem publicada na edi\u00e7\u00e3o de hoje do <strong>Correio<\/strong><\/a>, os dois ex-senadores condenados voltar\u00e3o aos poucos \u00e0 atividade pol\u00edtica. Depois de tr\u00eas anos na pris\u00e3o, eles retornar\u00e3o \u00e0s ruas de Bras\u00edlia.<\/p>\n","protected":false},"excerpt":{"rendered":"<p>Coluna Eixo Capital\/Por Ana Maria Campos Ao longo deste ano, o governador Ibaneis Rocha (PMDB) abrir\u00e1 m\u00e3o de R$ 225 mil, correspondentes ao sal\u00e1rio l\u00edquido mensal de R$ 18 mil. Ele formalizou ontem a doa\u00e7\u00e3o da renda em benef\u00edcio da Casa do Cear\u00e1, para que seja aplicada em projetos sociais voltados ao idoso carente. Ibaneis tem usado o carro pessoal, [&hellip;]<\/p>\n","protected":false},"author":9,"featured_media":14985,"comment_status":"open","ping_status":"closed","sticky":false,"template":"","format":"standard","meta":{"footnotes":""},"categories":[234],"tags":[],"class_list":["post-15010","post","type-post","status-publish","format-standard","has-post-thumbnail","hentry","category-cb-poder"],"_links":{"self":[{"href":"https:\/\/blogs.correiobraziliense.com.br\/cbpoder\/wp-json\/wp\/v2\/posts\/15010","targetHints":{"allow":["GET"]}}],"collection":[{"href":"https:\/\/blogs.correiobraziliense.com.br\/cbpoder\/wp-json\/wp\/v2\/posts"}],"about":[{"href":"https:\/\/blogs.correiobraziliense.com.br\/cbpoder\/wp-json\/wp\/v2\/types\/post"}],"author":[{"embeddable":true,"href":"https:\/\/blogs.correiobraziliense.com.br\/cbpoder\/wp-json\/wp\/v2\/users\/9"}],"replies":[{"embeddable":true,"href":"https:\/\/blogs.correiobraziliense.com.br\/cbpoder\/wp-json\/wp\/v2\/comments?post=15010"}],"version-history":[{"count":3,"href":"https:\/\/blogs.correiobraziliense.com.br\/cbpoder\/wp-json\/wp\/v2\/posts\/15010\/revisions"}],"predecessor-version":[{"id":15013,"href":"https:\/\/blogs.correiobraziliense.com.br\/cbpoder\/wp-json\/wp\/v2\/posts\/15010\/revisions\/15013"}],"wp:featuredmedia":[{"embeddable":true,"href":"https:\/\/blogs.correiobraziliense.com.br\/cbpoder\/wp-json\/wp\/v2\/media\/14985"}],"wp:attachment":[{"href":"https:\/\/blogs.correiobraziliense.com.br\/cbpoder\/wp-json\/wp\/v2\/media?parent=15010"}],"wp:term":[{"taxonomy":"category","embeddable":true,"href":"https:\/\/blogs.correiobraziliense.com.br\/cbpoder\/wp-json\/wp\/v2\/categories?post=15010"},{"taxonomy":"post_tag","embeddable":true,"href":"https:\/\/blogs.correiobraziliense.com.br\/cbpoder\/wp-json\/wp\/v2\/tags?post=15010"}],"curies":[{"name":"wp","href":"https:\/\/api.w.org\/{rel}","templated":true}]}}