{"id":15002,"date":"2019-04-15T14:52:17","date_gmt":"2019-04-15T17:52:17","guid":{"rendered":"https:\/\/blogs.correiobraziliense.com.br\/cbpoder\/?p=15002"},"modified":"2019-04-15T15:00:18","modified_gmt":"2019-04-15T18:00:18","slug":"a-melhor-politica-publica-e-a-geracao-de-empregos-diz-paula-belmonte","status":"publish","type":"post","link":"https:\/\/blogs.correiobraziliense.com.br\/cbpoder\/a-melhor-politica-publica-e-a-geracao-de-empregos-diz-paula-belmonte\/","title":{"rendered":"\u201cA melhor pol\u00edtica p\u00fablica \u00e9 a gera\u00e7\u00e3o de empregos\u201d, diz Paula Belmonte"},"content":{"rendered":"<p>Apesar de ter sido eleita com a bandeira de defesa da inf\u00e2ncia e membro da Comiss\u00e3o de Educa\u00e7\u00e3o da C\u00e2mara, a deputada federal Paula Belmonte (Cidadania) afirmou que a gera\u00e7\u00e3o de empregos \u00e9 a melhor pol\u00edtica p\u00fablica para a situa\u00e7\u00e3o atual do pa\u00eds e do Distrito Federal. \u201cEu entrei defendendo a crian\u00e7a e o jovem, mas percebi que n\u00e3o adianta a melhor escola do mundo se aquela crian\u00e7a vai ter pai e m\u00e3e que n\u00e3o est\u00e3o empregados\u201d, disse, nesta segunda-feira (15\/04), em entrevista ao CB.Poder, parceria entre o <strong>Correio Braziliense<\/strong> e a TV Bras\u00edlia.<\/p>\n<p>Na conversa, a parlamentar defendeu a necessidade de apoiar a reforma da previd\u00eancia, al\u00e9m da tribut\u00e1ria e da pol\u00edtica. \u201cSe n\u00f3s quisermos mesmo que o Brasil v\u00e1 para frente, n\u00e3o podemos deixar de mexer nessas tr\u00eas pautas\u201d, afirmou. Na vis\u00e3o da deputada, as altera\u00e7\u00f5es nos sistemas tribut\u00e1rio e pol\u00edtico seriam ainda mais urgentes do que as mudan\u00e7as na aposentadoria. No entanto, ela observa que as duas enfrentariam resist\u00eancia mais pesada para a aprova\u00e7\u00e3o.<\/p>\n<p>\u201cQuando n\u00f3s falamos de reforma pol\u00edtica e tribut\u00e1ria, estamos falando de poder. Mexe no interesse de muita gente. Ent\u00e3o a previd\u00eancia, apesar de tudo, seria a mais f\u00e1cil de passar\u201d, comentou. \u201cMas s\u00e3o as outras fundamentais. Precisamos gerar emprego. O sistema tribut\u00e1rio \u00e9 extremamente complicado. As pessoas n\u00e3o compreendem o que acontece. E temos de fazer uma reforma pol\u00edtica porque o Brasil precisa ajeitar a casa\u201d, justificou.<\/p>\n<p>Questionada sobre a press\u00e3o de algumas categorias para barrar o avan\u00e7o da reforma da previd\u00eancia no Congresso Nacional, a deputada defendeu que \u00e9 preciso pensar, sobretudo, nos problemas do pa\u00eds. \u201cEu reconhe\u00e7o todas as categorias. Acho importante valorizar professores, militares, mas antes de sermos categoria, somos cidad\u00e3os brasileiros. O que \u00e9 mais importante? Colocar nosso pa\u00eds para andar ou pensar nisso?\u201d, disse.<\/p>\n<p><strong>Distrito Federal<\/strong><\/p>\n<p>Nos temas relacionados diretamente ao Distrito Federal, a deputada falou sobre a decis\u00e3o do Tribunal de Contas da Uni\u00e3o (TCU) que estabeleceu que os valores do imposto de renda das for\u00e7as de seguran\u00e7a do DF pertencem \u00e0 Uni\u00e3o e n\u00e3o \u00e0 capital, que as ret\u00e9m desde 2003. Com isso, o DF acumula uma d\u00edvida de R$ 10 bilh\u00f5es, al\u00e9m da perda de R$ 700 milh\u00f5es em arrecada\u00e7\u00e3o ao ano.<\/p>\n<p>Na semana passada, Paula se encontrou com o presidente do TCU, Jos\u00e9 M\u00facio Monteiro, para tratar do assunto. \u201cEles nos sugeriu que o Executivo entre com embargos, a\u00ed vai haver uma protela\u00e7\u00e3o para que isso n\u00e3o seja cobrado imediatamente. Esse \u00e9 o tempo de n\u00f3s mudarmos essa situa\u00e7\u00e3o na constitui\u00e7\u00e3o\u201d, declarou.<\/p>\n<p>Em um contexto financeiro como esse, a parlamentar avalia que quest\u00f5es como a concess\u00e3o de paridade para a Pol\u00edcia Civil (em rela\u00e7\u00e3o com o sal\u00e1rio da Pol\u00edcia Federal) precisam ser rediscutidas. \u201cAcho que \u00e9 um direito deles. E, quando o governador se pronuncia a favor, se torna mais direito ainda. Mas, na situa\u00e7\u00e3o de hoje, \u00e9 preciso sentar e conversar\u201d, ponderou.<\/p>\n<p><strong>Veja a \u00edntegra da entrevista:<\/strong><\/p>\n<p>https:\/\/www.facebook.com\/correiobraziliense\/videos\/2096852827050740\/<\/p>\n","protected":false},"excerpt":{"rendered":"<p>Eleita com a bandeira de defesa da inf\u00e2ncia e membro da Comiss\u00e3o de Educa\u00e7\u00e3o da C\u00e2mara, a deputada federal Paula Belmonte (Cidadania) afirmou que a gera\u00e7\u00e3o de empregos \u00e9 a melhor pol\u00edtica p\u00fablica para a situa\u00e7\u00e3o atual do pa\u00eds e do Distrito Federal.<\/p>\n","protected":false},"author":75,"featured_media":15003,"comment_status":"open","ping_status":"closed","sticky":false,"template":"","format":"standard","meta":{"footnotes":""},"categories":[234],"tags":[452,268,1763],"class_list":["post-15002","post","type-post","status-publish","format-standard","has-post-thumbnail","hentry","category-cb-poder","tag-cb-poder","tag-entrevista","tag-paula-belmonte"],"_links":{"self":[{"href":"https:\/\/blogs.correiobraziliense.com.br\/cbpoder\/wp-json\/wp\/v2\/posts\/15002","targetHints":{"allow":["GET"]}}],"collection":[{"href":"https:\/\/blogs.correiobraziliense.com.br\/cbpoder\/wp-json\/wp\/v2\/posts"}],"about":[{"href":"https:\/\/blogs.correiobraziliense.com.br\/cbpoder\/wp-json\/wp\/v2\/types\/post"}],"author":[{"embeddable":true,"href":"https:\/\/blogs.correiobraziliense.com.br\/cbpoder\/wp-json\/wp\/v2\/users\/75"}],"replies":[{"embeddable":true,"href":"https:\/\/blogs.correiobraziliense.com.br\/cbpoder\/wp-json\/wp\/v2\/comments?post=15002"}],"version-history":[{"count":3,"href":"https:\/\/blogs.correiobraziliense.com.br\/cbpoder\/wp-json\/wp\/v2\/posts\/15002\/revisions"}],"predecessor-version":[{"id":15006,"href":"https:\/\/blogs.correiobraziliense.com.br\/cbpoder\/wp-json\/wp\/v2\/posts\/15002\/revisions\/15006"}],"wp:featuredmedia":[{"embeddable":true,"href":"https:\/\/blogs.correiobraziliense.com.br\/cbpoder\/wp-json\/wp\/v2\/media\/15003"}],"wp:attachment":[{"href":"https:\/\/blogs.correiobraziliense.com.br\/cbpoder\/wp-json\/wp\/v2\/media?parent=15002"}],"wp:term":[{"taxonomy":"category","embeddable":true,"href":"https:\/\/blogs.correiobraziliense.com.br\/cbpoder\/wp-json\/wp\/v2\/categories?post=15002"},{"taxonomy":"post_tag","embeddable":true,"href":"https:\/\/blogs.correiobraziliense.com.br\/cbpoder\/wp-json\/wp\/v2\/tags?post=15002"}],"curies":[{"name":"wp","href":"https:\/\/api.w.org\/{rel}","templated":true}]}}