{"id":14998,"date":"2019-04-15T09:50:59","date_gmt":"2019-04-15T12:50:59","guid":{"rendered":"https:\/\/blogs.correiobraziliense.com.br\/cbpoder\/?p=14998"},"modified":"2019-04-15T09:57:06","modified_gmt":"2019-04-15T12:57:06","slug":"identidade-para-parentes-do-governador-servidores-poderiam-responder-por-improbidade","status":"publish","type":"post","link":"https:\/\/blogs.correiobraziliense.com.br\/cbpoder\/identidade-para-parentes-do-governador-servidores-poderiam-responder-por-improbidade\/","title":{"rendered":"Se criassem identidade para parentes do governador, servidores poderiam responder por improbidade"},"content":{"rendered":"<p><strong>Coluna Eixo Capital\/Por Ana Maria Campos<\/strong><\/p>\n<p>Se o <a href=\"https:\/\/blogs.correiobraziliense.com.br\/cbpoder\/ibaneis-desiste-de-carteira-de-identidade-para-parentes\/\">decreto que concedia identidade funcional a parentes do governador e do vice<\/a> seguisse em frente, servidores do Instituto de Identifica\u00e7\u00e3o da Pol\u00edcia Civil do DF poderiam ser alvo de a\u00e7\u00e3o de improbidade administrativa que seria ajuizada pelo Minist\u00e9rio P\u00fablico do Distrito Federal e Territ\u00f3rios (MPDFT). Nenhum servidor p\u00fablico \u00e9 obrigado a cumprir uma ordem ilegal, segundo chegaram a ponderar os promotores de Justi\u00e7a da Promotoria de Defesa do Patrim\u00f4nio P\u00fablico e Social (Prodep).<\/p>\n<h2><strong>No p\u00e9<\/strong><\/h2>\n<p>A OAB\/DF, sob a gest\u00e3o de D\u00e9lio Lins e Silva, advers\u00e1rio do grupo de Ibaneis Rocha, mais uma vez deu mostras de que vai fiscalizar o trabalho do governador. D\u00e9lio foi um dos cr\u00edticos das carteiras de identidade de parentes de autoridades do GDF.<\/p>\n<h2><strong>Nervos<\/strong><\/h2>\n<p>Nada tirou mais o governador Ibaneis Rocha do s\u00e9rio do que a repercuss\u00e3o negativa do decreto sobre as carteiras funcionais para parentes.<\/p>\n<h2><strong>Bateu, levou<\/strong><\/h2>\n<p>O projeto de emenda \u00e0 Lei Org\u00e2nica do DF que amplia poderes dos deputados para destinar recursos do or\u00e7amento irritou o governador Ibaneis Rocha (MDB). A aposta entre distritais \u00e9 de que o deputado Rob\u00e9rio Negreiros (PSD), que articula a aprova\u00e7\u00e3o da proposta, vai perder os poucos cargos que indicou no governo.<\/p>\n<h2><strong>Bom gosto<\/strong><\/h2>\n<p>O vice-governador Paco Britto deu um toque pessoal em seu gabinete no Pal\u00e1cio do Buriti. Escolheu uma obra do artista pl\u00e1stico brasiliense Paulino Aversa. Da chamada gera\u00e7\u00e3o Bras\u00edlia, Paulino sempre se inspira na cidade para produzir seu trabalho.<\/p>\n<h2><strong>Arrecada\u00e7\u00e3o cresceu<\/strong><\/h2>\n<p>Em tempos de m\u00e1s not\u00edcias com falta de recursos, um pequeno alento. A arrecada\u00e7\u00e3o tribut\u00e1ria do DF em mar\u00e7o foi de R$ 1.291.119.925,54. Houve crescimento de 8,5% em rela\u00e7\u00e3o ao mesmo per\u00edodo do ano passado, segundo levantamento do gabinete do deputado Chico Vigilante (PT). O IPCA acumulado dos \u00faltimos 12 meses foi de 4,58%.<\/p>\n<h2><strong>Seguran\u00e7a em debate<\/strong><\/h2>\n<p>O soci\u00f3logo Arthur Trindade, ex-secret\u00e1rio de Seguran\u00e7a P\u00fablica do DF, vai dar uma palestra intitulada \u201cSeguran\u00e7a P\u00fablica e medo do crime\u201d. Ser\u00e1 na pr\u00f3xima quarta-feira, no audit\u00f3rio do ICS da UnB, a partir de 16h30. Estudioso no assunto, ele tem uma vis\u00e3o estrat\u00e9gica sobre o combate \u00e0 criminalidade.<\/p>\n<h2><strong>Subchefia do F\u00f3rum de Governadores<\/strong><\/h2>\n<p>O governador Ibaneis Rocha est\u00e1 t\u00e3o engajado em conduzir um debate nacional sobre as necessidades dos estados que alterou a estrutura administrativa de seu gabinete para criar a subchefia do F\u00f3rum dos Governadores. Sem custos extras.<\/p>\n<h2><strong>Na fila<\/strong><\/h2>\n<p>No meio pol\u00edtico, h\u00e1 uma aposta de que, se o governador Ibaneis Rocha n\u00e3o disputar a reelei\u00e7\u00e3o, Jos\u00e9 Humberto Pires, coordenador do programa SOS DF, tem tudo para ser seu sucessor. Ainda falta muito tempo, mas os pol\u00edticos j\u00e1 terminam uma elei\u00e7\u00e3o pensando na pr\u00f3xima.<\/p>\n<blockquote>\n<p style=\"text-align: right\">\u201c\u00c9 poss\u00edvel perdoar o holocausto, mas n\u00e3o esquecer\u201d<br \/>\n<strong>Presidente Jair Bolsonaro<\/strong><\/p>\n<p style=\"text-align: right\">\u201cSe o nazismo fosse de esquerda, Bolsonaro n\u00e3o teria perdoado o holocausto\u201d<br \/>\n<strong>Ex-prefeito de S\u00e3o Paulo Fernando Haddad, que concorreu \u00e0 Presid\u00eancia<\/strong><\/p>\n<\/blockquote>\n<h2><strong>A pergunta que n\u00e3o quer calar\u2026<\/strong><\/h2>\n<p>Quanto tempo S\u00e9rgio Moro ficar\u00e1 no Minist\u00e9rio da Justi\u00e7a e Seguran\u00e7a P\u00fablica sem nenhum esfor\u00e7o da base aliada para aprovar o pacote anticrime, possivelmente perdendo poderes, como o comando do Coaf, e sem condi\u00e7\u00f5es de se posicionar sobre temas pol\u00eamicos para n\u00e3o desagradar o presidente Jair Bolsonaro?<\/p>\n<h2><strong><em>Siga o dinheiro<\/em><\/strong><\/h2>\n<p><em>R$ 573.439,00<\/em><\/p>\n<p>\u00c9 o valor estimado pelo Departamento de Estradas de Rodagem (DER) para contrata\u00e7\u00e3o de empresa especializada para a presta\u00e7\u00e3o dos servi\u00e7os de manuten\u00e7\u00e3o preventiva e corretiva com eventual reposi\u00e7\u00e3o de pe\u00e7as nos aparelhos de ar-condicionado pertencentes ao \u00f3rg\u00e3o.<\/p>\n<h2><strong>Mandou bem<\/strong><\/h2>\n<p>A Comiss\u00e3o de Educa\u00e7\u00e3o, Sa\u00fade e Cultura da C\u00e2mara Legislativa aprovou projeto que obriga a apresenta\u00e7\u00e3o da carteira de vacina\u00e7\u00e3o no ato da matr\u00edcula de crian\u00e7as em escolas e creches p\u00fablicas ou privadas. Proposta do deputado Iolando (PSC).<\/p>\n<h2><strong>Mandou mal<\/strong><\/h2>\n<p>O deputado Jos\u00e9 Gomes (PSB), corregedor da C\u00e2mara Legislativa, estreou mal a carreira pol\u00edtica. Cem dias depois de tomar posse, <a href=\"https:\/\/blogs.correiobraziliense.com.br\/cbpoder\/tre-df-cassa-mandato-de-distrital-jose-gomes-por-abuso-de-poder-economico\/\">ele teve o mandato cassado por unanimidade pelo TRE\/DF por abuso de poder econ\u00f4mico<\/a>.<\/p>\n<h2><strong>Enquanto isso\u2026 Na sala de Justi\u00e7a<\/strong><\/h2>\n<p>Muitos advogados t\u00eam se apresentado como candidatos \u00e0 vaga de desembargador do quinto constitucional aberta no Tribunal de Justi\u00e7a do DF. Mais de 30 concorrentes se preparam para disputar, mas quem acompanha o processo aponta que a ala feminina ainda \u00e9 reduzida. Poucas mulheres est\u00e3o no p\u00e1reo.<\/p>\n","protected":false},"excerpt":{"rendered":"<p>Coluna Eixo Capital\/Por Ana Maria Campos Se o decreto que concedia identidade funcional a parentes do governador e do vice seguisse em frente, servidores do Instituto de Identifica\u00e7\u00e3o da Pol\u00edcia Civil do DF poderiam ser alvo de a\u00e7\u00e3o de improbidade administrativa que seria ajuizada pelo Minist\u00e9rio P\u00fablico do Distrito Federal e Territ\u00f3rios (MPDFT). Nenhum servidor p\u00fablico \u00e9 obrigado a cumprir [&hellip;]<\/p>\n","protected":false},"author":9,"featured_media":14999,"comment_status":"open","ping_status":"closed","sticky":false,"template":"","format":"standard","meta":{"footnotes":""},"categories":[234],"tags":[],"class_list":["post-14998","post","type-post","status-publish","format-standard","has-post-thumbnail","hentry","category-cb-poder"],"_links":{"self":[{"href":"https:\/\/blogs.correiobraziliense.com.br\/cbpoder\/wp-json\/wp\/v2\/posts\/14998","targetHints":{"allow":["GET"]}}],"collection":[{"href":"https:\/\/blogs.correiobraziliense.com.br\/cbpoder\/wp-json\/wp\/v2\/posts"}],"about":[{"href":"https:\/\/blogs.correiobraziliense.com.br\/cbpoder\/wp-json\/wp\/v2\/types\/post"}],"author":[{"embeddable":true,"href":"https:\/\/blogs.correiobraziliense.com.br\/cbpoder\/wp-json\/wp\/v2\/users\/9"}],"replies":[{"embeddable":true,"href":"https:\/\/blogs.correiobraziliense.com.br\/cbpoder\/wp-json\/wp\/v2\/comments?post=14998"}],"version-history":[{"count":2,"href":"https:\/\/blogs.correiobraziliense.com.br\/cbpoder\/wp-json\/wp\/v2\/posts\/14998\/revisions"}],"predecessor-version":[{"id":15001,"href":"https:\/\/blogs.correiobraziliense.com.br\/cbpoder\/wp-json\/wp\/v2\/posts\/14998\/revisions\/15001"}],"wp:featuredmedia":[{"embeddable":true,"href":"https:\/\/blogs.correiobraziliense.com.br\/cbpoder\/wp-json\/wp\/v2\/media\/14999"}],"wp:attachment":[{"href":"https:\/\/blogs.correiobraziliense.com.br\/cbpoder\/wp-json\/wp\/v2\/media?parent=14998"}],"wp:term":[{"taxonomy":"category","embeddable":true,"href":"https:\/\/blogs.correiobraziliense.com.br\/cbpoder\/wp-json\/wp\/v2\/categories?post=14998"},{"taxonomy":"post_tag","embeddable":true,"href":"https:\/\/blogs.correiobraziliense.com.br\/cbpoder\/wp-json\/wp\/v2\/tags?post=14998"}],"curies":[{"name":"wp","href":"https:\/\/api.w.org\/{rel}","templated":true}]}}