{"id":14993,"date":"2019-04-14T14:51:18","date_gmt":"2019-04-14T17:51:18","guid":{"rendered":"https:\/\/blogs.correiobraziliense.com.br\/cbpoder\/?p=14993"},"modified":"2019-04-14T14:53:24","modified_gmt":"2019-04-14T17:53:24","slug":"justica-aumenta-pena-de-ex-deputado-alberto-fraga-para-5-anos-de-prisao-em-regime-semiaberto","status":"publish","type":"post","link":"https:\/\/blogs.correiobraziliense.com.br\/cbpoder\/justica-aumenta-pena-de-ex-deputado-alberto-fraga-para-5-anos-de-prisao-em-regime-semiaberto\/","title":{"rendered":"Justi\u00e7a aumenta pena de ex-deputado Alberto Fraga para 5 anos de pris\u00e3o em regime semiaberto"},"content":{"rendered":"<p>Enquanto aguarda um convite do presidente Jair Bolsonaro para ocupar cargo no governo, o ex-deputado Alberto Fraga (DEM\/DF) sofreu um rev\u00e9s na semana passada. O juiz F\u00e1bio Esteves, da Vara Criminal do N\u00facleo Bandeirante, acatou recurso do Minist\u00e9rio P\u00fablico do DF e aumentou a pena de Fraga na den\u00fancia por concuss\u00e3o ao exigir vantagens de cooperativa de transporte. Com isso, a pena do ex-secret\u00e1rio de Transportes passou de 4 anos e 2 meses de reclus\u00e3o e 20 dias-multa para 5 anos de reclus\u00e3o, em regime semiaberto, e 25 dias-multa. Assim fica dif\u00edcil&#8230;<\/p>\n","protected":false},"excerpt":{"rendered":"<p>Enquanto aguarda um convite do presidente Jair Bolsonaro para ocupar cargo no governo, o ex-deputado Alberto Fraga (DEM\/DF) sofreu um rev\u00e9s na semana passada. O juiz F\u00e1bio Esteves, da Vara Criminal do N\u00facleo Bandeirante, acatou recurso do Minist\u00e9rio P\u00fablico do DF e aumentou a pena de Fraga na den\u00fancia por concuss\u00e3o ao exigir vantagens de cooperativa de transporte. Com isso, [&hellip;]<\/p>\n","protected":false},"author":9,"featured_media":14994,"comment_status":"open","ping_status":"closed","sticky":false,"template":"","format":"standard","meta":{"footnotes":""},"categories":[234],"tags":[693,1334,179,81,56,9],"class_list":["post-14993","post","type-post","status-publish","format-standard","has-post-thumbnail","hentry","category-cb-poder","tag-alberto-fraga","tag-condenacao","tag-df","tag-fraga","tag-justica","tag-transporte"],"_links":{"self":[{"href":"https:\/\/blogs.correiobraziliense.com.br\/cbpoder\/wp-json\/wp\/v2\/posts\/14993","targetHints":{"allow":["GET"]}}],"collection":[{"href":"https:\/\/blogs.correiobraziliense.com.br\/cbpoder\/wp-json\/wp\/v2\/posts"}],"about":[{"href":"https:\/\/blogs.correiobraziliense.com.br\/cbpoder\/wp-json\/wp\/v2\/types\/post"}],"author":[{"embeddable":true,"href":"https:\/\/blogs.correiobraziliense.com.br\/cbpoder\/wp-json\/wp\/v2\/users\/9"}],"replies":[{"embeddable":true,"href":"https:\/\/blogs.correiobraziliense.com.br\/cbpoder\/wp-json\/wp\/v2\/comments?post=14993"}],"version-history":[{"count":1,"href":"https:\/\/blogs.correiobraziliense.com.br\/cbpoder\/wp-json\/wp\/v2\/posts\/14993\/revisions"}],"predecessor-version":[{"id":14995,"href":"https:\/\/blogs.correiobraziliense.com.br\/cbpoder\/wp-json\/wp\/v2\/posts\/14993\/revisions\/14995"}],"wp:featuredmedia":[{"embeddable":true,"href":"https:\/\/blogs.correiobraziliense.com.br\/cbpoder\/wp-json\/wp\/v2\/media\/14994"}],"wp:attachment":[{"href":"https:\/\/blogs.correiobraziliense.com.br\/cbpoder\/wp-json\/wp\/v2\/media?parent=14993"}],"wp:term":[{"taxonomy":"category","embeddable":true,"href":"https:\/\/blogs.correiobraziliense.com.br\/cbpoder\/wp-json\/wp\/v2\/categories?post=14993"},{"taxonomy":"post_tag","embeddable":true,"href":"https:\/\/blogs.correiobraziliense.com.br\/cbpoder\/wp-json\/wp\/v2\/tags?post=14993"}],"curies":[{"name":"wp","href":"https:\/\/api.w.org\/{rel}","templated":true}]}}