{"id":14953,"date":"2019-04-10T14:53:29","date_gmt":"2019-04-10T17:53:29","guid":{"rendered":"https:\/\/blogs.correiobraziliense.com.br\/cbpoder\/?p=14953"},"modified":"2019-04-10T16:03:50","modified_gmt":"2019-04-10T19:03:50","slug":"apesar-de-prever-dezenas-de-cortes-ibaneis-mantem-promessa-de-aumento-para-a-policia-civil","status":"publish","type":"post","link":"https:\/\/blogs.correiobraziliense.com.br\/cbpoder\/apesar-de-prever-dezenas-de-cortes-ibaneis-mantem-promessa-de-aumento-para-a-policia-civil\/","title":{"rendered":"Apesar de prever dezenas de cortes, Ibaneis mant\u00e9m promessa de aumento para a Pol\u00edcia Civil"},"content":{"rendered":"<p><span style=\"font-weight: 400\">No mesmo dia em que projetou<a href=\"https:\/\/blogs.correiobraziliense.com.br\/cbpoder\/ibaneis-preve-cortes-drasticos-no-orcamento-caso-nao-reverta-decisao-do-tcu\/\" target=\"_blank\" rel=\"noopener\"> dezenas de tesouradas no or\u00e7amento caso n\u00e3o consiga reverter uma decis\u00e3o do Tribunal de Contas da Uni\u00e3o (TCU)<\/a>, o governador Ibaneis Rocha (MDB) afirmou que mant\u00e9m o compromisso de conceder a paridade salarial da Pol\u00edcia Civil com a Federal, por meio do reajuste de 37%, escalonado em seis parcelas. \u201cNos \u00faltimos anos, todas as categorias foram beneficiadas. Mas, como as Pol\u00edcias Civil e Militar e o Corpo de Bombeiros dependem de uma medida provis\u00f3ria ou de projeto de lei do governo federal para conseguir o aumento, est\u00e3o com uma defasagem muito grande\u201d, disse, nesta quarta-feira (10\/04), em entrevista ao CB.Poder, uma parceria entre o <\/span><b>Correio Braziliense<\/b><span style=\"font-weight: 400\"> e a TV Bras\u00edlia. \u00a0<\/span><\/p>\n<p>&nbsp;<\/p>\n<blockquote><p><span style=\"font-weight: 400\">O ac\u00f3rd\u00e3o do TCU estabeleceu que os valores do imposto de renda das for\u00e7as de seguran\u00e7a do DF pertencem a Uni\u00e3o e, n\u00e3o, \u00e0 capital, que as ret\u00e9m desde 2003 \u2014 a decis\u00e3o imputou uma d\u00edvida de R$ 10 bilh\u00f5es ao GDF, al\u00e9m da perda de R$ 700 milh\u00f5es em arrecada\u00e7\u00e3o ao ano. A condi\u00e7\u00e3o, entretanto, n\u00e3o compromete a promessa de campanha, segundo Ibaneis. \u201cEsses R$ 700 milh\u00f5es n\u00e3o saem do Fundo Constitucional [que custeia os sal\u00e1rios]. Saem do or\u00e7amento, porque s\u00e3o provenientes de impostos. Ent\u00e3o, o Fundo ainda comporta o pagamento deles\u201d, explicou.<\/span><\/p><\/blockquote>\n<p>&nbsp;<\/p>\n<p><span style=\"font-weight: 400\">Apesar das declara\u00e7\u00f5es do governador, a concess\u00e3o da paridade depende do aval do governo federal. Nos bastidores do Minist\u00e9rio do Planejamento, a proposta \u00e9 vista como inconveniente ao momento em que o Planalto articula a reforma da Previd\u00eancia e precisa manter o discurso de austeridade. A estimativa \u00e9 de que o reajuste custe R$ 600 milh\u00f5es ao Fundo Constitucional do DF.<\/span><\/p>\n<p>&nbsp;<\/p>\n<h2><b>DFTrans<\/b><\/h2>\n<p>&nbsp;<\/p>\n<p><span style=\"font-weight: 400\">O governador tamb\u00e9m fez um balan\u00e7o dos 100 dias \u00e0 frente do Pal\u00e1cio do Buriti e falou sobre as principais dificuldades. Entre elas, as constantes falhas no DFTrans. Para reverter o quadro, Ibaneis pediu \u00e0 equipe a elabora\u00e7\u00e3o, at\u00e9 a pr\u00f3xima semana, de um projeto de lei para extinguir o \u00f3rg\u00e3o \u2014 a proposta ser\u00e1 encaminhada \u00e0 C\u00e2mara Legislativa. \u201cS\u00f3 n\u00e3o ir\u00e1 acabar se os distritais acharem por bem mant\u00ea-lo&#8221;, cravou.<\/span><\/p>\n<p>&nbsp;<\/p>\n<blockquote><p><span style=\"font-weight: 400\">A bilhetagem do DFTrans passar\u00e1 para as m\u00e3os do BRB e, caso o \u00f3rg\u00e3o de fato seja extinto, as demais fun\u00e7\u00f5es ficar\u00e3o a cargo da subsecretaria de Fiscaliza\u00e7\u00e3o, vinculada \u00e0 Secretaria de Mobilidade. \u201cO DFTrans ficou entranhado nas empresas que passaram por l\u00e1, pela quantidade de roubos e pelas diversas opera\u00e7\u00f5es policiais. Eles n\u00e3o conseguem planejar um futuro. Ent\u00e3o, vou tocar o meu projeto\u201d, complementou. <\/span><\/p><\/blockquote>\n<p>&nbsp;<\/p>\n<p><span style=\"font-weight: 400\">De acordo com o governador, a sa\u00fade \u00e9 a \u00e1rea que mais o surpreendeu em rela\u00e7\u00e3o aos avan\u00e7os nos tr\u00eas primeiros meses de comando. \u201cTivemos o apoio da C\u00e2mara Legislativa para ampliar o alcance do Instituto. Estamos terminando de reformar todas as UPAs coordenadas por ele. Al\u00e9m disso, o Hospital Regional de Santa Maria est\u00e1 com novos equipamentos, finalizando a sele\u00e7\u00e3o de profissionais. Pagamos horas atrasadas, fizemos mais de 16 mil cirurgias\u201d, detalhou. <\/span><span style=\"font-weight: 400\">Em contrapartida, afirmou que a gest\u00e3o precisa \u201cacelerar um pouco mais\u201d na \u00e1rea de educa\u00e7\u00e3o. \u201c\u00c9 um setor que ficou abandonado por muitos anos, sucateado. Precisamos construir escolas e creches\u201d, frisou.<\/span><\/p>\n<p>&nbsp;<\/p>\n<h2><b>Centrad<\/b><\/h2>\n<p>&nbsp;<\/p>\n<p><span style=\"font-weight: 400\">Ibaneis Rocha afirmou, ainda, que pretende resolver, nos pr\u00f3ximos seis meses, o futuro de um dos maiores elefantes brancos da capital: o Centro Administrativo do Distrito Federal (CADF), localizado em Taguatinga. A transi\u00e7\u00e3o deve come\u00e7ar nesta sexta-feira. \u201cA partir da assinatura do documento, vamos iniciar as obras complementares para conseguir o habite-se, al\u00e9m das obras vi\u00e1rias nas imedia\u00e7\u00f5es. Tamb\u00e9m lan\u00e7aremos as licita\u00e7\u00f5es para equipar o local\u201d, alegou.<\/span><\/p>\n<p>&nbsp;<\/p>\n<p><span style=\"font-weight: 400\">Segundo o governador, o pre\u00e7o para a compra do im\u00f3vel ser\u00e1 fechado ap\u00f3s uma an\u00e1lise elaborada pela Caixa Econ\u00f4mica Federal e pelo <\/span><span style=\"font-weight: 400\">Escrit\u00f3rio das Na\u00e7\u00f5es Unidas de Servi\u00e7os para Projetos (Unops). \u201cAt\u00e9 l\u00e1, n\u00e3o pagaremos nada. \u00c9 um absurdo uma obra monumental, constru\u00edda em um terreno do DF, ficar abandonada\u201d, disse.<\/span><\/p>\n<p>&nbsp;<\/p>\n<h3>Confira a \u00edntegra:<\/h3>\n<p>&nbsp;<\/p>\n<p>https:\/\/www.youtube.com\/watch?v=kqpKgFYUFlM<\/p>\n","protected":false},"excerpt":{"rendered":"<p>No mesmo dia em que projetou dezenas de tesouradas no or\u00e7amento caso n\u00e3o consiga reverter uma decis\u00e3o do Tribunal de Contas da Uni\u00e3o (TCU), o governador Ibaneis Rocha (MDB) afirmou que mant\u00e9m o compromisso de conceder a paridade salarial da Pol\u00edcia Civil com a Federal, por meio do reajuste de 37%, escalonado em seis parcelas. \u201cNos \u00faltimos anos, todas as [&hellip;]<\/p>\n","protected":false},"author":90,"featured_media":14958,"comment_status":"open","ping_status":"closed","sticky":false,"template":"","format":"standard","meta":{"footnotes":""},"categories":[234],"tags":[289,259,917,467,102,288,138,867],"class_list":["post-14953","post","type-post","status-publish","format-standard","has-post-thumbnail","hentry","category-cb-poder","tag-aumento","tag-educacao","tag-ibaneis-rocha","tag-paridade","tag-policia-civil","tag-reajuste","tag-saude","tag-tcu"],"_links":{"self":[{"href":"https:\/\/blogs.correiobraziliense.com.br\/cbpoder\/wp-json\/wp\/v2\/posts\/14953","targetHints":{"allow":["GET"]}}],"collection":[{"href":"https:\/\/blogs.correiobraziliense.com.br\/cbpoder\/wp-json\/wp\/v2\/posts"}],"about":[{"href":"https:\/\/blogs.correiobraziliense.com.br\/cbpoder\/wp-json\/wp\/v2\/types\/post"}],"author":[{"embeddable":true,"href":"https:\/\/blogs.correiobraziliense.com.br\/cbpoder\/wp-json\/wp\/v2\/users\/90"}],"replies":[{"embeddable":true,"href":"https:\/\/blogs.correiobraziliense.com.br\/cbpoder\/wp-json\/wp\/v2\/comments?post=14953"}],"version-history":[{"count":4,"href":"https:\/\/blogs.correiobraziliense.com.br\/cbpoder\/wp-json\/wp\/v2\/posts\/14953\/revisions"}],"predecessor-version":[{"id":14963,"href":"https:\/\/blogs.correiobraziliense.com.br\/cbpoder\/wp-json\/wp\/v2\/posts\/14953\/revisions\/14963"}],"wp:featuredmedia":[{"embeddable":true,"href":"https:\/\/blogs.correiobraziliense.com.br\/cbpoder\/wp-json\/wp\/v2\/media\/14958"}],"wp:attachment":[{"href":"https:\/\/blogs.correiobraziliense.com.br\/cbpoder\/wp-json\/wp\/v2\/media?parent=14953"}],"wp:term":[{"taxonomy":"category","embeddable":true,"href":"https:\/\/blogs.correiobraziliense.com.br\/cbpoder\/wp-json\/wp\/v2\/categories?post=14953"},{"taxonomy":"post_tag","embeddable":true,"href":"https:\/\/blogs.correiobraziliense.com.br\/cbpoder\/wp-json\/wp\/v2\/tags?post=14953"}],"curies":[{"name":"wp","href":"https:\/\/api.w.org\/{rel}","templated":true}]}}