{"id":14931,"date":"2019-04-08T14:57:31","date_gmt":"2019-04-08T17:57:31","guid":{"rendered":"https:\/\/blogs.correiobraziliense.com.br\/cbpoder\/?p=14931"},"modified":"2019-04-08T14:57:31","modified_gmt":"2019-04-08T17:57:31","slug":"espero-que-nao-de-muita-bola-para-cortinas-de-fumaca-diz-secretario-de-educacao-sobre-novo-ministro","status":"publish","type":"post","link":"https:\/\/blogs.correiobraziliense.com.br\/cbpoder\/espero-que-nao-de-muita-bola-para-cortinas-de-fumaca-diz-secretario-de-educacao-sobre-novo-ministro\/","title":{"rendered":"\u201cEspero que n\u00e3o d\u00ea muita bola para cortinas de fuma\u00e7a\u201d, diz secret\u00e1rio de Educa\u00e7\u00e3o sobre novo ministro"},"content":{"rendered":"<p><span style=\"font-weight: 400\">O secret\u00e1rio de Educa\u00e7\u00e3o do Distrito Federal, Rafael Parente, classificou como \u201cum al\u00edvio\u201d a troca do comando do Minist\u00e9rio da Educa\u00e7\u00e3o. \u201cEstamos sofrendo bastante, pois estados e munic\u00edpios dependem dos recursos federais para uma complementa\u00e7\u00e3o de or\u00e7amento e para a oferta de um servi\u00e7o de melhor qualidade nas escolas\u201d, pontuou, em entrevista ao <\/span><i><span style=\"font-weight: 400\">CB.Poder<\/span><\/i><span style=\"font-weight: 400\">, uma parceria entre o <\/span><b>Correio Braziliense<\/b><span style=\"font-weight: 400\"> e a TV Bras\u00edlia, nesta segunda-feira (08\/04).<\/span><\/p>\n<p>&nbsp;<\/p>\n<p><span style=\"font-weight: 400\">O presidente Jair Bolsonaro (PSL) anunciou, pela manh\u00e3, a demiss\u00e3o de Ricardo V\u00e9lez Rodr\u00edguez, cuja curta gest\u00e3o foi permeada por pol\u00eamicas. No lugar dele, entrou Abraham Weintraub. \u201cEspero que, de fato, consiga priorizar a gest\u00e3o; que n\u00e3o d\u00ea muita bola para cortinas de fuma\u00e7a e quest\u00f5es que n\u00e3o s\u00e3o t\u00e3o importantes quanto a quantidade de crian\u00e7as que n\u00e3o conseguem ser alfabetizadas ou o n\u00famero de jovens que terminam o ensino m\u00e9dio sem saber o b\u00e1sico de matem\u00e1tica e v\u00e3o para a faculdade sem saber ler e interpretar um texto\u201d, assinalou Parente. <\/span><\/p>\n<p>&nbsp;<\/p>\n<p><span style=\"font-weight: 400\">O titular da pasta de Educa\u00e7\u00e3o do DF disse n\u00e3o conhecer o perfil de Weintraub, assim como diversos educadores. Entretanto, acrescentou que a expectativa \u00e9 de \u201cmelhoras e continuidade das pol\u00edticas p\u00fablicas do MEC\u201d. \u201cAcho que existem discuss\u00f5es que podem existir, mas n\u00e3o devem ser a prioridade, porque n\u00e3o s\u00e3o fundamentais. Por exemplo, a quest\u00e3o do homeschooling. Existe o interesse por parte de fam\u00edlias e setores e vamos discuti-lo. Mas vamos tamb\u00e9m compreender que existem coisas muito anteriores e muito mais importantes\u201d, observou.<\/span><\/p>\n<p>&nbsp;<\/p>\n<h2><b>Or\u00e7amento<\/b><\/h2>\n<p>&nbsp;<\/p>\n<p><span style=\"font-weight: 400\">De acordo com Parente, o alinhamento da Secretaria com o Minist\u00e9rio da Educa\u00e7\u00e3o tornou-se ainda mais importante ap\u00f3s recente decis\u00e3o do Tribunal de Contas da Uni\u00e3o (TCU). H\u00e1 duas semanas, os ministros da Corte entenderam que os valores do imposto de renda incidente sobre o sal\u00e1rio de servidores da seguran\u00e7a p\u00fablica pertencem \u00e0 Uni\u00e3o e, n\u00e3o, ao DF \u2014 os sal\u00e1rios s\u00e3o custeados pelo Fundo Constitucional, abastecido pelo governo federal. O ac\u00f3rd\u00e3o acarretou em uma d\u00edvida de R$ 10 bilh\u00f5es para a capital, al\u00e9m da perda de R$ 700 milh\u00f5es em arrecada\u00e7\u00e3o por ano.<\/span><\/p>\n<p>&nbsp;<\/p>\n<p><span style=\"font-weight: 400\">O secret\u00e1rio de Educa\u00e7\u00e3o afirmou que, nesse contexto, a pasta apostar\u00e1 em parcerias com o governo federal. \u201cPor isso, importa tanto a mudan\u00e7a de ministro, do presidente do FNDE [Fundo Nacional de Desenvolvimento da Educa\u00e7\u00e3o], e afins\u201d, alegou. \u201cSabemos que h\u00e1 o Fundeb [Fundo de Manuten\u00e7\u00e3o e Desenvolvimento da Educa\u00e7\u00e3o B\u00e1sica e de Valoriza\u00e7\u00e3o dos Profissionais da Educa\u00e7\u00e3o], garantido cerca de R$ 2 bilh\u00f5es; o sal\u00e1rio-educa\u00e7\u00e3o, de R$ 230 milh\u00f5es. S\u00e3o montantes consider\u00e1veis, mas isso n\u00e3o quer dizer que n\u00e3o possamos buscar novos recursos. H\u00e1, inclusive, a possibilidade de a Uni\u00e3o usar o dinheiro do pr\u00e9-sal na educa\u00e7\u00e3o e sa\u00fade dos estados\u201d, complementou.<\/span><\/p>\n","protected":false},"excerpt":{"rendered":"<p>O secret\u00e1rio de Educa\u00e7\u00e3o do Distrito Federal, Rafael Parente, classificou como \u201cum al\u00edvio\u201d a troca do comando do Minist\u00e9rio da Educa\u00e7\u00e3o. \u201cEstamos sofrendo bastante, pois estados e munic\u00edpios dependem dos recursos federais para uma complementa\u00e7\u00e3o de or\u00e7amento e para a oferta de um servi\u00e7o de melhor qualidade nas escolas\u201d, pontuou, em entrevista ao CB.Poder, uma parceria entre o Correio Braziliense [&hellip;]<\/p>\n","protected":false},"author":90,"featured_media":14831,"comment_status":"open","ping_status":"closed","sticky":false,"template":"","format":"standard","meta":{"footnotes":""},"categories":[234],"tags":[1749,1750,1751,1748],"class_list":["post-14931","post","type-post","status-publish","format-standard","has-post-thumbnail","hentry","category-cb-poder","tag-ministerio-da-educacao","tag-rafael-parente","tag-ricardo-velez-rodriguez","tag-secretario-de-educacao"],"_links":{"self":[{"href":"https:\/\/blogs.correiobraziliense.com.br\/cbpoder\/wp-json\/wp\/v2\/posts\/14931","targetHints":{"allow":["GET"]}}],"collection":[{"href":"https:\/\/blogs.correiobraziliense.com.br\/cbpoder\/wp-json\/wp\/v2\/posts"}],"about":[{"href":"https:\/\/blogs.correiobraziliense.com.br\/cbpoder\/wp-json\/wp\/v2\/types\/post"}],"author":[{"embeddable":true,"href":"https:\/\/blogs.correiobraziliense.com.br\/cbpoder\/wp-json\/wp\/v2\/users\/90"}],"replies":[{"embeddable":true,"href":"https:\/\/blogs.correiobraziliense.com.br\/cbpoder\/wp-json\/wp\/v2\/comments?post=14931"}],"version-history":[{"count":1,"href":"https:\/\/blogs.correiobraziliense.com.br\/cbpoder\/wp-json\/wp\/v2\/posts\/14931\/revisions"}],"predecessor-version":[{"id":14932,"href":"https:\/\/blogs.correiobraziliense.com.br\/cbpoder\/wp-json\/wp\/v2\/posts\/14931\/revisions\/14932"}],"wp:featuredmedia":[{"embeddable":true,"href":"https:\/\/blogs.correiobraziliense.com.br\/cbpoder\/wp-json\/wp\/v2\/media\/14831"}],"wp:attachment":[{"href":"https:\/\/blogs.correiobraziliense.com.br\/cbpoder\/wp-json\/wp\/v2\/media?parent=14931"}],"wp:term":[{"taxonomy":"category","embeddable":true,"href":"https:\/\/blogs.correiobraziliense.com.br\/cbpoder\/wp-json\/wp\/v2\/categories?post=14931"},{"taxonomy":"post_tag","embeddable":true,"href":"https:\/\/blogs.correiobraziliense.com.br\/cbpoder\/wp-json\/wp\/v2\/tags?post=14931"}],"curies":[{"name":"wp","href":"https:\/\/api.w.org\/{rel}","templated":true}]}}