{"id":14926,"date":"2019-04-08T07:59:03","date_gmt":"2019-04-08T10:59:03","guid":{"rendered":"https:\/\/blogs.correiobraziliense.com.br\/cbpoder\/?p=14926"},"modified":"2019-04-08T07:59:03","modified_gmt":"2019-04-08T10:59:03","slug":"pouco-se-percebia-que-viviamos-ditadura-izalci-lucas-1964","status":"publish","type":"post","link":"https:\/\/blogs.correiobraziliense.com.br\/cbpoder\/pouco-se-percebia-que-viviamos-ditadura-izalci-lucas-1964\/","title":{"rendered":"&#8216;Pouco se percebia que viv\u00edamos uma ditadura&#8217;, diz Izalci Lucas sobre 1964"},"content":{"rendered":"<p><strong>Coluna Eixo Capital\/ Por Ana Maria Campos<\/strong><\/p>\n<p>&nbsp;<\/p>\n<p><em><strong>\u00c0 QUEIMA-ROUPA<\/strong><\/em><\/p>\n<p>Senador Izalci Lucas (PSDB\/DF)<\/p>\n<p><strong>O senhor aguarda convite do presidente Jair bolsonaro para o Minist\u00e9rio da Educa\u00e7\u00e3o?<\/strong><\/p>\n<p>N\u00e3o. Isso \u00e9 uma prerrogativa do presidente. \u00c9 um cargo de confian\u00e7a e cabe a ele escolher, de acordo com o que ele priorizar para a educa\u00e7\u00e3o.<\/p>\n<p><strong>O ministro Ricardo V\u00e9lez envolveu-se em pol\u00eamicas, entre as quais a de que os livros escolares precisam mudar o enfoque de 1964. O que acha disso?<\/strong><\/p>\n<p>Fiz algumas cr\u00edticas sobre o tema h\u00e1 algum tempo, quando uma revista fez uma mat\u00e9ria, na qual comprovava que os livros did\u00e1ticos escolhidos pelo MEC estavam sendo usados para divulgar partidos e ideologias de esquerda. N\u00f3s j\u00e1 tivemos neste pa\u00eds livros did\u00e1ticos primorosos, cujos autores tinham extremo cuidado com os conte\u00fados. A quest\u00e3o da aprendizagem \u00e9 muito importante e n\u00e3o pode ser alvo de radicalismos nem de propaganda.<\/p>\n<p><strong>Na sua vis\u00e3o houve golpe em 1964?<\/strong><\/p>\n<p>Nesse per\u00edodo, eu tinha apenas 8 anos de idade. O que fiquei sabendo anos depois quando fui servir \u00e0s For\u00e7as Armadas no Ex\u00e9rcito brasileiro \u00e9 que o movimento surgiu a partir de uma grande insatisfa\u00e7\u00e3o popular que j\u00e1 estava nas ruas. Creio que, em raz\u00e3o do recrudescimento do conflito, as For\u00e7as Armadas foram instadas a resolver o problema. A tomada do poder central se deu depois, consolidada pela edi\u00e7\u00e3o do Ato Institucional n\u00ba 1. Entretanto, o endurecimento s\u00f3 aconteceu algum tempo depois e n\u00e3o deveria ter durado tantos anos. Foi isso que senti \u00e0 \u00e9poca. Pouco se percebia que viv\u00edamos uma ditadura, um estado de exce\u00e7\u00e3o. N\u00e3o havia terror e nem medo no cidad\u00e3o comum.<\/p>\n<p><strong>Acha poss\u00edvel reverter decis\u00e3o do TCU sobre a reten\u00e7\u00e3o pela Uni\u00e3o do Imposto de Renda cobrado ao servidor de Seguran\u00e7a P\u00fablica do DF, medida que pode resultar num grande impacto no or\u00e7amento da capital?<\/strong><\/p>\n<p>N\u00e3o \u00e9 f\u00e1cil, mas n\u00f3s estamos trabalhando para isso. J\u00e1 fiz v\u00e1rias reuni\u00f5es no Tribunal de Contas sobre o assunto. Eu fiz auditoria do Fundo Constitucional, ainda como deputado. Essa quest\u00e3o \u00e9 de interpreta\u00e7\u00e3o. Todos os fundos, como o Fundo de Participa\u00e7\u00e3o dos Munic\u00edpios ou o Fundo de Participa\u00e7\u00e3o dos Estados, quando repassam o recurso, o imposto fica para quem pagou o sal\u00e1rio; ent\u00e3o, o estado fica com o Imposto de Renda da folha de pagamento do Fundo de Participa\u00e7\u00e3o do Estado, o munic\u00edpio, da mesma forma. Agora, quando se fala em Fundo Constitucional do DF, h\u00e1 essa interpreta\u00e7\u00e3o equivocada, pois o Tribunal de Contas entende que o recurso \u00e9 da Uni\u00e3o e, quando n\u00e3o \u00e9 executado, o dinheiro volta, como tem acontecido nos \u00faltimos anos. E n\u00f3s j\u00e1 perdemos quase R$ 1 bilh\u00e3o.<\/p>\n<p><strong>Um dos temas controversos do momento \u00e9 a transfer\u00eancia do l\u00edder do PCC, Marcola, para a penitenci\u00e1ria federal de seguran\u00e7a m\u00e1xima no DF. Acha que isso coloca os moradores da capital em risco?<\/strong><\/p>\n<p>L\u00e1 atr\u00e1s conseguimos impedir a constru\u00e7\u00e3o do pres\u00eddio de seguran\u00e7a m\u00e1xima em Planaltina pela atua\u00e7\u00e3o que fizemos na bancada. J\u00e1 essa penitenci\u00e1ria foi constru\u00edda no complexo da Papuda. Eu, particularmente, n\u00e3o acompanhei a obra. O governador da \u00e9poca, Rodrigo Rollemberg, deveria ter se preocupado com isso, pois todos n\u00f3s sabemos que, em qualquer pres\u00eddio, um prisioneiro como o Marcola, l\u00edder de organiza\u00e7\u00e3o criminosa, ligada ao tr\u00e1fico, com poder muito grande financeiro e econ\u00f4mico, tem toda a sua estrutura criminosa. Ent\u00e3o, isso realmente nos preocupa. Por isso, tratamos desse assunto em audi\u00eancia com o ministro S\u00e9rgio Moro, manifestando nossa preocupa\u00e7\u00e3o. N\u00f3s conseguimos que o ministro assumisse o compromisso de que, se houver qualquer ind\u00edcio de perigo, qualquer informa\u00e7\u00e3o de que possa estar acontecendo algum problema que traga inseguran\u00e7a para o DF, ele n\u00e3o ter\u00e1 nenhuma dificuldade de fazer o rod\u00edzio. E n\u00e3o h\u00e1 nenhum ind\u00edcio, segundo informa\u00e7\u00f5es que ele tem da Pol\u00edcia Federal, da ABIN e das For\u00e7as Armadas.<\/p>\n","protected":false},"excerpt":{"rendered":"<p>Coluna Eixo Capital\/ Por Ana Maria Campos &nbsp; \u00c0 QUEIMA-ROUPA Senador Izalci Lucas (PSDB\/DF) O senhor aguarda convite do presidente Jair bolsonaro para o Minist\u00e9rio da Educa\u00e7\u00e3o? N\u00e3o. Isso \u00e9 uma prerrogativa do presidente. \u00c9 um cargo de confian\u00e7a e cabe a ele escolher, de acordo com o que ele priorizar para a educa\u00e7\u00e3o. O ministro Ricardo V\u00e9lez envolveu-se em [&hellip;]<\/p>\n","protected":false},"author":9,"featured_media":14927,"comment_status":"open","ping_status":"closed","sticky":false,"template":"","format":"standard","meta":{"footnotes":""},"categories":[234],"tags":[],"class_list":["post-14926","post","type-post","status-publish","format-standard","has-post-thumbnail","hentry","category-cb-poder"],"_links":{"self":[{"href":"https:\/\/blogs.correiobraziliense.com.br\/cbpoder\/wp-json\/wp\/v2\/posts\/14926","targetHints":{"allow":["GET"]}}],"collection":[{"href":"https:\/\/blogs.correiobraziliense.com.br\/cbpoder\/wp-json\/wp\/v2\/posts"}],"about":[{"href":"https:\/\/blogs.correiobraziliense.com.br\/cbpoder\/wp-json\/wp\/v2\/types\/post"}],"author":[{"embeddable":true,"href":"https:\/\/blogs.correiobraziliense.com.br\/cbpoder\/wp-json\/wp\/v2\/users\/9"}],"replies":[{"embeddable":true,"href":"https:\/\/blogs.correiobraziliense.com.br\/cbpoder\/wp-json\/wp\/v2\/comments?post=14926"}],"version-history":[{"count":1,"href":"https:\/\/blogs.correiobraziliense.com.br\/cbpoder\/wp-json\/wp\/v2\/posts\/14926\/revisions"}],"predecessor-version":[{"id":14928,"href":"https:\/\/blogs.correiobraziliense.com.br\/cbpoder\/wp-json\/wp\/v2\/posts\/14926\/revisions\/14928"}],"wp:featuredmedia":[{"embeddable":true,"href":"https:\/\/blogs.correiobraziliense.com.br\/cbpoder\/wp-json\/wp\/v2\/media\/14927"}],"wp:attachment":[{"href":"https:\/\/blogs.correiobraziliense.com.br\/cbpoder\/wp-json\/wp\/v2\/media?parent=14926"}],"wp:term":[{"taxonomy":"category","embeddable":true,"href":"https:\/\/blogs.correiobraziliense.com.br\/cbpoder\/wp-json\/wp\/v2\/categories?post=14926"},{"taxonomy":"post_tag","embeddable":true,"href":"https:\/\/blogs.correiobraziliense.com.br\/cbpoder\/wp-json\/wp\/v2\/tags?post=14926"}],"curies":[{"name":"wp","href":"https:\/\/api.w.org\/{rel}","templated":true}]}}