{"id":14905,"date":"2019-04-05T10:26:03","date_gmt":"2019-04-05T13:26:03","guid":{"rendered":"https:\/\/blogs.correiobraziliense.com.br\/cbpoder\/?p=14905"},"modified":"2019-04-05T10:26:03","modified_gmt":"2019-04-05T13:26:03","slug":"empresa-onde-luiz-estevao-deve-trabalhar-so-tem-ele-de-funcionario","status":"publish","type":"post","link":"https:\/\/blogs.correiobraziliense.com.br\/cbpoder\/empresa-onde-luiz-estevao-deve-trabalhar-so-tem-ele-de-funcionario\/","title":{"rendered":"Empresa onde Luiz Estev\u00e3o dever\u00e1 trabalhar, no semiaberto, s\u00f3 tem ele de funcion\u00e1rio"},"content":{"rendered":"<p><strong>Coluna Eixo Capital\/Por Ana Maria Campos<\/strong><\/p>\n<p>O Minist\u00e9rio P\u00fablico do Distrito Federal e Territ\u00f3rios (MPDFT) pediu \u00e0 Vara de Execu\u00e7\u00f5es Penais a realiza\u00e7\u00e3o de inspe\u00e7\u00e3o em loco na empresa apresentada pelo ex-senador Luiz Estev\u00e3o onde dever\u00e1 trabalhar de dia para obter a progress\u00e3o do regime para semiaberto.<\/p>\n<p>Segundo o Minist\u00e9rio P\u00fablico, o empres\u00e1rio entregou uma declara\u00e7\u00e3o que cumpriria jornada de trabalho numa empresa que n\u00e3o tem funcion\u00e1rios cadastrados nem movimenta\u00e7\u00e3o financeira desde seu registro na Junta Comercial.<\/p>\n<p>No documento constou que ele ocuparia o cargo de assistente administrativo, com hor\u00e1rio de trabalho de 9h30 \u00e0s 18h30, com duas horas de intervalo, de segunda a sexta e s\u00e1bados alternados.<\/p>\n","protected":false},"excerpt":{"rendered":"<p>Coluna Eixo Capital\/Por Ana Maria Campos O Minist\u00e9rio P\u00fablico do Distrito Federal e Territ\u00f3rios (MPDFT) pediu \u00e0 Vara de Execu\u00e7\u00f5es Penais a realiza\u00e7\u00e3o de inspe\u00e7\u00e3o em loco na empresa apresentada pelo ex-senador Luiz Estev\u00e3o onde dever\u00e1 trabalhar de dia para obter a progress\u00e3o do regime para semiaberto. Segundo o Minist\u00e9rio P\u00fablico, o empres\u00e1rio entregou uma declara\u00e7\u00e3o que cumpriria jornada de [&hellip;]<\/p>\n","protected":false},"author":9,"featured_media":7541,"comment_status":"open","ping_status":"closed","sticky":false,"template":"","format":"standard","meta":{"footnotes":""},"categories":[234],"tags":[],"class_list":["post-14905","post","type-post","status-publish","format-standard","has-post-thumbnail","hentry","category-cb-poder"],"_links":{"self":[{"href":"https:\/\/blogs.correiobraziliense.com.br\/cbpoder\/wp-json\/wp\/v2\/posts\/14905","targetHints":{"allow":["GET"]}}],"collection":[{"href":"https:\/\/blogs.correiobraziliense.com.br\/cbpoder\/wp-json\/wp\/v2\/posts"}],"about":[{"href":"https:\/\/blogs.correiobraziliense.com.br\/cbpoder\/wp-json\/wp\/v2\/types\/post"}],"author":[{"embeddable":true,"href":"https:\/\/blogs.correiobraziliense.com.br\/cbpoder\/wp-json\/wp\/v2\/users\/9"}],"replies":[{"embeddable":true,"href":"https:\/\/blogs.correiobraziliense.com.br\/cbpoder\/wp-json\/wp\/v2\/comments?post=14905"}],"version-history":[{"count":1,"href":"https:\/\/blogs.correiobraziliense.com.br\/cbpoder\/wp-json\/wp\/v2\/posts\/14905\/revisions"}],"predecessor-version":[{"id":14909,"href":"https:\/\/blogs.correiobraziliense.com.br\/cbpoder\/wp-json\/wp\/v2\/posts\/14905\/revisions\/14909"}],"wp:featuredmedia":[{"embeddable":true,"href":"https:\/\/blogs.correiobraziliense.com.br\/cbpoder\/wp-json\/wp\/v2\/media\/7541"}],"wp:attachment":[{"href":"https:\/\/blogs.correiobraziliense.com.br\/cbpoder\/wp-json\/wp\/v2\/media?parent=14905"}],"wp:term":[{"taxonomy":"category","embeddable":true,"href":"https:\/\/blogs.correiobraziliense.com.br\/cbpoder\/wp-json\/wp\/v2\/categories?post=14905"},{"taxonomy":"post_tag","embeddable":true,"href":"https:\/\/blogs.correiobraziliense.com.br\/cbpoder\/wp-json\/wp\/v2\/tags?post=14905"}],"curies":[{"name":"wp","href":"https:\/\/api.w.org\/{rel}","templated":true}]}}