{"id":14849,"date":"2019-03-26T14:22:34","date_gmt":"2019-03-26T17:22:34","guid":{"rendered":"https:\/\/blogs.correiobraziliense.com.br\/cbpoder\/?p=14849"},"modified":"2019-03-26T14:22:34","modified_gmt":"2019-03-26T17:22:34","slug":"ibaneis-sobre-jatinho-emprestado-a-temer-faco-com-meu-dinheiro-o-que-quero","status":"publish","type":"post","link":"https:\/\/blogs.correiobraziliense.com.br\/cbpoder\/ibaneis-sobre-jatinho-emprestado-a-temer-faco-com-meu-dinheiro-o-que-quero\/","title":{"rendered":"Ibaneis sobre jatinho emprestado a Temer: \u201cFa\u00e7o com meu dinheiro o que quero\u201d"},"content":{"rendered":"<p><span style=\"font-weight: 400\">O governador Ibaneis Rocha (MDB) confirmou ter emprestado seu avi\u00e3o particular, nesta ter\u00e7a-feira (26\/03), ao ex-presidente Michel Temer (MDB) para que o correligion\u00e1rio voltasse para casa, em S\u00e3o Paulo, ap\u00f3s a soltura. Preso preventivamente no \u00e2mbito da Opera\u00e7\u00e3o Descontamina\u00e7\u00e3o, o ex-chefe do Pal\u00e1cio do Planalto ficou atr\u00e1s das grades por quatro noites na Superintend\u00eancia da Pol\u00edcia Federal no Rio de Janeiro.<\/span><\/p>\n<p>&nbsp;<\/p>\n<p><span style=\"font-weight: 400\">O chefe do Pal\u00e1cio do Buriti despistou sobre o custo da aeronave e da viagem. \u201cN\u00e3o interessa. \u00c9 meu [o avi\u00e3o]. Fa\u00e7o com meu dinheiro o que quero\u201d, alegou. Ibaneis disse n\u00e3o acreditar que a atitude \u201cpegue mal\u201d. \u201cEu n\u00e3o ia deixar um homem de 78 anos, presidente do meu partido, ter que pegar um avi\u00e3o de carreira para voltar para a sua casa, achincalhado, depois de uma pris\u00e3o que j\u00e1 se viu ser ilegal\u201d, disse. \u201cNa minha vis\u00e3o, quem deveria ter custeado a volta dele para S\u00e3o Paulo seria o pr\u00f3prio poder Judici\u00e1rio e a Uni\u00e3o\u201d, emendou.<\/span><\/p>\n<p>&nbsp;<\/p>\n","protected":false},"excerpt":{"rendered":"<p>O governador Ibaneis Rocha (MDB) confirmou ter emprestado seu avi\u00e3o particular, nesta ter\u00e7a-feira (26\/03), ao ex-presidente Michel Temer (MDB) para que o correligion\u00e1rio voltasse para casa, em S\u00e3o Paulo, ap\u00f3s a soltura. Preso preventivamente no \u00e2mbito da Opera\u00e7\u00e3o Descontamina\u00e7\u00e3o, o ex-chefe do Pal\u00e1cio do Planalto ficou atr\u00e1s das grades por quatro noites na Superintend\u00eancia da Pol\u00edcia Federal no Rio de [&hellip;]<\/p>\n","protected":false},"author":90,"featured_media":14835,"comment_status":"open","ping_status":"closed","sticky":false,"template":"","format":"standard","meta":{"footnotes":""},"categories":[234],"tags":[1745,917,1744,613],"class_list":["post-14849","post","type-post","status-publish","format-standard","has-post-thumbnail","hentry","category-cb-poder","tag-aviao","tag-ibaneis-rocha","tag-jatinho","tag-temer"],"_links":{"self":[{"href":"https:\/\/blogs.correiobraziliense.com.br\/cbpoder\/wp-json\/wp\/v2\/posts\/14849","targetHints":{"allow":["GET"]}}],"collection":[{"href":"https:\/\/blogs.correiobraziliense.com.br\/cbpoder\/wp-json\/wp\/v2\/posts"}],"about":[{"href":"https:\/\/blogs.correiobraziliense.com.br\/cbpoder\/wp-json\/wp\/v2\/types\/post"}],"author":[{"embeddable":true,"href":"https:\/\/blogs.correiobraziliense.com.br\/cbpoder\/wp-json\/wp\/v2\/users\/90"}],"replies":[{"embeddable":true,"href":"https:\/\/blogs.correiobraziliense.com.br\/cbpoder\/wp-json\/wp\/v2\/comments?post=14849"}],"version-history":[{"count":1,"href":"https:\/\/blogs.correiobraziliense.com.br\/cbpoder\/wp-json\/wp\/v2\/posts\/14849\/revisions"}],"predecessor-version":[{"id":14850,"href":"https:\/\/blogs.correiobraziliense.com.br\/cbpoder\/wp-json\/wp\/v2\/posts\/14849\/revisions\/14850"}],"wp:featuredmedia":[{"embeddable":true,"href":"https:\/\/blogs.correiobraziliense.com.br\/cbpoder\/wp-json\/wp\/v2\/media\/14835"}],"wp:attachment":[{"href":"https:\/\/blogs.correiobraziliense.com.br\/cbpoder\/wp-json\/wp\/v2\/media?parent=14849"}],"wp:term":[{"taxonomy":"category","embeddable":true,"href":"https:\/\/blogs.correiobraziliense.com.br\/cbpoder\/wp-json\/wp\/v2\/categories?post=14849"},{"taxonomy":"post_tag","embeddable":true,"href":"https:\/\/blogs.correiobraziliense.com.br\/cbpoder\/wp-json\/wp\/v2\/tags?post=14849"}],"curies":[{"name":"wp","href":"https:\/\/api.w.org\/{rel}","templated":true}]}}