{"id":14670,"date":"2019-02-26T08:06:35","date_gmt":"2019-02-26T11:06:35","guid":{"rendered":"https:\/\/blogs.correiobraziliense.com.br\/cbpoder\/?p=14670"},"modified":"2019-02-26T08:06:35","modified_gmt":"2019-02-26T11:06:35","slug":"sarney-filho-pv-expulsao","status":"publish","type":"post","link":"https:\/\/blogs.correiobraziliense.com.br\/cbpoder\/sarney-filho-pv-expulsao\/","title":{"rendered":"Executiva do PV pede a expuls\u00e3o de Sarney Filho por participar do governo Ibaneis"},"content":{"rendered":"<p>A executiva regional do PV decidiu pedir o afastamento ou at\u00e9 a expuls\u00e3o de Sarney Filho dos quadros da legenda. O motivo \u00e9 a participa\u00e7\u00e3o do ex-ministro do governo Temer na administra\u00e7\u00e3o de Ibaneis Rocha como secret\u00e1rio de Meio Ambiente do Distrito Federal, sem pr\u00e9via consulta \u00e0s inst\u00e2ncias partid\u00e1rias. O pedido inclui o presidente do Ibram (Instituto do Meio Ambiente e Recursos H\u00eddricos), Edson Duarte, tamb\u00e9m filiado ao partido. Uma comiss\u00e3o vai analisar a quest\u00e3o e apontar um caminho. A palavra final \u00e9 da executiva nacional.<\/p>\n<p><strong>Eduardo Brand\u00e3o: \u201cPV n\u00e3o foi consultado\u201d<\/strong><\/p>\n<p>Presidente do PV\/DF e vice-presidente nacional, Eduardo Brand\u00e3o lidera o processo de afastamento de Sarney Filho da legenda. Ele explica que o partido reconhece a import\u00e2ncia e a hist\u00f3ria do secret\u00e1rio na \u00e1rea ambiental. Mas defende que integrantes do partido respeitem o programa do PV e as decis\u00f5es internas. \u201cO partido n\u00e3o foi consultado. Ele est\u00e1 no governo por cota pessoal do governador\u201d, reclamou. Candidato a vice na chapa de Rodrigo Rollemberg (PSB), Brand\u00e3o garante que o PV n\u00e3o est\u00e1 em busca de cargos na administra\u00e7\u00e3o de Ibaneis. O receio \u00e9 de que medidas pol\u00eamicas que, porventura, sejam adotadas, sejam creditadas ao partido.<\/p>\n","protected":false},"excerpt":{"rendered":"<p>A executiva regional do PV decidiu pedir o afastamento ou at\u00e9 a expuls\u00e3o de Sarney Filho dos quadros da legenda. O motivo \u00e9 a participa\u00e7\u00e3o do ex-ministro do governo Temer na administra\u00e7\u00e3o de Ibaneis Rocha como secret\u00e1rio de Meio Ambiente do Distrito Federal, sem pr\u00e9via consulta \u00e0s inst\u00e2ncias partid\u00e1rias. O pedido inclui o presidente do Ibram (Instituto do Meio Ambiente [&hellip;]<\/p>\n","protected":false},"author":9,"featured_media":14679,"comment_status":"open","ping_status":"closed","sticky":false,"template":"","format":"standard","meta":{"footnotes":""},"categories":[234],"tags":[],"class_list":["post-14670","post","type-post","status-publish","format-standard","has-post-thumbnail","hentry","category-cb-poder"],"_links":{"self":[{"href":"https:\/\/blogs.correiobraziliense.com.br\/cbpoder\/wp-json\/wp\/v2\/posts\/14670","targetHints":{"allow":["GET"]}}],"collection":[{"href":"https:\/\/blogs.correiobraziliense.com.br\/cbpoder\/wp-json\/wp\/v2\/posts"}],"about":[{"href":"https:\/\/blogs.correiobraziliense.com.br\/cbpoder\/wp-json\/wp\/v2\/types\/post"}],"author":[{"embeddable":true,"href":"https:\/\/blogs.correiobraziliense.com.br\/cbpoder\/wp-json\/wp\/v2\/users\/9"}],"replies":[{"embeddable":true,"href":"https:\/\/blogs.correiobraziliense.com.br\/cbpoder\/wp-json\/wp\/v2\/comments?post=14670"}],"version-history":[{"count":1,"href":"https:\/\/blogs.correiobraziliense.com.br\/cbpoder\/wp-json\/wp\/v2\/posts\/14670\/revisions"}],"predecessor-version":[{"id":14682,"href":"https:\/\/blogs.correiobraziliense.com.br\/cbpoder\/wp-json\/wp\/v2\/posts\/14670\/revisions\/14682"}],"wp:featuredmedia":[{"embeddable":true,"href":"https:\/\/blogs.correiobraziliense.com.br\/cbpoder\/wp-json\/wp\/v2\/media\/14679"}],"wp:attachment":[{"href":"https:\/\/blogs.correiobraziliense.com.br\/cbpoder\/wp-json\/wp\/v2\/media?parent=14670"}],"wp:term":[{"taxonomy":"category","embeddable":true,"href":"https:\/\/blogs.correiobraziliense.com.br\/cbpoder\/wp-json\/wp\/v2\/categories?post=14670"},{"taxonomy":"post_tag","embeddable":true,"href":"https:\/\/blogs.correiobraziliense.com.br\/cbpoder\/wp-json\/wp\/v2\/tags?post=14670"}],"curies":[{"name":"wp","href":"https:\/\/api.w.org\/{rel}","templated":true}]}}