{"id":14464,"date":"2019-02-11T09:02:25","date_gmt":"2019-02-11T11:02:25","guid":{"rendered":"https:\/\/blogs.correiobraziliense.com.br\/cbpoder\/?p=14464"},"modified":"2019-02-11T09:04:07","modified_gmt":"2019-02-11T11:04:07","slug":"seguranca-servidores-df","status":"publish","type":"post","link":"https:\/\/blogs.correiobraziliense.com.br\/cbpoder\/seguranca-servidores-df\/","title":{"rendered":"Em quatro anos, seguran\u00e7a perdeu quase 5 mil servidores no DF"},"content":{"rendered":"<p>Entre 2015 e 2018, o Distrito Federal perdeu 4.748 servidores das for\u00e7as de seguran\u00e7a p\u00fablica, o que corresponde a 17,2% do efetivo. O maior desfalque ocorreu na Pol\u00edcia Militar, que conta com 3.888 integrantes a menos, ou seja, 25,7%. Significa que um em cada quatro PMs foi para a reserva nesse per\u00edodo. Entre os bombeiros militares, a perda foi de 10,5%. Menos 649 servidores em quatro anos. A Pol\u00edcia Civil ficou com 137 policiais a menos, com 2,8% de perda, e no Detran, a redu\u00e7\u00e3o foi de 74 agentes de tr\u00e2nsito, ou seja, 5%. Os dados constam de diagn\u00f3stico da Seguran\u00e7a, conclu\u00eddo neste m\u00eas pela Secretaria de Seguran\u00e7a P\u00fablica. O medo da reforma da Previd\u00eancia foi o que mais motivou as aposentadorias, segundo avalia\u00e7\u00e3o dos policiais.<\/p>\n<h2><strong>Metade dos policiais civis deixaria a institui\u00e7\u00e3o<\/strong><\/h2>\n<p>O diagn\u00f3stico tamb\u00e9m mostrou o grau de satisfa\u00e7\u00e3o dos servidores das for\u00e7as de seguran\u00e7a com o trabalho. Na Pol\u00edcia Civil, 47,7% disseram que gostariam de sair da institui\u00e7\u00e3o assim que surgir uma oportunidade. Entre os servidores que atuam em pres\u00eddios, 46,8% pensam assim. Bem diferente do que ocorre no Corpo de Bombeiros, em que 69,5% querem cumprir o tempo de servi\u00e7o e se aposentar na corpora\u00e7\u00e3o. Apenas 17,5% querem trocar de carreira. Na PM, 32,5% gostariam de mudar. No Detran, s\u00e3o 33,4%. Os dados s\u00e3o referentes ao per\u00edodo de 2015 a 2018.<\/p>\n<h2><strong>Melhor remunera\u00e7\u00e3o<\/strong><\/h2>\n<p>Entre as principais demandas dos policiais civis est\u00e3o uma melhor remunera\u00e7\u00e3o (32,8%), programas de sa\u00fade (24,8%) e cursos de treinamento (19,5%). Para 71,4% dos servidores da \u00e1rea do sistema penitenci\u00e1rio, a contrata\u00e7\u00e3o de efetivo \u00e9 a principal reivindica\u00e7\u00e3o. Mas 56,6% consideram o sal\u00e1rio o maior problema. Na PM, 24% apontam a necessidade de pol\u00edticas de ascens\u00e3o profissional como principal demanda.<\/p>\n<h2><strong>Mais concorr\u00eancia pol\u00edtica<\/strong><\/h2>\n<p>A elei\u00e7\u00e3o para escolha de administradores regionais \u00e9 um tema que surge em todos os governos e nunca vira realidade. Era uma das principais bandeiras de Rodrigo Rollemberg (PSB) e n\u00e3o foi cumprida, embora ele tenha enviado um projeto tratando de regras para vigorar nas elei\u00e7\u00f5es de 2022. Agora o governador Ibaneis Rocha (MDB) toma a iniciativa de encaminhar \u00e0 C\u00e2mara Legislativa proposta de elei\u00e7\u00e3o de uma lista s\u00eaxtupla para a escolha do representante de cada cidade. S\u00f3 o tempo dir\u00e1 se essa \u00e9 uma prioridade para a atual gest\u00e3o e se os deputados distritais, que t\u00eam o h\u00e1bito de apadrinhar administradores, v\u00e3o topar. O modelo acaba incentivando o surgimento de lideran\u00e7as pol\u00edticas nas regi\u00f5es administrativas, aumentando a concorr\u00eancia.<\/p>\n<h2><strong>Com a interven\u00e7\u00e3o do presidente<\/strong><\/h2>\n<p>O governador Ibaneis Rocha recorreu ao presidente Jair Bolsonaro para conseguir uma reuni\u00e3o com o novo presidente da Caixa, Pedro Guimar\u00e3es. A demora na audi\u00eancia foi resolvida depois que Bolsonaro acionou o ministro da Economia, Paulo Guedes, que entrou no circuito e determinou que o subordinado recebesse Ibaneis.<\/p>\n<h2><strong>Mandou bem<\/strong><\/h2>\n<p>Pacote anticrime apresentado pelo ministro da Justi\u00e7a e Seguran\u00e7a P\u00fablica, S\u00e9rgio Moro, criminaliza o caixa dois, uma \u201ctrapa\u00e7a\u201d tratada com naturalidade pelos pol\u00edticos.<\/p>\n<h2><strong>Mandou mal<\/strong><\/h2>\n<p>A queda do viaduto da Galeria dos Estados completou um ano na semana passada e a recupera\u00e7\u00e3o da obra na \u00e1rea central de Bras\u00edlia ainda n\u00e3o foi conclu\u00edda.<\/p>\n<h2><strong>Enquanto isso&#8230; Na sala de Justi\u00e7a<\/strong><\/h2>\n<p>\u00c9 do juiz F\u00e1bio Esteves, presidente da Associa\u00e7\u00e3o dos Magistrados do DF e titular da Vara Criminal e Tribunal do J\u00fari do N\u00facleo Bandeirante, a segunda condena\u00e7\u00e3o do ex-deputado Alberto Fraga (DEM\/DF) por concuss\u00e3o, <a href=\"https:\/\/www.correiobraziliense.com.br\/app\/noticia\/cidades\/2019\/02\/09\/interna_cidadesdf,736440\/nova-condenacao-de-alberto-fraga-e-de-6-anos-e-8-meses-de-prisao.shtml\">que saiu na sexta-feira<\/a>. O crime \u00e9 relacionado \u00e0 exig\u00eancia de vantagem de cooperativa de transporte quando Fraga era secret\u00e1rio de Transportes. Durante a campanha, Esteves j\u00e1 havia condenado Fraga em outro processo, o que motivou a ira do ent\u00e3o candidato a governador. Fraga disse que a decis\u00e3o ocorreu por Esteves ser \u201cativista LGBT\u201d. Foi assim que ele come\u00e7ou a cair na disputa pelo Pal\u00e1cio do Buriti.<\/p>\n<h2><strong>Condena\u00e7\u00e3o convertida em benef\u00edcio social<\/strong><\/h2>\n<p>As Promotorias de Defesa do Patrim\u00f4nio P\u00fablico e Social (Prodep) do Minist\u00e9rio P\u00fablico do DF est\u00e3o destinando recursos obtidos com penalidades decorrentes de a\u00e7\u00f5es por improbidade administrativa em benef\u00edcio da popula\u00e7\u00e3o. Uma condena\u00e7\u00e3o do ex-senador Luiz Estev\u00e3o resultou na transfer\u00eancia de R$ 1 milh\u00e3o para a reforma de 11 escolas p\u00fablicas do DF.<\/p>\n<h2><strong>Benef\u00edcio sem esfor\u00e7o<\/strong><\/h2>\n<p>Condenado a nove anos de pris\u00e3o em regime fechado, o l\u00edder da M\u00e1fia dos Concursos, H\u00e9lio Ortiz, entrou com um pedido inusitado na Vara de Execu\u00e7\u00f5es Penais. Ele quer abater na pena todos os dias em que est\u00e1 preso como trabalhados, mesmo sem ter realizado nenhum servi\u00e7o na penitenci\u00e1ria. O argumento \u00e9 de que, se n\u00e3o houve labuta, \u00e9 porque o Estado n\u00e3o promoveu a estrutura para que o preso produzisse. Receber um benef\u00edcio por trabalho n\u00e3o desempenhado \u00e9 quase como passar em concurso sem estudar. A Justi\u00e7a negou o pedido de Ortiz por falta de embasamento legal.<\/p>\n<h2><strong>Flamenguista<\/strong><\/h2>\n<p><a href=\"https:\/\/blogs.correiobraziliense.com.br\/cbpoder\/wp-content\/uploads\/sites\/5\/2019\/02\/33162622418_09c881cf9b_o.jpg\"><img loading=\"lazy\" decoding=\"async\" class=\"size-medium wp-image-14458 aligncenter\" src=\"https:\/\/blogs.correiobraziliense.com.br\/cbpoder\/wp-content\/uploads\/sites\/5\/2019\/02\/33162622418_09c881cf9b_o-300x199.jpg\" alt=\"\" width=\"300\" height=\"199\" srcset=\"https:\/\/blogs.correiobraziliense.com.br\/cbpoder\/wp-content\/uploads\/sites\/5\/2019\/02\/33162622418_09c881cf9b_o-300x199.jpg 300w, https:\/\/blogs.correiobraziliense.com.br\/cbpoder\/wp-content\/uploads\/sites\/5\/2019\/02\/33162622418_09c881cf9b_o-768x510.jpg 768w, https:\/\/blogs.correiobraziliense.com.br\/cbpoder\/wp-content\/uploads\/sites\/5\/2019\/02\/33162622418_09c881cf9b_o-1024x680.jpg 1024w, https:\/\/blogs.correiobraziliense.com.br\/cbpoder\/wp-content\/uploads\/sites\/5\/2019\/02\/33162622418_09c881cf9b_o-350x232.jpg 350w, https:\/\/blogs.correiobraziliense.com.br\/cbpoder\/wp-content\/uploads\/sites\/5\/2019\/02\/33162622418_09c881cf9b_o-1440x956.jpg 1440w, https:\/\/blogs.correiobraziliense.com.br\/cbpoder\/wp-content\/uploads\/sites\/5\/2019\/02\/33162622418_09c881cf9b_o-550x365.jpg 550w, https:\/\/blogs.correiobraziliense.com.br\/cbpoder\/wp-content\/uploads\/sites\/5\/2019\/02\/33162622418_09c881cf9b_o-230x153.jpg 230w\" sizes=\"auto, (max-width: 300px) 100vw, 300px\" \/><\/a><\/p>\n<p>Um dia depois da trag\u00e9dia no Ninho do Urubu, o governador Ibaneis Rocha (MDB) cumpriu agenda, no s\u00e1bado (9\/2), com o uniforme do Flamengo.<\/p>\n<h2><strong>S\u00f3 papos<\/strong><\/h2>\n<p>&nbsp;<\/p>\n<blockquote><p>\u201cA nossa ideia \u00e9 dar gratuidade a quem precisa. Tudo o que \u00e9 gratuidade algu\u00e9m est\u00e1 pagando a conta e n\u00e3o \u00e9 o Estado que est\u00e1 pagando a conta. Quem est\u00e1 pagando a conta \u00e9 o cidad\u00e3o que coloca dinheiro nos cofres do Estado\u201d.<\/p><\/blockquote>\n<p style=\"text-align: right\"><strong>Governador Ibaneis Rocha (MDB), sobre mudan\u00e7as propostas no passe livre estudantil<\/strong><\/p>\n<p>&nbsp;<\/p>\n<blockquote><p>\u201cA cidade est\u00e1 em p\u00e9 de guerra desde que o GDF anunciou o fim do passe. \u00c9 preciso lembrar que a gratuidade nasceu da vontade dos estudantes\u201d<\/p><\/blockquote>\n<p style=\"text-align: right\"><strong>Deputado distrital Chico Vigilante (PT)<\/strong><\/p>\n","protected":false},"excerpt":{"rendered":"<p>Entre 2015 e 2018, o Distrito Federal perdeu 4.748 servidores das for\u00e7as de seguran\u00e7a p\u00fablica, o que corresponde a 17,2% do efetivo. O maior desfalque ocorreu na Pol\u00edcia Militar, que conta com 3.888 integrantes a menos, ou seja, 25,7%. Significa que um em cada quatro PMs foi para a reserva nesse per\u00edodo. Entre os bombeiros militares, a perda foi de [&hellip;]<\/p>\n","protected":false},"author":9,"featured_media":14466,"comment_status":"open","ping_status":"closed","sticky":false,"template":"","format":"standard","meta":{"footnotes":""},"categories":[234],"tags":[],"class_list":["post-14464","post","type-post","status-publish","format-standard","has-post-thumbnail","hentry","category-cb-poder"],"_links":{"self":[{"href":"https:\/\/blogs.correiobraziliense.com.br\/cbpoder\/wp-json\/wp\/v2\/posts\/14464","targetHints":{"allow":["GET"]}}],"collection":[{"href":"https:\/\/blogs.correiobraziliense.com.br\/cbpoder\/wp-json\/wp\/v2\/posts"}],"about":[{"href":"https:\/\/blogs.correiobraziliense.com.br\/cbpoder\/wp-json\/wp\/v2\/types\/post"}],"author":[{"embeddable":true,"href":"https:\/\/blogs.correiobraziliense.com.br\/cbpoder\/wp-json\/wp\/v2\/users\/9"}],"replies":[{"embeddable":true,"href":"https:\/\/blogs.correiobraziliense.com.br\/cbpoder\/wp-json\/wp\/v2\/comments?post=14464"}],"version-history":[{"count":2,"href":"https:\/\/blogs.correiobraziliense.com.br\/cbpoder\/wp-json\/wp\/v2\/posts\/14464\/revisions"}],"predecessor-version":[{"id":14468,"href":"https:\/\/blogs.correiobraziliense.com.br\/cbpoder\/wp-json\/wp\/v2\/posts\/14464\/revisions\/14468"}],"wp:featuredmedia":[{"embeddable":true,"href":"https:\/\/blogs.correiobraziliense.com.br\/cbpoder\/wp-json\/wp\/v2\/media\/14466"}],"wp:attachment":[{"href":"https:\/\/blogs.correiobraziliense.com.br\/cbpoder\/wp-json\/wp\/v2\/media?parent=14464"}],"wp:term":[{"taxonomy":"category","embeddable":true,"href":"https:\/\/blogs.correiobraziliense.com.br\/cbpoder\/wp-json\/wp\/v2\/categories?post=14464"},{"taxonomy":"post_tag","embeddable":true,"href":"https:\/\/blogs.correiobraziliense.com.br\/cbpoder\/wp-json\/wp\/v2\/tags?post=14464"}],"curies":[{"name":"wp","href":"https:\/\/api.w.org\/{rel}","templated":true}]}}