{"id":14457,"date":"2019-02-09T18:18:25","date_gmt":"2019-02-09T20:18:25","guid":{"rendered":"https:\/\/blogs.correiobraziliense.com.br\/cbpoder\/?p=14457"},"modified":"2019-02-13T18:48:54","modified_gmt":"2019-02-13T20:48:54","slug":"planaltina-ibaneis-anuncia-regularizacao-do-condominio-rural-mestre-darmas-ii-em-planaltina","status":"publish","type":"post","link":"https:\/\/blogs.correiobraziliense.com.br\/cbpoder\/planaltina-ibaneis-anuncia-regularizacao-do-condominio-rural-mestre-darmas-ii-em-planaltina\/","title":{"rendered":"Ibaneis anuncia regulariza\u00e7\u00e3o do Condom\u00ednio Rural Mestre D\u2019Armas II, em Planaltina"},"content":{"rendered":"<p><span style=\"font-weight: 400\">O governador Ibaneis Rocha (MDB) anunciou, neste s\u00e1bado (09\/02), a regulariza\u00e7\u00e3o do Condom\u00ednio Rural Mestre D\u2019Armas II, em Planaltina, ocupado de forma ilegal h\u00e1 quase uma d\u00e9cada. A iniciativa, que beneficiar\u00e1 mais de 300 fam\u00edlias, ocorre gra\u00e7as a um acordo firmado entre o Executivo local e o propriet\u00e1rio do terreno, Luthero Pinheiro Martins, na \u00faltima segunda-feira (04).<\/span><\/p>\n<p>&nbsp;<\/p>\n<p><span style=\"font-weight: 400\">Com o acerto, a Companhia de Desenvolvimento Habitacional do Distrito Federal (Codhab) fica respons\u00e1vel pela realiza\u00e7\u00e3o dos projetos de infraestrutura e urbanismo necess\u00e1rios \u00e0 legaliza\u00e7\u00e3o. Em contrapartida, o dono da \u00e1rea de cerca de 12 hectares <\/span><span style=\"font-weight: 400\">\u2014 espa\u00e7o equivalente a 12 campos de futebol \u2014 receber\u00e1 o valor integral da venda direta dos parcelamentos aos cond\u00f4minos. Os valores de cada lote, entretanto, ainda n\u00e3o foram acertados.<\/span><\/p>\n<p>&nbsp;<\/p>\n<blockquote><p><span style=\"font-weight: 400\">Em discurso a dezenas de moradores do N\u00facleo Rural, o chefe do Pal\u00e1cio do Buriti afirmou que o procedimento n\u00e3o ficou viabilizado antes, em raz\u00e3o da falta de interesse de outros governantes. \u201cHouve<\/span><span style=\"font-weight: 400\">, por v\u00e1rias vezes, provoca\u00e7\u00e3o \u00e0 Procuradoria-Geral do DF, a Terracap e os governadores que passaram: todos disseram que n\u00e3o tinham interesse nesse processo de regulariza\u00e7\u00e3o\u201d, disse. <\/span><span style=\"font-weight: 400\">\u00a0<\/span><\/p><\/blockquote>\n<p>&nbsp;<\/p>\n<p><span style=\"font-weight: 400\">A reintegra\u00e7\u00e3o de posse do terreno esteve pr\u00f3xima. A desocupa\u00e7\u00e3o do setor habitacional pela Pol\u00edcia Militar chegou a ser agendada para a \u00faltima ter\u00e7a-feira (05), por decis\u00e3o judicial. \u00a0\u201cBusquei argumentos at\u00e9 que o juiz determinou a a\u00e7\u00e3o, sob pena de pris\u00e3o da comandante-geral da PM\u201d, relatou Ibaneis. O acordo entre o governo e a fam\u00edlia Pinheiro aconteceu um dia antes do procedimento.<\/span><\/p>\n<p>&nbsp;<\/p>\n<p><span style=\"font-weight: 400\">Conforme o chefe do Executivo local, a partir de segunda-feira, a Codhab estar\u00e1 no local para realizar o cadastramento das fam\u00edlias e dar in\u00edcio aos tr\u00e2mites necess\u00e1rios \u00e0 regulariza\u00e7\u00e3o. \u201c<\/span><span style=\"font-weight: 400\">Fiquei ainda mais feliz, porque isso foi feito atrav\u00e9s de um acordo judicial, onde as partes se comprometem. Isso \u00e9 uma prova de que o que queremos para o DF \u00e9 trabalhar dentro da legalidade, acabar com as invas\u00f5es e acelerar os processo de habita\u00e7\u00e3o\u201d, discursou o governador, que planeja entregar 40 mil moradias nos quatro anos de gest\u00e3o.<\/span><\/p>\n<p>&nbsp;<\/p>\n<h2><b>Regras<\/b><\/h2>\n<p>&nbsp;<\/p>\n<p><span style=\"font-weight: 400\">Em meio ao an\u00fancio da regulariza\u00e7\u00e3o do condom\u00ednio, Ibaneis Rocha adiantou que o governo prepara medidas para coibir ocupa\u00e7\u00f5es irregulares. De acordo com o governador, est\u00e1 em an\u00e1lise um decreto que retira da lista da Codhab, pelo prazo de cinco anos, os nomes de pessoas que invadirem \u00e1reas p\u00fablicas. \u201cEm terrenos que est\u00e3o ocupados h\u00e1 muito tempo, n\u00e3o haver\u00e1 mudan\u00e7a. Mas as recentes invas\u00f5es e aquelas ocorridas ao fim de 2018, est\u00e3o programadas para serem retiradas\u201d, assinalou.<\/span><\/p>\n<p>&nbsp;<\/p>\n<p><span style=\"font-weight: 400\">Ibaneis destacou que a implementa\u00e7\u00e3o de infraestrutura dentro de uma \u00e1rea invadida \u201c\u00e9 muito pior e mais caro do que fazer em local projetado\u201d. \u201cEntendemos a necessidade da moradia, mas precisamos fazer de forma ordenada\u201d, pontuou. E emendou: \u201cO problema de moradia existe no Brasil todo. Em Bras\u00edlia, temos condi\u00e7\u00f5es de fazer programas sociais efetivos e estamos com eles em fase adiantada\u201d.<\/span><\/p>\n<p>&nbsp;<\/p>\n<p><span style=\"font-weight: 400\">Pelas regras em vig\u00eancia desde julho de 2018, <\/span><span style=\"font-weight: 400\">os invasores inscritos na lista \u00fanica da Codhab perdem automaticamente 30% dos pontos de classifica\u00e7\u00e3o. Depois de 48 horas da notifica\u00e7\u00e3o, se a \u00e1rea p\u00fablica n\u00e3o for desocupada, a pessoa perde todos os pontos e fica inviabilizada de receber im\u00f3veis de programas do governo.<\/span><\/p>\n","protected":false},"excerpt":{"rendered":"<p>O governador Ibaneis Rocha (MDB) anunciou, neste s\u00e1bado (09\/02), a regulariza\u00e7\u00e3o do Condom\u00ednio Rural Mestre D\u2019Armas II, em Planaltina, ocupado de forma ilegal h\u00e1 quase uma d\u00e9cada. A iniciativa, que beneficiar\u00e1 mais de 300 fam\u00edlias, ocorre gra\u00e7as a um acordo firmado entre o Executivo local e o propriet\u00e1rio do terreno, Luthero Pinheiro Martins, na \u00faltima segunda-feira (04). &nbsp; Com o [&hellip;]<\/p>\n","protected":false},"author":90,"featured_media":14542,"comment_status":"open","ping_status":"closed","sticky":false,"template":"","format":"standard","meta":{"footnotes":""},"categories":[234],"tags":[1722,279,917,167,1220],"class_list":["post-14457","post","type-post","status-publish","format-standard","has-post-thumbnail","hentry","category-cb-poder","tag-codhab","tag-habitacao","tag-ibaneis-rocha","tag-planaltina","tag-regularizacao"],"_links":{"self":[{"href":"https:\/\/blogs.correiobraziliense.com.br\/cbpoder\/wp-json\/wp\/v2\/posts\/14457","targetHints":{"allow":["GET"]}}],"collection":[{"href":"https:\/\/blogs.correiobraziliense.com.br\/cbpoder\/wp-json\/wp\/v2\/posts"}],"about":[{"href":"https:\/\/blogs.correiobraziliense.com.br\/cbpoder\/wp-json\/wp\/v2\/types\/post"}],"author":[{"embeddable":true,"href":"https:\/\/blogs.correiobraziliense.com.br\/cbpoder\/wp-json\/wp\/v2\/users\/90"}],"replies":[{"embeddable":true,"href":"https:\/\/blogs.correiobraziliense.com.br\/cbpoder\/wp-json\/wp\/v2\/comments?post=14457"}],"version-history":[{"count":1,"href":"https:\/\/blogs.correiobraziliense.com.br\/cbpoder\/wp-json\/wp\/v2\/posts\/14457\/revisions"}],"predecessor-version":[{"id":14459,"href":"https:\/\/blogs.correiobraziliense.com.br\/cbpoder\/wp-json\/wp\/v2\/posts\/14457\/revisions\/14459"}],"wp:featuredmedia":[{"embeddable":true,"href":"https:\/\/blogs.correiobraziliense.com.br\/cbpoder\/wp-json\/wp\/v2\/media\/14542"}],"wp:attachment":[{"href":"https:\/\/blogs.correiobraziliense.com.br\/cbpoder\/wp-json\/wp\/v2\/media?parent=14457"}],"wp:term":[{"taxonomy":"category","embeddable":true,"href":"https:\/\/blogs.correiobraziliense.com.br\/cbpoder\/wp-json\/wp\/v2\/categories?post=14457"},{"taxonomy":"post_tag","embeddable":true,"href":"https:\/\/blogs.correiobraziliense.com.br\/cbpoder\/wp-json\/wp\/v2\/tags?post=14457"}],"curies":[{"name":"wp","href":"https:\/\/api.w.org\/{rel}","templated":true}]}}