{"id":14409,"date":"2019-02-05T18:14:45","date_gmt":"2019-02-05T20:14:45","guid":{"rendered":"https:\/\/blogs.correiobraziliense.com.br\/cbpoder\/?p=14409"},"modified":"2019-02-05T18:34:10","modified_gmt":"2019-02-05T20:34:10","slug":"tenho-consciencia-de-que-e-necessaria-a-aprovacao-desse-projeto-diz-ibaneis-sobre-fim-do-passe-livre-estudantil","status":"publish","type":"post","link":"https:\/\/blogs.correiobraziliense.com.br\/cbpoder\/tenho-consciencia-de-que-e-necessaria-a-aprovacao-desse-projeto-diz-ibaneis-sobre-fim-do-passe-livre-estudantil\/","title":{"rendered":"\u201cTenho consci\u00eancia de que \u00e9 necess\u00e1ria a aprova\u00e7\u00e3o desse projeto\u201d, diz Ibaneis sobre fim do passe livre estudantil"},"content":{"rendered":"<p><span style=\"font-weight: 400\">Apesar de adiar o envio da proposi\u00e7\u00e3o que prev\u00ea o fim do passe livre estudantil \u00e0 C\u00e2mara Legislativa, o governador Ibaneis Rocha (MDB) disse, nesta ter\u00e7a-feira (05\/02), ter \u201cconsci\u00eancia de que \u00e9 necess\u00e1ria a aprova\u00e7\u00e3o do projeto de lei\u201d. Procurado por distritais pela manh\u00e3, o emedebista decidiu encaminhar a proposta de restri\u00e7\u00e3o somente na pr\u00f3xima sexta-feira (08), com a possibilidade de aperfei\u00e7o\u00e1-la conforme sugest\u00f5es da Casa. Entretanto, adiantou que acatar\u00e1 altera\u00e7\u00f5es dos parlamentares ao texto original somente se as alternativas estimarem a mesma economia prevista inicialmente: R$ 150 milh\u00f5es. <\/span><\/p>\n<p>&nbsp;<\/p>\n<p><span style=\"font-weight: 400\"><a href=\"https:\/\/blogs.correiobraziliense.com.br\/cbpoder\/gdf-propoe-fim-do-passe-livre-estudantil\/\">O projeto de lei elaborado pelo GDF prev\u00ea que estudantes da rede p\u00fablica ou os com renda familiar de at\u00e9 tr\u00eas sal\u00e1rios m\u00ednimos matriculados em institui\u00e7\u00f5es privadas dever\u00e3o pagar um ter\u00e7o do valor da passagem. Os alunos com renda acima desse patamar ter\u00e3o que arcar com o valor integral<\/a>.<\/span><\/p>\n<p>&nbsp;<\/p>\n<blockquote><p><span style=\"font-weight: 400\">O emedebista falou sobre a proposta ap\u00f3s discursar no audit\u00f3rio da C\u00e2mara Legislativa durante a primeira sess\u00e3o ordin\u00e1ria do ano. Ele lembrou que, quando estudante, pagava 33% das tarifas de \u00f4nibus. \u201cCom toda a dificuldade, porque venho de fam\u00edlia pobre, n\u00f3s d\u00e1vamos conta de pagar. Quando isso ocorre, inclusive, moraliza o sistema. As pessoas, pagando, valorizam mais\u201d, emendou. <\/span><\/p><\/blockquote>\n<p>&nbsp;<\/p>\n<p><span style=\"font-weight: 400\">Ibaneis indicou que a iniciativa adv\u00e9m da necessidade de corte de despesas. \u201cEm um estado que est\u00e1 plenamente quebrado, dar passe livre para quem tem condi\u00e7\u00f5es de pagar, n\u00e3o acho normal\u201d, alegou. De acordo com o governador, o Distrito Federal precisa economizar R$ 2 bilh\u00f5es neste ano e no pr\u00f3ximo, al\u00e9m de ampliar a arrecada\u00e7\u00e3o. \u201cAs d\u00edvidas est\u00e3o a\u00ed e precisam ser pagas. Todo mundo cobra alguma coisa. Querem a terceira parcela [do reajuste do funcionalismo], a paridade salarial [da Pol\u00edcia Civil com a Federal], a melhoria dos buracos ou do asfalto, a energia mais barata. Mas ningu\u00e9m lembra que a conta \u00e9 paga por algu\u00e9m. N\u00e3o existe almo\u00e7o gr\u00e1tis\u201d, alegou. \u00a0<\/span><\/p>\n<p>&nbsp;<\/p>\n<h2><b>Fiscaliza\u00e7\u00e3o<\/b><\/h2>\n<p>&nbsp;<\/p>\n<p><span style=\"font-weight: 400\">Ibaneis Rocha acrescentou que, de forma paralela, o governo prepara m\u00e9todos para otimizar a fiscaliza\u00e7\u00e3o do uso de cart\u00f5es do Passe Livre, alvo de investiga\u00e7\u00f5es.\u00a0<\/span><span style=\"font-weight: 400\"><a href=\"https:\/\/blogs.correiobraziliense.com.br\/cbpoder\/gdf-identifica-fraudes-no-transporte-e-bloqueia-27-mil-cartoes-prejuizo-pode-chegar-a-r-100-milhoes\/\">\u00a0O governo bloqueou, nesta ter\u00e7a-feira, 27,7 mil cart\u00f5es de usu\u00e1rios do transporte p\u00fablico por ind\u00edcios de fraudes.<\/a>\u00a0<\/span><\/p>\n<p>&nbsp;<\/p>\n<p><span style=\"font-weight: 400\">Conforme o chefe do Executivo local, o processo de bilhetagem passar\u00e1 das m\u00e3os do DFTrans para o BRB. \u201cEstamos esperando uma economia de R$ 100 milh\u00f5es apenas com as regras de gest\u00e3o\u201d, esclareceu.\u00a0<\/span><span style=\"font-weight: 400\">O governador explicou que a emiss\u00e3o dos bilhetes ocorrer\u00e1 nas 156 lojas de conveni\u00eancia do Banco, nas ag\u00eancias e por meio de um aplicativo para celulares. \u201cQueremos apresentar o modelo na pr\u00f3xima semana\u201d, afirmou.<\/span><\/p>\n<p>&nbsp;<\/p>\n","protected":false},"excerpt":{"rendered":"<p>Apesar de adiar o envio da proposi\u00e7\u00e3o que prev\u00ea o fim do passe livre estudantil \u00e0 C\u00e2mara Legislativa, o governador Ibaneis Rocha (MDB) disse, nesta ter\u00e7a-feira (05\/02), ter \u201cconsci\u00eancia de que \u00e9 necess\u00e1ria a aprova\u00e7\u00e3o do projeto de lei\u201d. Procurado por distritais pela manh\u00e3, o emedebista decidiu encaminhar a proposta de restri\u00e7\u00e3o somente na pr\u00f3xima sexta-feira (08), com a possibilidade [&hellip;]<\/p>\n","protected":false},"author":90,"featured_media":14410,"comment_status":"open","ping_status":"closed","sticky":false,"template":"","format":"standard","meta":{"footnotes":""},"categories":[234],"tags":[917,1716,1717,229],"class_list":["post-14409","post","type-post","status-publish","format-standard","has-post-thumbnail","hentry","category-cb-poder","tag-ibaneis-rocha","tag-passe-livre-estudantil","tag-r-150-milhoes","tag-transporte-publico"],"_links":{"self":[{"href":"https:\/\/blogs.correiobraziliense.com.br\/cbpoder\/wp-json\/wp\/v2\/posts\/14409","targetHints":{"allow":["GET"]}}],"collection":[{"href":"https:\/\/blogs.correiobraziliense.com.br\/cbpoder\/wp-json\/wp\/v2\/posts"}],"about":[{"href":"https:\/\/blogs.correiobraziliense.com.br\/cbpoder\/wp-json\/wp\/v2\/types\/post"}],"author":[{"embeddable":true,"href":"https:\/\/blogs.correiobraziliense.com.br\/cbpoder\/wp-json\/wp\/v2\/users\/90"}],"replies":[{"embeddable":true,"href":"https:\/\/blogs.correiobraziliense.com.br\/cbpoder\/wp-json\/wp\/v2\/comments?post=14409"}],"version-history":[{"count":3,"href":"https:\/\/blogs.correiobraziliense.com.br\/cbpoder\/wp-json\/wp\/v2\/posts\/14409\/revisions"}],"predecessor-version":[{"id":14413,"href":"https:\/\/blogs.correiobraziliense.com.br\/cbpoder\/wp-json\/wp\/v2\/posts\/14409\/revisions\/14413"}],"wp:featuredmedia":[{"embeddable":true,"href":"https:\/\/blogs.correiobraziliense.com.br\/cbpoder\/wp-json\/wp\/v2\/media\/14410"}],"wp:attachment":[{"href":"https:\/\/blogs.correiobraziliense.com.br\/cbpoder\/wp-json\/wp\/v2\/media?parent=14409"}],"wp:term":[{"taxonomy":"category","embeddable":true,"href":"https:\/\/blogs.correiobraziliense.com.br\/cbpoder\/wp-json\/wp\/v2\/categories?post=14409"},{"taxonomy":"post_tag","embeddable":true,"href":"https:\/\/blogs.correiobraziliense.com.br\/cbpoder\/wp-json\/wp\/v2\/tags?post=14409"}],"curies":[{"name":"wp","href":"https:\/\/api.w.org\/{rel}","templated":true}]}}