{"id":14353,"date":"2019-01-31T09:44:55","date_gmt":"2019-01-31T11:44:55","guid":{"rendered":"https:\/\/blogs.correiobraziliense.com.br\/cbpoder\/?p=14353"},"modified":"2019-01-31T09:44:55","modified_gmt":"2019-01-31T11:44:55","slug":"saude-seguranca-governo-ibaneis","status":"publish","type":"post","link":"https:\/\/blogs.correiobraziliense.com.br\/cbpoder\/saude-seguranca-governo-ibaneis\/","title":{"rendered":"Dedica\u00e7\u00e3o \u00e0 sa\u00fade e seguran\u00e7a marcam 1\u00b0 m\u00eas do governo Ibaneis"},"content":{"rendered":"<p>Com um m\u00eas de mandato, Ibaneis Rocha apostou em duas \u00e1reas principais: sa\u00fade e seguran\u00e7a p\u00fablica. N\u00e3o \u00e0 toa foram os temas dos dois projetos aprovados pelos deputados distritais em convoca\u00e7\u00e3o extraordin\u00e1ria na semana passada. O governo conseguiu criar a gratifica\u00e7\u00e3o para trabalho volunt\u00e1rio da Pol\u00edcia Civil e a autoriza\u00e7\u00e3o para ampliar para outras unidades o modelo de gest\u00e3o do Instituto Hospital de Base. Nesse per\u00edodo, Ibaneis tamb\u00e9m decretou estado de emerg\u00eancia na sa\u00fade e reabriu em tempo integral duas delegacias que funcionavam sem plant\u00e3o. Na seguran\u00e7a, ele ainda anunciou a cria\u00e7\u00e3o de uma delegacia especializada no combate \u00e0 grilagem de terras. Outras medidas foram adotadas, como a determina\u00e7\u00e3o de corte de at\u00e9 25% nos contratos p\u00fablicos, o an\u00fancio de projetos como o pacote de desburocratiza\u00e7\u00e3o na concess\u00e3o de alvar\u00e1s e o investimento em PPPs. Mas o foco foram as duas \u00e1reas que mais produzem reclama\u00e7\u00f5es e demandas da popula\u00e7\u00e3o.<\/p>\n<h2><strong>Sem previs\u00e3o<\/strong><\/h2>\n<p>Uma d\u00favida ainda aflige servidores p\u00fablicos. No fim do primeiro m\u00eas de governo, ainda n\u00e3o h\u00e1 calend\u00e1rio para pagamento dos reajustes salariais.<\/p>\n<p>&nbsp;<\/p>\n<h2><strong>Ip\u00ea de boas-vindas<\/strong><\/h2>\n<figure id=\"attachment_14355\" aria-describedby=\"caption-attachment-14355\" style=\"width: 225px\" class=\"wp-caption aligncenter\"><a href=\"https:\/\/blogs.correiobraziliense.com.br\/cbpoder\/wp-content\/uploads\/sites\/5\/2019\/01\/20190130212757990894u.jpg\"><img loading=\"lazy\" decoding=\"async\" class=\"size-medium wp-image-14355\" src=\"https:\/\/blogs.correiobraziliense.com.br\/cbpoder\/wp-content\/uploads\/sites\/5\/2019\/01\/20190130212757990894u-225x300.jpg\" alt=\"\" width=\"225\" height=\"300\" srcset=\"https:\/\/blogs.correiobraziliense.com.br\/cbpoder\/wp-content\/uploads\/sites\/5\/2019\/01\/20190130212757990894u-225x300.jpg 225w, https:\/\/blogs.correiobraziliense.com.br\/cbpoder\/wp-content\/uploads\/sites\/5\/2019\/01\/20190130212757990894u-263x350.jpg 263w, https:\/\/blogs.correiobraziliense.com.br\/cbpoder\/wp-content\/uploads\/sites\/5\/2019\/01\/20190130212757990894u-230x307.jpg 230w, https:\/\/blogs.correiobraziliense.com.br\/cbpoder\/wp-content\/uploads\/sites\/5\/2019\/01\/20190130212757990894u.jpg 510w\" sizes=\"auto, (max-width: 225px) 100vw, 225px\" \/><\/a><figcaption id=\"caption-attachment-14355\" class=\"wp-caption-text\">Agencia Bras\u00edlia\/Divulga\u00e7\u00e3o<\/figcaption><\/figure>\n<p>O GDF levou um ip\u00ea-amarelo, s\u00edmbolo do governo Ibaneis, para o sagu\u00e3o do aeroporto de Bras\u00edlia. Uma campanha de boas-vindas aos novos deputados e senadores que tomam posse amanh\u00e3.<\/p>\n<p>&nbsp;<\/p>\n<h2><strong>Pressa<\/strong><\/h2>\n<p>Aposta no meio pol\u00edtico \u00e9 de que em seis meses Ibaneis Rocha ter\u00e1 uma nova equipe. Quem n\u00e3o mostrar resultados r\u00e1pidos estar\u00e1 fora. O governador tem pressa.<\/p>\n<p>&nbsp;<\/p>\n<h2><strong>Balan\u00e7o do primeiro m\u00eas<\/strong><\/h2>\n<p>O secret\u00e1rio de Fazenda, Planejamento, Or\u00e7amento e Gest\u00e3o, Andr\u00e9 Clemente, vai apresentar hoje \u00e0 imprensa uma an\u00e1lise sobre o relat\u00f3rio de gest\u00e3o fiscal de 2018. Ele n\u00e3o deve exibir rombos ou d\u00edvidas, mas mostrar as medidas adotadas no primeiro m\u00eas do mandato de Ibaneis Rocha.<\/p>\n<p>&nbsp;<\/p>\n<h2><strong>Novo nome para Instituto de Sa\u00fade<\/strong><\/h2>\n<p>Depois de desistir de nomear a m\u00e9dica Renata Rainha como diretora-presidente do novo Instituto de Sa\u00fade, o governador Ibaneis Rocha decidiu indicar para o cargo o secret\u00e1rio adjunto de Gest\u00e3o da Secretaria de Sa\u00fade, Francisco Ara\u00fajo Filho. Ele \u00e9 formado em Servi\u00e7o Social com especializa\u00e7\u00e3o em gest\u00e3o p\u00fablica e atuou em cargos comissionados em Alagoas, na C\u00e2mara dos Deputados e no Minist\u00e9rio das Cidades. O nome foi aprovado ontem pelo Conselho de Administra\u00e7\u00e3o do Instituto Hospital de Base, por sete votos favor\u00e1veis, dois contr\u00e1rios e duas absten\u00e7\u00f5es.<\/p>\n<h2>\n<strong>Na disputa<\/strong><\/h2>\n<p>Aliada do presidente Jair Bolsonaro, a deputada eleita Bia Kicis (PSL\/DF) disputa a Presid\u00eancia da Comiss\u00e3o de Constitui\u00e7\u00e3o e Justi\u00e7a (CCJ) da C\u00e2mara dos Deputados. Se o projeto vingar, a procuradora aposentada ser\u00e1 a primeira mulher a comandar a comiss\u00e3o por onde passam todos os projetos, alguns em car\u00e1ter terminativo.<\/p>\n<p>&nbsp;<\/p>\n<h2><strong>Ex-pol\u00edtico e os org\u00e2nicos<\/strong><\/h2>\n<p>Depois de deixar a presid\u00eancia da C\u00e2mara Legislativa, Joe Valle se afastou do cotidiano da pol\u00edtica. O ex-deputado tem se dedicado \u00e0 sua grande paix\u00e3o, os org\u00e2nicos. No final da semana, ele participou do \u201cFruto \u2013 As Possibilidades de Alimentar o Mundo\u201d: um semin\u00e1rio em S\u00e3o Paulo. Ao lado de Alex Atala, Bela Gil e Paola Carosella, Joe apresentou a experi\u00eancia da fazenda Malunga, de sua propriedade, e debateu sobre as pol\u00edticas p\u00fablicas da pauta de alimenta\u00e7\u00e3o.<\/p>\n","protected":false},"excerpt":{"rendered":"<p>Com um m\u00eas de mandato, Ibaneis Rocha apostou em duas \u00e1reas principais: sa\u00fade e seguran\u00e7a p\u00fablica. N\u00e3o \u00e0 toa foram os temas dos dois projetos aprovados pelos deputados distritais em convoca\u00e7\u00e3o extraordin\u00e1ria na semana passada. O governo conseguiu criar a gratifica\u00e7\u00e3o para trabalho volunt\u00e1rio da Pol\u00edcia Civil e a autoriza\u00e7\u00e3o para ampliar para outras unidades o modelo de gest\u00e3o do [&hellip;]<\/p>\n","protected":false},"author":9,"featured_media":14354,"comment_status":"open","ping_status":"closed","sticky":false,"template":"","format":"standard","meta":{"footnotes":""},"categories":[234],"tags":[],"class_list":["post-14353","post","type-post","status-publish","format-standard","has-post-thumbnail","hentry","category-cb-poder"],"_links":{"self":[{"href":"https:\/\/blogs.correiobraziliense.com.br\/cbpoder\/wp-json\/wp\/v2\/posts\/14353","targetHints":{"allow":["GET"]}}],"collection":[{"href":"https:\/\/blogs.correiobraziliense.com.br\/cbpoder\/wp-json\/wp\/v2\/posts"}],"about":[{"href":"https:\/\/blogs.correiobraziliense.com.br\/cbpoder\/wp-json\/wp\/v2\/types\/post"}],"author":[{"embeddable":true,"href":"https:\/\/blogs.correiobraziliense.com.br\/cbpoder\/wp-json\/wp\/v2\/users\/9"}],"replies":[{"embeddable":true,"href":"https:\/\/blogs.correiobraziliense.com.br\/cbpoder\/wp-json\/wp\/v2\/comments?post=14353"}],"version-history":[{"count":1,"href":"https:\/\/blogs.correiobraziliense.com.br\/cbpoder\/wp-json\/wp\/v2\/posts\/14353\/revisions"}],"predecessor-version":[{"id":14356,"href":"https:\/\/blogs.correiobraziliense.com.br\/cbpoder\/wp-json\/wp\/v2\/posts\/14353\/revisions\/14356"}],"wp:featuredmedia":[{"embeddable":true,"href":"https:\/\/blogs.correiobraziliense.com.br\/cbpoder\/wp-json\/wp\/v2\/media\/14354"}],"wp:attachment":[{"href":"https:\/\/blogs.correiobraziliense.com.br\/cbpoder\/wp-json\/wp\/v2\/media?parent=14353"}],"wp:term":[{"taxonomy":"category","embeddable":true,"href":"https:\/\/blogs.correiobraziliense.com.br\/cbpoder\/wp-json\/wp\/v2\/categories?post=14353"},{"taxonomy":"post_tag","embeddable":true,"href":"https:\/\/blogs.correiobraziliense.com.br\/cbpoder\/wp-json\/wp\/v2\/tags?post=14353"}],"curies":[{"name":"wp","href":"https:\/\/api.w.org\/{rel}","templated":true}]}}