{"id":14335,"date":"2019-01-30T17:06:06","date_gmt":"2019-01-30T19:06:06","guid":{"rendered":"https:\/\/blogs.correiobraziliense.com.br\/cbpoder\/?p=14335"},"modified":"2019-01-30T18:22:19","modified_gmt":"2019-01-30T20:22:19","slug":"justica-suspende-nomeacao-de-candidatos-do-ultimo-concurso-da-policia-civil","status":"publish","type":"post","link":"https:\/\/blogs.correiobraziliense.com.br\/cbpoder\/justica-suspende-nomeacao-de-candidatos-do-ultimo-concurso-da-policia-civil\/","title":{"rendered":"Justi\u00e7a suspende nomea\u00e7\u00e3o de candidatos excedentes do \u00faltimo concurso da Pol\u00edcia Civil"},"content":{"rendered":"<p><span style=\"font-weight: 400\">A <\/span><span style=\"font-weight: 400\">8\u00aa Vara da Fazenda P\u00fablica do Distrito Federal suspendeu, nesta ter\u00e7a-feira (29\/01), em decis\u00e3o liminar, a nomea\u00e7\u00e3o dos 217 candidatos excedentes do \u00faltimo concurso para agente de Pol\u00edcia Civil, realizado em 2013. A convoca\u00e7\u00e3o dos profissionais remanescentes para um novo curso de forma\u00e7\u00e3o \u2014 possibilidade n\u00e3o prevista no edital \u2014 havia sido determinada pelo Tribunal de Contas do DF (TCDF) em 31 de julho de 2018.\u00a0A Justi\u00e7a local ainda derrubou a proibi\u00e7\u00e3o da Corte de Contas \u00e0 realiza\u00e7\u00e3o de novos certames at\u00e9 a contrata\u00e7\u00e3o de todos os eliminados. <\/span><\/p>\n<p>&nbsp;<\/p>\n<p><span style=\"font-weight: 400\">O concurso da corpora\u00e7\u00e3o abriu 900 vagas, sendo 300 para contrata\u00e7\u00e3o imediata e outras 600 para forma\u00e7\u00e3o de cadastro reserva. O prazo de validade expiraria em 27 de junho de 2018. Ao fim de 2017, por\u00e9m, o Minist\u00e9rio P\u00fablico de Contas do DF (MPC\/DF) pediu a apura\u00e7\u00e3o do concurso. Segundo o \u00f3rg\u00e3o, os aprovados na 1\u00aa fase da sele\u00e7\u00e3o, qualificados como excedentes, encontravam-se &#8220;aptos&#8221; a frequentar a 2\u00aa fase, j\u00e1 que &#8220;o cadastro de reserva n\u00e3o foi suficiente sequer para recompor o antigo quadro efetivo policial, e muito menos preencher as 2.000 vagas criadas pela Lei n\u00ba 12.803\/2013\u201d. O TCDF deferiu a requisi\u00e7\u00e3o.<\/span><\/p>\n<p>&nbsp;<\/p>\n<blockquote><p><span style=\"font-weight: 400\">No \u00faltimo dia 21, o Minist\u00e9rio P\u00fablico do Distrito Federal e Territ\u00f3rios (MPDFT) recorreu \u00e0 Justi\u00e7a contra a decis\u00e3o da Corte de Contas. A Promotoria de Justi\u00e7a de Defesa do Patrim\u00f4nio P\u00fablico (Prodep) pediu que os candidatos com coloca\u00e7\u00f5es a partir de 901\u00ba, descontadas desist\u00eancias e empates, fossem considerados eliminados.\u00a0<\/span><\/p><\/blockquote>\n<p>&nbsp;<\/p>\n<p>Para os promotores F\u00e1bio Nascimento e Alexandre Gon\u00e7alves, que assinam a a\u00e7\u00e3o, \u201cadmitir a chamada de eliminados \u00e9 como permitir a entrada de qualquer um nas for\u00e7as policiais: bastaria ter estado inscrito no concurso e a vaga ficaria assegurada\u201d. \u201cA burla tentada \u00e9 t\u00e3o esdr\u00faxula que se aproxima de algo como uma cria\u00e7\u00e3o de uma &#8216;dispensa de licita\u00e7\u00e3o&#8217; no \u00e2mbito do concurso p\u00fablico\u201d, detalham no processo.<\/p>\n<p>&nbsp;<\/p>\n<p><span style=\"font-weight: 400\">A ju\u00edza Mara Silda Nunes de Almeida acatou a argumenta\u00e7\u00e3o e suspendeu, de forma liminar, os artigos das decis\u00f5es do TCDF questionados. \u201cAs normas do edital s\u00e3o excessivamente claras e objetivas, n\u00e3o sendo poss\u00edvel interpreta\u00e7\u00e3o extensiva para cria\u00e7\u00e3o de cadastro reserva com candidatos remanescentes do concurso\u201d, pontuou. <\/span><\/p>\n<p>&nbsp;<\/p>\n<p><span style=\"font-weight: 400\">A magistrada acrescentou que a convoca\u00e7\u00e3o dos concursados remanescentes poderia render gastos extras \u00e0 administra\u00e7\u00e3o p\u00fablica, \u201cpois a realiza\u00e7\u00e3o do curso de forma\u00e7\u00e3o (que j\u00e1 demanda recursos financeiros elevados) pode acarretar a contrata\u00e7\u00e3o de pessoal com pagamento de vencimentos, podendo posteriormente ser reconhecida a invalidade dessas decis\u00f5es, o que representaria um desperd\u00edcio de dinheiro p\u00fablico e acabaria at\u00e9 por prejudicar esses candidatos, pois caso fa\u00e7am o curso e sejam nomeados poderiam ser exonerados no futuro\u201d.<\/span><\/p>\n<p>&nbsp;<\/p>\n<p><span style=\"font-weight: 400\">Ao <\/span><b>Correio<\/b><span style=\"font-weight: 400\">, a Pol\u00edcia Civil informou que n\u00e3o recebeu notifica\u00e7\u00e3o acerca da decis\u00e3o judicial. A corpora\u00e7\u00e3o acrescentou que, apesar da determina\u00e7\u00e3o do TCDF, em 2018, n\u00e3o houve a realiza\u00e7\u00e3o do novo curso de forma\u00e7\u00e3o, tampouco nomea\u00e7\u00e3o dos excedentes. Presidente do Sindicato dos Policiais Civis do DF (Sinpol\/DF), Rodrigo Franco, o Ga\u00facho, n\u00e3o retornou as liga\u00e7\u00f5es at\u00e9 a \u00faltima atualiza\u00e7\u00e3o desta reportagem. <\/span><\/p>\n","protected":false},"excerpt":{"rendered":"<p>A 8\u00aa Vara da Fazenda P\u00fablica do Distrito Federal suspendeu, nesta ter\u00e7a-feira (29\/01), em decis\u00e3o liminar, a nomea\u00e7\u00e3o dos 217 candidatos excedentes do \u00faltimo concurso para agente de Pol\u00edcia Civil, realizado em 2013. A convoca\u00e7\u00e3o dos profissionais remanescentes para um novo curso de forma\u00e7\u00e3o \u2014 possibilidade n\u00e3o prevista no edital \u2014 havia sido determinada pelo Tribunal de Contas do DF [&hellip;]<\/p>\n","protected":false},"author":90,"featured_media":7903,"comment_status":"open","ping_status":"closed","sticky":false,"template":"","format":"standard","meta":{"footnotes":""},"categories":[234],"tags":[321,56,102],"class_list":["post-14335","post","type-post","status-publish","format-standard","has-post-thumbnail","hentry","category-cb-poder","tag-concurso","tag-justica","tag-policia-civil"],"_links":{"self":[{"href":"https:\/\/blogs.correiobraziliense.com.br\/cbpoder\/wp-json\/wp\/v2\/posts\/14335","targetHints":{"allow":["GET"]}}],"collection":[{"href":"https:\/\/blogs.correiobraziliense.com.br\/cbpoder\/wp-json\/wp\/v2\/posts"}],"about":[{"href":"https:\/\/blogs.correiobraziliense.com.br\/cbpoder\/wp-json\/wp\/v2\/types\/post"}],"author":[{"embeddable":true,"href":"https:\/\/blogs.correiobraziliense.com.br\/cbpoder\/wp-json\/wp\/v2\/users\/90"}],"replies":[{"embeddable":true,"href":"https:\/\/blogs.correiobraziliense.com.br\/cbpoder\/wp-json\/wp\/v2\/comments?post=14335"}],"version-history":[{"count":8,"href":"https:\/\/blogs.correiobraziliense.com.br\/cbpoder\/wp-json\/wp\/v2\/posts\/14335\/revisions"}],"predecessor-version":[{"id":14345,"href":"https:\/\/blogs.correiobraziliense.com.br\/cbpoder\/wp-json\/wp\/v2\/posts\/14335\/revisions\/14345"}],"wp:featuredmedia":[{"embeddable":true,"href":"https:\/\/blogs.correiobraziliense.com.br\/cbpoder\/wp-json\/wp\/v2\/media\/7903"}],"wp:attachment":[{"href":"https:\/\/blogs.correiobraziliense.com.br\/cbpoder\/wp-json\/wp\/v2\/media?parent=14335"}],"wp:term":[{"taxonomy":"category","embeddable":true,"href":"https:\/\/blogs.correiobraziliense.com.br\/cbpoder\/wp-json\/wp\/v2\/categories?post=14335"},{"taxonomy":"post_tag","embeddable":true,"href":"https:\/\/blogs.correiobraziliense.com.br\/cbpoder\/wp-json\/wp\/v2\/tags?post=14335"}],"curies":[{"name":"wp","href":"https:\/\/api.w.org\/{rel}","templated":true}]}}