{"id":14316,"date":"2019-01-29T19:20:46","date_gmt":"2019-01-29T21:20:46","guid":{"rendered":"https:\/\/blogs.correiobraziliense.com.br\/cbpoder\/?p=14316"},"modified":"2019-01-29T19:20:46","modified_gmt":"2019-01-29T21:20:46","slug":"ibaneis-desiste-da-indicacao-de-renata-rainha-ao-comando-de-instituto-que-gerenciara-hospitais-e-upas","status":"publish","type":"post","link":"https:\/\/blogs.correiobraziliense.com.br\/cbpoder\/ibaneis-desiste-da-indicacao-de-renata-rainha-ao-comando-de-instituto-que-gerenciara-hospitais-e-upas\/","title":{"rendered":"Ibaneis desiste da indica\u00e7\u00e3o de Renata Rainha ao comando de instituto que gerenciar\u00e1 hospitais e UPAs"},"content":{"rendered":"<p><span style=\"font-weight: 400\">O governador Ibaneis Rocha (MDB) desistiu da indica\u00e7\u00e3o da subsecret\u00e1ria de Aten\u00e7\u00e3o Integral \u00e0 Sa\u00fade, Renata Rainha, ao cargo de diretora-presidente do Instituto Hospital de Base do DF (IHBDF). A partir da san\u00e7\u00e3o de lei aprovada pela C\u00e2mara Legislativa na \u00faltima quinta-feira, a entidade passar\u00e1 a se chamar Instituto de Gest\u00e3o Estrat\u00e9gica da Sa\u00fade do DF (IGESDF) e gerenciar\u00e1, al\u00e9m do Base, o Hospital Regional de Santa Maria (HRSM) e as seis Unidades de Pronto Atendimento (UPAs) da capital.<\/span><\/p>\n<p>&nbsp;<\/p>\n<blockquote><p><span style=\"font-weight: 400\">A escolha inicial de Ibaneis esbarrou no estatuto do IHBDF. O documento pro\u00edbe a indica\u00e7\u00e3o, \u00e0 Diretoria Executiva, ao Conselho de Administra\u00e7\u00e3o e ao Conselho Fiscal, de pessoas cujos parentes sejam dirigentes estatut\u00e1rios de partidos pol\u00edticos; tenham atuado, nos \u00faltimos 36 meses, como participantes de estrutura decis\u00f3ria da siglas; ou trabalhado em a\u00e7\u00f5es vinculadas \u00e0 organiza\u00e7\u00e3o, estrutura\u00e7\u00e3o e realiza\u00e7\u00e3o de campanha eleitoral.<\/span><\/p><\/blockquote>\n<p>&nbsp;<\/p>\n<p><span style=\"font-weight: 400\">M\u00e3e de Renata, Rose Rainha \u00e9 filiada ao MDB-DF e pr\u00f3xima ao governador Ibaneis Rocha, seu correligion\u00e1rio. \u00c0 \u00e9poca da corrida eleitoral, quando o atual chefe do Buriti ainda n\u00e3o havia decidido se candidatar, era cotada para assumir a Vice-Governadoria da chapa de Jofran Frejat (PR). Ademais, Rose preside a Funda\u00e7\u00e3o Ulysses Guimar\u00e3es, vinculada \u00e0 legenda emedebista. <\/span><\/p>\n<p>&nbsp;<\/p>\n<p><span style=\"font-weight: 400\">A subsecret\u00e1ria de Aten\u00e7\u00e3o Integral \u00e0 Sa\u00fade \u00e9 filha, ainda, do conselheiro do Tribunal de Contas do DF (TCDF) Renato Rainha. Havia previs\u00e3o de que o nome de Renata passasse, na \u00faltima segunda-feira (28), pelo crivo do Conselho de Administra\u00e7\u00e3o do IHBDF. Entretanto, o tema nem sequer entrou em pauta. <\/span><\/p>\n<p>&nbsp;<\/p>\n<h2><b>Perfil<\/b><\/h2>\n<p>&nbsp;<\/p>\n<p><span style=\"font-weight: 400\">Formada pela Universidade Cat\u00f3lica de Bras\u00edlia (UCB), Renata Rainha cumpriu resid\u00eancia-m\u00e9dica em psiquiatria numa universidade de Niter\u00f3i, no Rio de Janeiro. Realizou, ainda, curso de aperfei\u00e7oamento na Universidade de Queensland, na Austr\u00e1lia, e curso de imers\u00e3o em Transtornos Alimentares no Instituto de Estudos Avan\u00e7ados da Universidade de S\u00e3o Paulo (IEA-USP). <\/span><\/p>\n<p>&nbsp;<\/p>\n<p><span style=\"font-weight: 400\">Conforme o Portal de Transpar\u00eancia do GDF, a filha de Renato Rainha integra o Conselho de Administra\u00e7\u00e3o da Companhia de Saneamento Ambiental do DF (Caesb). O atual mandato, iniciado em julho de 2018, vigora at\u00e9 8 de julho de 2020. A remunera\u00e7\u00e3o pelo cargo \u00e9 de R$ 4.413,76. Ela ainda \u00e9 s\u00f3cia na Cl\u00ednica Psiqui\u00e1trica Leben. <\/span><\/p>\n<p>&nbsp;<\/p>\n","protected":false},"excerpt":{"rendered":"<p>O governador Ibaneis Rocha (MDB) desistiu da indica\u00e7\u00e3o da subsecret\u00e1ria de Aten\u00e7\u00e3o Integral \u00e0 Sa\u00fade, Renata Rainha, ao cargo de diretora-presidente do Instituto Hospital de Base do DF (IHBDF). A partir da san\u00e7\u00e3o de lei aprovada pela C\u00e2mara Legislativa na \u00faltima quinta-feira, a entidade passar\u00e1 a se chamar Instituto de Gest\u00e3o Estrat\u00e9gica da Sa\u00fade do DF (IGESDF) e gerenciar\u00e1, al\u00e9m [&hellip;]<\/p>\n","protected":false},"author":90,"featured_media":14317,"comment_status":"open","ping_status":"closed","sticky":false,"template":"","format":"standard","meta":{"footnotes":""},"categories":[234],"tags":[1521,1705,138,1571],"class_list":["post-14316","post","type-post","status-publish","format-standard","has-post-thumbnail","hentry","category-cb-poder","tag-hospitais","tag-instituto","tag-saude","tag-upas"],"_links":{"self":[{"href":"https:\/\/blogs.correiobraziliense.com.br\/cbpoder\/wp-json\/wp\/v2\/posts\/14316","targetHints":{"allow":["GET"]}}],"collection":[{"href":"https:\/\/blogs.correiobraziliense.com.br\/cbpoder\/wp-json\/wp\/v2\/posts"}],"about":[{"href":"https:\/\/blogs.correiobraziliense.com.br\/cbpoder\/wp-json\/wp\/v2\/types\/post"}],"author":[{"embeddable":true,"href":"https:\/\/blogs.correiobraziliense.com.br\/cbpoder\/wp-json\/wp\/v2\/users\/90"}],"replies":[{"embeddable":true,"href":"https:\/\/blogs.correiobraziliense.com.br\/cbpoder\/wp-json\/wp\/v2\/comments?post=14316"}],"version-history":[{"count":2,"href":"https:\/\/blogs.correiobraziliense.com.br\/cbpoder\/wp-json\/wp\/v2\/posts\/14316\/revisions"}],"predecessor-version":[{"id":14319,"href":"https:\/\/blogs.correiobraziliense.com.br\/cbpoder\/wp-json\/wp\/v2\/posts\/14316\/revisions\/14319"}],"wp:featuredmedia":[{"embeddable":true,"href":"https:\/\/blogs.correiobraziliense.com.br\/cbpoder\/wp-json\/wp\/v2\/media\/14317"}],"wp:attachment":[{"href":"https:\/\/blogs.correiobraziliense.com.br\/cbpoder\/wp-json\/wp\/v2\/media?parent=14316"}],"wp:term":[{"taxonomy":"category","embeddable":true,"href":"https:\/\/blogs.correiobraziliense.com.br\/cbpoder\/wp-json\/wp\/v2\/categories?post=14316"},{"taxonomy":"post_tag","embeddable":true,"href":"https:\/\/blogs.correiobraziliense.com.br\/cbpoder\/wp-json\/wp\/v2\/tags?post=14316"}],"curies":[{"name":"wp","href":"https:\/\/api.w.org\/{rel}","templated":true}]}}