{"id":14314,"date":"2019-01-29T18:10:01","date_gmt":"2019-01-29T20:10:01","guid":{"rendered":"https:\/\/blogs.correiobraziliense.com.br\/cbpoder\/?p=14314"},"modified":"2019-01-29T18:10:01","modified_gmt":"2019-01-29T20:10:01","slug":"conselho-de-saude-do-df-rejeita-projeto-que-muda-gestao-de-upas-e-hospital-e-deve-acionar-a-justica","status":"publish","type":"post","link":"https:\/\/blogs.correiobraziliense.com.br\/cbpoder\/conselho-de-saude-do-df-rejeita-projeto-que-muda-gestao-de-upas-e-hospital-e-deve-acionar-a-justica\/","title":{"rendered":"Conselho de Sa\u00fade do DF rejeita projeto que muda gest\u00e3o de UPAs e hospital e deve acionar a Justi\u00e7a"},"content":{"rendered":"<p><span style=\"font-weight: 400\">O Conselho de Sa\u00fade do Distrito Federal (CSDF) rejeitou, nesta ter\u00e7a-feira (29\/01), o projeto de lei que expande o modelo de gest\u00e3o do Instituto Hospital de Base do DF (IHBDF), aprovado pela C\u00e2mara Legislativa na \u00faltima quinta-feira, em sess\u00e3o extraordin\u00e1ria. Conforme a proposta, a partir da san\u00e7\u00e3o da lei, a entidade passar\u00e1 a se chamar Instituto de Gest\u00e3o Estrat\u00e9gica da Sa\u00fade do DF (IGESDF) e gerenciar\u00e1, al\u00e9m do Base, o Hospital Regional de Santa Maria (HRSM) e as seis Unidades de Pronto Atendimento (UPAs) da capital. <\/span><\/p>\n<p>&nbsp;<\/p>\n<blockquote><p><span style=\"font-weight: 400\">Com natureza jur\u00eddica de servi\u00e7o social aut\u00f4nomo, o IHBDF funciona desde janeiro de 2018 <\/span><span style=\"font-weight: 400\">\u2014 o Base foi o primeiro centro de sa\u00fade a receber o modelo de gest\u00e3o em Bras\u00edlia<\/span><span style=\"font-weight: 400\">. Em nota enviada ao <\/span><b>Correio<\/b><span style=\"font-weight: 400\">, a Secretaria de Sa\u00fade lembrou que, em 2017, o Conselho aprovou a proposta que previa o formato de administra\u00e7\u00e3o, desenvolvido por Rodrigo Rollemberg (PSB). \u201c<\/span><span style=\"font-weight: 400\">Partindo do entendimento que a PL 001\/2019 apenas amplia este modelo, mantendo a mesma figura jur\u00eddica, n\u00e3o caberia ao Conselho opinar, mais uma vez, sobre a mat\u00e9ria\u201d, complementa a pasta. <\/span><\/p><\/blockquote>\n<p>&nbsp;<\/p>\n<p><span style=\"font-weight: 400\">A reportagem contatou a Procuradoria-Geral do DF para mais esclarecimentos, mas n\u00e3o obteve retorno at\u00e9 a \u00faltima atualiza\u00e7\u00e3o desta reportagem. O Minist\u00e9rio P\u00fablico do DF e dos Territ\u00f3rios (MPDFT) informou que se manifesta a respeito de propostas do governo somente ap\u00f3s a san\u00e7\u00e3o das leis. <\/span><\/p>\n<p>&nbsp;<\/p>\n<p><span style=\"font-weight: 400\">Posicionaram-se contra o projeto os 15 dos 28 integrantes do Conselho presentes na reuni\u00e3o. Na pr\u00e1tica, a decis\u00e3o n\u00e3o representa implica\u00e7\u00f5es imediatas \u00e0 proposi\u00e7\u00e3o. Entretanto, o \u00f3rg\u00e3o, que \u00e9 vinculado \u00e0 Secretaria de Sa\u00fade, pretende ajuizar uma a\u00e7\u00e3o direta de inconstitucionalidade (ADI) contra a extens\u00e3o do modelo do IHBDF para o HRSM e as UPAs. Dessa forma, a legalidade da proposta seria avaliada pelo Conselho Especial do Tribunal de Justi\u00e7a do DF e dos Territ\u00f3rios (TJDFT). <\/span><\/p>\n<p>&nbsp;<\/p>\n<h2><b>Manifesta\u00e7\u00e3o<\/b><\/h2>\n<p>&nbsp;<\/p>\n<p><span style=\"font-weight: 400\">Ap\u00f3s a ofensiva do Conselho, distritais que votaram contra o projeto de lei manifestaram-se nas redes sociais e por meio de notas \u00e0 imprensa. Leandro Grass (Rede) lembrou ter defendido que a quest\u00e3o fosse discutida com a popula\u00e7\u00e3o e especialistas. \u201cPrecisamos de n\u00fameros e dados provando que o Instituto Hospital de Base realmente \u00e9 um exemplo e a solu\u00e7\u00e3o para a sa\u00fade do DF. N\u00e3o podemos mais fazer pol\u00edtica p\u00fablica no achismo\u201d, pontuou. <\/span><\/p>\n<p>&nbsp;<\/p>\n<p><span style=\"font-weight: 400\">Chico Vigilante (PT) indicou que o posicionamento \u00e9 \u201cmais um motivo para o questionamento jur\u00eddico da lei aprovada\u201d. \u201cO governador Ibaneis, juntamente com o presidente da C\u00e2mara, atropelaram o processo de tramita\u00e7\u00e3o do projeto, fizeram uma convoca\u00e7\u00e3o extraordin\u00e1ria de forma atabalhoada para fugir dos tr\u00e2mites legais e, agora, v\u00e3o arcar com as consequ\u00eancias\u201d, alfinetou. <\/span><\/p>\n<p>&nbsp;<\/p>\n<p><span style=\"font-weight: 400\">A distrital J\u00falia Lucy engrossou o coro. \u201c<\/span><span style=\"font-weight: 400\">A proposta deveria ter seguido uma s\u00e9rie de ritos. Nem sequer pudemos discutir a quest\u00e3o em uma audi\u00eancia p\u00fablica. N\u00e3o podemos estender um modelo que n\u00e3o foi auditado, nem teve efici\u00eancia comprovada\u201d, disse.<\/span><\/p>\n<p>&nbsp;<\/p>\n","protected":false},"excerpt":{"rendered":"<p>O Conselho de Sa\u00fade do Distrito Federal (CSDF) rejeitou, nesta ter\u00e7a-feira (29\/01), o projeto de lei que expande o modelo de gest\u00e3o do Instituto Hospital de Base do DF (IHBDF), aprovado pela C\u00e2mara Legislativa na \u00faltima quinta-feira, em sess\u00e3o extraordin\u00e1ria. Conforme a proposta, a partir da san\u00e7\u00e3o da lei, a entidade passar\u00e1 a se chamar Instituto de Gest\u00e3o Estrat\u00e9gica da [&hellip;]<\/p>\n","protected":false},"author":90,"featured_media":5170,"comment_status":"open","ping_status":"closed","sticky":false,"template":"","format":"standard","meta":{"footnotes":""},"categories":[234],"tags":[1709,108,1572,1571],"class_list":["post-14314","post","type-post","status-publish","format-standard","has-post-thumbnail","hentry","category-cb-poder","tag-conselho-de-saude","tag-hospital","tag-hospital-de-base","tag-upas"],"_links":{"self":[{"href":"https:\/\/blogs.correiobraziliense.com.br\/cbpoder\/wp-json\/wp\/v2\/posts\/14314","targetHints":{"allow":["GET"]}}],"collection":[{"href":"https:\/\/blogs.correiobraziliense.com.br\/cbpoder\/wp-json\/wp\/v2\/posts"}],"about":[{"href":"https:\/\/blogs.correiobraziliense.com.br\/cbpoder\/wp-json\/wp\/v2\/types\/post"}],"author":[{"embeddable":true,"href":"https:\/\/blogs.correiobraziliense.com.br\/cbpoder\/wp-json\/wp\/v2\/users\/90"}],"replies":[{"embeddable":true,"href":"https:\/\/blogs.correiobraziliense.com.br\/cbpoder\/wp-json\/wp\/v2\/comments?post=14314"}],"version-history":[{"count":1,"href":"https:\/\/blogs.correiobraziliense.com.br\/cbpoder\/wp-json\/wp\/v2\/posts\/14314\/revisions"}],"predecessor-version":[{"id":14315,"href":"https:\/\/blogs.correiobraziliense.com.br\/cbpoder\/wp-json\/wp\/v2\/posts\/14314\/revisions\/14315"}],"wp:featuredmedia":[{"embeddable":true,"href":"https:\/\/blogs.correiobraziliense.com.br\/cbpoder\/wp-json\/wp\/v2\/media\/5170"}],"wp:attachment":[{"href":"https:\/\/blogs.correiobraziliense.com.br\/cbpoder\/wp-json\/wp\/v2\/media?parent=14314"}],"wp:term":[{"taxonomy":"category","embeddable":true,"href":"https:\/\/blogs.correiobraziliense.com.br\/cbpoder\/wp-json\/wp\/v2\/categories?post=14314"},{"taxonomy":"post_tag","embeddable":true,"href":"https:\/\/blogs.correiobraziliense.com.br\/cbpoder\/wp-json\/wp\/v2\/tags?post=14314"}],"curies":[{"name":"wp","href":"https:\/\/api.w.org\/{rel}","templated":true}]}}