{"id":14304,"date":"2019-01-28T17:45:30","date_gmt":"2019-01-28T19:45:30","guid":{"rendered":"https:\/\/blogs.correiobraziliense.com.br\/cbpoder\/?p=14304"},"modified":"2019-01-28T20:27:10","modified_gmt":"2019-01-28T22:27:10","slug":"hospital-de-taguatinga-e-hmib-sao-incluidos-na-redacao-final-do-projeto-que-amplia-instituto-hospital-de-base","status":"publish","type":"post","link":"https:\/\/blogs.correiobraziliense.com.br\/cbpoder\/hospital-de-taguatinga-e-hmib-sao-incluidos-na-redacao-final-do-projeto-que-amplia-instituto-hospital-de-base\/","title":{"rendered":"Hospital de Taguatinga e HMIB s\u00e3o inclu\u00eddos na reda\u00e7\u00e3o final do projeto que amplia Instituto Hospital de Base"},"content":{"rendered":"<h5>ANA MARIA CAMPOS<\/h5>\n<h5>ANA VIRIATO<\/h5>\n<p>A reda\u00e7\u00e3o final do projeto de lei que amplia o modelo de gest\u00e3o do Instituto Hospital de Base para outras unidades, aprovado na convoca\u00e7\u00e3o extraordin\u00e1ria da C\u00e2mara Legislativa da semana passada, \u00e9 a express\u00e3o do texto original enviado pelo Executivo.<\/p>\n<p>&nbsp;<\/p>\n<p>Publicado na edi\u00e7\u00e3o de hoje (28\/01) do Di\u00e1rio da C\u00e2mara, o projeto que altera a nomenclatura do Instituto Hospital de Base (IHBDF) para Instituto de Gest\u00e3o Estrat\u00e9gica para a Sa\u00fade (IGESDF) inclui no alcance do modelo de gest\u00e3o duas unidades que os deputados distritais recusaram: o Hospital Regional de Taguatinga e o Hospital Materno Infantil de Bras\u00edlia.<\/p>\n<p>&nbsp;<\/p>\n<p>Os deputados distritais aprovaram apenas a extens\u00e3o para as seis UPAs e para o Hospital de Santa Maria, depois de um acordo com o Executivo.<\/p>\n<p>&nbsp;<\/p>\n<p>Segundo a assessoria da Presid\u00eancia da C\u00e2mara, houve\u00a0um erro no momento da digita\u00e7\u00e3o. O texto correto, aprovado pelos distritais, ser\u00e1 assinado logo mais pelo presidente da C\u00e2mara Legislativa, Rafael Prudente. A reda\u00e7\u00e3o que cont\u00e9m o erro ser\u00e1 retirada do ar.<\/p>\n","protected":false},"excerpt":{"rendered":"<p>ANA MARIA CAMPOS ANA VIRIATO A reda\u00e7\u00e3o final do projeto de lei que amplia o modelo de gest\u00e3o do Instituto Hospital de Base para outras unidades, aprovado na convoca\u00e7\u00e3o extraordin\u00e1ria da C\u00e2mara Legislativa da semana passada, \u00e9 a express\u00e3o do texto original enviado pelo Executivo. &nbsp; Publicado na edi\u00e7\u00e3o de hoje (28\/01) do Di\u00e1rio da C\u00e2mara, o projeto que altera [&hellip;]<\/p>\n","protected":false},"author":9,"featured_media":14305,"comment_status":"open","ping_status":"closed","sticky":false,"template":"","format":"standard","meta":{"footnotes":""},"categories":[234],"tags":[70,765,1706],"class_list":["post-14304","post","type-post","status-publish","format-standard","has-post-thumbnail","hentry","category-cb-poder","tag-camara-legislativa","tag-instituto-hospital-de-base","tag-redacao-final"],"_links":{"self":[{"href":"https:\/\/blogs.correiobraziliense.com.br\/cbpoder\/wp-json\/wp\/v2\/posts\/14304","targetHints":{"allow":["GET"]}}],"collection":[{"href":"https:\/\/blogs.correiobraziliense.com.br\/cbpoder\/wp-json\/wp\/v2\/posts"}],"about":[{"href":"https:\/\/blogs.correiobraziliense.com.br\/cbpoder\/wp-json\/wp\/v2\/types\/post"}],"author":[{"embeddable":true,"href":"https:\/\/blogs.correiobraziliense.com.br\/cbpoder\/wp-json\/wp\/v2\/users\/9"}],"replies":[{"embeddable":true,"href":"https:\/\/blogs.correiobraziliense.com.br\/cbpoder\/wp-json\/wp\/v2\/comments?post=14304"}],"version-history":[{"count":2,"href":"https:\/\/blogs.correiobraziliense.com.br\/cbpoder\/wp-json\/wp\/v2\/posts\/14304\/revisions"}],"predecessor-version":[{"id":14307,"href":"https:\/\/blogs.correiobraziliense.com.br\/cbpoder\/wp-json\/wp\/v2\/posts\/14304\/revisions\/14307"}],"wp:featuredmedia":[{"embeddable":true,"href":"https:\/\/blogs.correiobraziliense.com.br\/cbpoder\/wp-json\/wp\/v2\/media\/14305"}],"wp:attachment":[{"href":"https:\/\/blogs.correiobraziliense.com.br\/cbpoder\/wp-json\/wp\/v2\/media?parent=14304"}],"wp:term":[{"taxonomy":"category","embeddable":true,"href":"https:\/\/blogs.correiobraziliense.com.br\/cbpoder\/wp-json\/wp\/v2\/categories?post=14304"},{"taxonomy":"post_tag","embeddable":true,"href":"https:\/\/blogs.correiobraziliense.com.br\/cbpoder\/wp-json\/wp\/v2\/tags?post=14304"}],"curies":[{"name":"wp","href":"https:\/\/api.w.org\/{rel}","templated":true}]}}