{"id":14286,"date":"2019-01-24T22:46:12","date_gmt":"2019-01-25T00:46:12","guid":{"rendered":"https:\/\/blogs.correiobraziliense.com.br\/cbpoder\/?p=14286"},"modified":"2019-01-24T22:46:12","modified_gmt":"2019-01-25T00:46:12","slug":"distritais-aprovam-criacao-de-servico-voluntario-na-policia-civil","status":"publish","type":"post","link":"https:\/\/blogs.correiobraziliense.com.br\/cbpoder\/distritais-aprovam-criacao-de-servico-voluntario-na-policia-civil\/","title":{"rendered":"Distritais aprovam cria\u00e7\u00e3o de servi\u00e7o volunt\u00e1rio na Pol\u00edcia Civil"},"content":{"rendered":"<p><strong>Alexandre de Paula<\/strong><\/p>\n<p><strong>Ana Viriato<\/strong><\/p>\n<p>&nbsp;<\/p>\n<p><span style=\"font-weight: 400\">Na mesma sess\u00e3o em que analisaram a proposta de amplia\u00e7\u00e3o do modelo de gest\u00e3o do Instituto Hospital de Base do DF (IHBDF), os distritais aprovaram, nesta quinta-feira (24\/01), o projeto de lei do Executivo local que institui o pagamento de &#8220;valores extras&#8221; a policiais civis e delegados que decidirem trabalhar em dias de folga. A iniciativa sofreu menos resist\u00eancia do que a mat\u00e9ria da sa\u00fade e recebeu o aval da Casa por unanimidade.<\/span><\/p>\n<p>&nbsp;<\/p>\n<p><span style=\"font-weight: 400\">De acordo com a proposta, os policiais que realizarem o servi\u00e7o volunt\u00e1rio receber\u00e3o R$ 400 por oito horas de turno ou escala. A regulamenta\u00e7\u00e3o da lei dever\u00e1 ser elaborada pela diretoria-geral da corpora\u00e7\u00e3o, em um prazo de 30 dias, contado a partir da san\u00e7\u00e3o. A norma visa a retomada do funcionamento das delegacias por 24 horas, uma vez que os integrantes da PCDF n\u00e3o podem receber horas extras.<\/span><\/p>\n<p>&nbsp;<\/p>\n<p><span style=\"font-weight: 400\">Policial civil, o distrital Cl\u00e1udio Abrantes (PDT) destacou a import\u00e2ncia da medida para a for\u00e7a de seguran\u00e7a. \u201cPela primeira vez em muito tempo, est\u00e1 chegando um projeto que beneficia a Pol\u00edcia Civil do Distrito Federal. Al\u00e9m de abrir delegacias, h\u00e1 outras a\u00e7\u00f5es que podem ser remuneradas com esse servi\u00e7o volunt\u00e1rio, como nas opera\u00e7\u00f5es\u201d, argumentou.<\/span><\/p>\n<p>&nbsp;<\/p>\n<p><span style=\"font-weight: 400\">Conforme o texto, o valor n\u00e3o \u00e9 sujeito \u00e0 incid\u00eancia de imposto de renda de pessoa f\u00edsica e contribui\u00e7\u00e3o previdenci\u00e1ria. Por meio de emenda, Hermeto tentou estender benef\u00edcio semelhante \u00e0 Pol\u00edcia Militar e ao Corpo de Bombeiros, que receberiam aumentos para equiparar os valores quando houvesse descontos. A emenda, por\u00e9m, n\u00e3o foi aprovada. <\/span><\/p>\n<p>&nbsp;<\/p>\n<blockquote><p><span style=\"font-weight: 400\">Apesar de ser favor\u00e1vel ao projeto, Reginaldo Veras (PDT) salientou que a medida deve ser provis\u00f3ria. \u201cIsso n\u00e3o pode ser visto como solu\u00e7\u00e3o para a seguran\u00e7a p\u00fablica. O caminho \u00e9 abertura de caminhos p\u00fablicos\u201d, ressaltou. O entendimento foi o mesmo do deputado F\u00e1bio F\u00e9lix (PSol), \u201cO servi\u00e7o volunt\u00e1rio n\u00e3o \u00e9 solu\u00e7\u00e3o definitiva para nenhuma \u00e1rea, tem de ser encarado como transi\u00e7\u00e3o\u201d, comentou.<\/span><\/p><\/blockquote>\n<p>&nbsp;<\/p>\n<p><span style=\"font-weight: 400\">Policial militar da reserva, Hermeto (PHS) defendeu a medida. \u201c\u00c9 justo, tenho certeza que vai melhorar a seguran\u00e7a, principalmente com a abertura dessas delegacias que est\u00e3o fechadas\u201d, defendeu. \u201cTodo mundo ganha com essa proposta, a institui\u00e7\u00e3o, a popula\u00e7\u00e3o e o policial\u201d, complementou o distrital Roosevelt Vilela (PSB).<\/span><\/p>\n<p>&nbsp;<\/p>\n<p><span style=\"font-weight: 400\">O distrital Leandro Grass (Rede) fez cr\u00edticas \u00e0 proposi\u00e7\u00e3o, a despeito do voto favor\u00e1vel. \u201cEu lamento que a gente n\u00e3o tenha condi\u00e7\u00f5es de aperfei\u00e7oar o projeto. N\u00e3o \u00e9 com a folga necess\u00e1ria que n\u00f3s vamos ocupar essa lacuna. \u00c9 ruim que tenha que se votar um projeto que tem uma inten\u00e7\u00e3o nobre sem sentar, sem ouvir\u201d, avaliou.<\/span><\/p>\n<p>&nbsp;<\/p>\n<p><span style=\"font-weight: 400\">Para viabilizar o programa, o governo estima um impacto mensal de R$ 880 mil, com 2,2 mil per\u00edodos de servi\u00e7o volunt\u00e1rio. Ao ano, a cifra sobe para R$ 10,5 milh\u00f5es. \u201cEsse valor revela-se como investimento de custo relativamente reduzido diante de um cen\u00e1rio de quadro de servidores gravemente deficit\u00e1rio\u201d, diz a justificativa do governo. <\/span><\/p>\n","protected":false},"excerpt":{"rendered":"<p>Alexandre de Paula Ana Viriato &nbsp; Na mesma sess\u00e3o em que analisaram a proposta de amplia\u00e7\u00e3o do modelo de gest\u00e3o do Instituto Hospital de Base do DF (IHBDF), os distritais aprovaram, nesta quinta-feira (24\/01), o projeto de lei do Executivo local que institui o pagamento de &#8220;valores extras&#8221; a policiais civis e delegados que decidirem trabalhar em dias de folga. [&hellip;]<\/p>\n","protected":false},"author":90,"featured_media":7903,"comment_status":"open","ping_status":"closed","sticky":false,"template":"","format":"standard","meta":{"footnotes":""},"categories":[234],"tags":[1701,102,1700],"class_list":["post-14286","post","type-post","status-publish","format-standard","has-post-thumbnail","hentry","category-cb-poder","tag-indenizacao","tag-policia-civil","tag-servico-voluntario"],"_links":{"self":[{"href":"https:\/\/blogs.correiobraziliense.com.br\/cbpoder\/wp-json\/wp\/v2\/posts\/14286","targetHints":{"allow":["GET"]}}],"collection":[{"href":"https:\/\/blogs.correiobraziliense.com.br\/cbpoder\/wp-json\/wp\/v2\/posts"}],"about":[{"href":"https:\/\/blogs.correiobraziliense.com.br\/cbpoder\/wp-json\/wp\/v2\/types\/post"}],"author":[{"embeddable":true,"href":"https:\/\/blogs.correiobraziliense.com.br\/cbpoder\/wp-json\/wp\/v2\/users\/90"}],"replies":[{"embeddable":true,"href":"https:\/\/blogs.correiobraziliense.com.br\/cbpoder\/wp-json\/wp\/v2\/comments?post=14286"}],"version-history":[{"count":2,"href":"https:\/\/blogs.correiobraziliense.com.br\/cbpoder\/wp-json\/wp\/v2\/posts\/14286\/revisions"}],"predecessor-version":[{"id":14288,"href":"https:\/\/blogs.correiobraziliense.com.br\/cbpoder\/wp-json\/wp\/v2\/posts\/14286\/revisions\/14288"}],"wp:featuredmedia":[{"embeddable":true,"href":"https:\/\/blogs.correiobraziliense.com.br\/cbpoder\/wp-json\/wp\/v2\/media\/7903"}],"wp:attachment":[{"href":"https:\/\/blogs.correiobraziliense.com.br\/cbpoder\/wp-json\/wp\/v2\/media?parent=14286"}],"wp:term":[{"taxonomy":"category","embeddable":true,"href":"https:\/\/blogs.correiobraziliense.com.br\/cbpoder\/wp-json\/wp\/v2\/categories?post=14286"},{"taxonomy":"post_tag","embeddable":true,"href":"https:\/\/blogs.correiobraziliense.com.br\/cbpoder\/wp-json\/wp\/v2\/tags?post=14286"}],"curies":[{"name":"wp","href":"https:\/\/api.w.org\/{rel}","templated":true}]}}