{"id":14234,"date":"2019-01-18T18:27:55","date_gmt":"2019-01-18T20:27:55","guid":{"rendered":"https:\/\/blogs.correiobraziliense.com.br\/cbpoder\/?p=14234"},"modified":"2019-01-18T18:27:55","modified_gmt":"2019-01-18T20:27:55","slug":"ibaneis-diz-que-vai-processar-distritais-por-mortes-na-saude-caso-projeto-nao-seja-aprovado","status":"publish","type":"post","link":"https:\/\/blogs.correiobraziliense.com.br\/cbpoder\/ibaneis-diz-que-vai-processar-distritais-por-mortes-na-saude-caso-projeto-nao-seja-aprovado\/","title":{"rendered":"Ibaneis diz que vai processar distritais por mortes na sa\u00fade, caso projeto n\u00e3o seja aprovado"},"content":{"rendered":"<p><strong>ALEXANDRE DE PAULA<\/strong><\/p>\n<p>&nbsp;<\/p>\n<p><span style=\"font-weight: 400\">O governador eleito Ibaneis Rocha (MDB) subiu o tom, nesta sexta-feira (18\/01), ao falar sobre a resist\u00eancia de distritais \u00e0 vota\u00e7\u00e3o, em sess\u00e3o extraordin\u00e1ria, do projeto de lei que prev\u00ea a extens\u00e3o do modelo de gest\u00e3o do Hospital de Base, o qual permite compras sem licita\u00e7\u00e3o e contrata\u00e7\u00f5es pelo regime celetista, ao n\u00facleo da rede p\u00fablica\u00a0\u2014 hospitais regionais, Samu, Unidades de Pronto Atendimento (UPAs) e Unidades de Refer\u00eancia Distrital (URDs).\u00a0<\/span><span style=\"font-weight: 400\">O emedebista disse que responsabilizar\u00e1 os deputados pelas mortes que ocorrerem na sa\u00fade, caso a proposta, que consta no pacote emergencial encaminhado \u00e0 C\u00e2mara Legislativa, n\u00e3o seja aprovada.<\/span><\/p>\n<p>&nbsp;<\/p>\n<p><span style=\"font-weight: 400\">\u201cEm meses, v\u00e1rias pessoas v\u00e3o morrer. Eles escolhem o que querem, a partir da\u00ed eu vou entrar com uma a\u00e7\u00e3o contra cada um pela morte de cada cidad\u00e3o. Ou d\u00e3o os instrumentos para que o governo consiga fazer, ou vamos ter um enfrentamento grave\u201d, disparou o governador, em resposta ao posicionamento de parlamentares que indicam a necessidade de mais tempo para a discuss\u00e3o.<\/span><\/p>\n<p>&nbsp;<\/p>\n<p><span style=\"font-weight: 400\">Na fala, Ibaneis ainda desafiou os parlamentares a &#8220;rasgarem&#8221; os planos de sa\u00fade e a usarem o servi\u00e7o p\u00fablico da capital federal. \u201cSe eles tiverem coragem de fazer isso, eu topo suspender o projeto e discutir. Eles v\u00e3o ter que ficar na mesma situa\u00e7\u00e3o da popula\u00e7\u00e3o que est\u00e1 sofrendo.\u201d<\/span><\/p>\n<p>&nbsp;<\/p>\n<p><span style=\"font-weight: 400\">Ibaneis afirmou tamb\u00e9m que n\u00e3o far\u00e1 novas nomea\u00e7\u00f5es at\u00e9 a avalia\u00e7\u00e3o do pacote emergencial em plen\u00e1rio. \u201cVou suspender qualquer nomea\u00e7\u00e3o at\u00e9 que esses projetos sejam aprovados pela C\u00e2mara Legislativa, para acabar com essa hist\u00f3ria de troca-troca de cargos.\u201d<\/span><\/p>\n<p>&nbsp;<\/p>\n<p><span style=\"font-weight: 400\">O governo espera que a sess\u00e3o extraordin\u00e1ria seja realizada at\u00e9 quarta ou quinta-feira da pr\u00f3xima semana. Al\u00e9m da amplia\u00e7\u00e3o do Instituto Hospital de Base, a cria\u00e7\u00e3o de gratifica\u00e7\u00e3o para que policiais civis trabalhem nas folgas \u00e9 outra prioridade do governador.<\/span><\/p>\n<p>&nbsp;<\/p>\n<p>Confira o v\u00eddeo:<\/p>\n<p>&nbsp;<\/p>\n<p>https:\/\/www.youtube.com\/watch?v=mTx3bLpK33E&#038;feature=youtu.be<\/p>\n<p>&nbsp;<\/p>\n","protected":false},"excerpt":{"rendered":"<p>ALEXANDRE DE PAULA &nbsp; O governador eleito Ibaneis Rocha (MDB) subiu o tom, nesta sexta-feira (18\/01), ao falar sobre a resist\u00eancia de distritais \u00e0 vota\u00e7\u00e3o, em sess\u00e3o extraordin\u00e1ria, do projeto de lei que prev\u00ea a extens\u00e3o do modelo de gest\u00e3o do Hospital de Base, o qual permite compras sem licita\u00e7\u00e3o e contrata\u00e7\u00f5es pelo regime celetista, ao n\u00facleo da rede p\u00fablica\u00a0\u2014 [&hellip;]<\/p>\n","protected":false},"author":90,"featured_media":14198,"comment_status":"open","ping_status":"closed","sticky":false,"template":"","format":"standard","meta":{"footnotes":""},"categories":[234],"tags":[1572,917,138],"class_list":["post-14234","post","type-post","status-publish","format-standard","has-post-thumbnail","hentry","category-cb-poder","tag-hospital-de-base","tag-ibaneis-rocha","tag-saude"],"_links":{"self":[{"href":"https:\/\/blogs.correiobraziliense.com.br\/cbpoder\/wp-json\/wp\/v2\/posts\/14234","targetHints":{"allow":["GET"]}}],"collection":[{"href":"https:\/\/blogs.correiobraziliense.com.br\/cbpoder\/wp-json\/wp\/v2\/posts"}],"about":[{"href":"https:\/\/blogs.correiobraziliense.com.br\/cbpoder\/wp-json\/wp\/v2\/types\/post"}],"author":[{"embeddable":true,"href":"https:\/\/blogs.correiobraziliense.com.br\/cbpoder\/wp-json\/wp\/v2\/users\/90"}],"replies":[{"embeddable":true,"href":"https:\/\/blogs.correiobraziliense.com.br\/cbpoder\/wp-json\/wp\/v2\/comments?post=14234"}],"version-history":[{"count":2,"href":"https:\/\/blogs.correiobraziliense.com.br\/cbpoder\/wp-json\/wp\/v2\/posts\/14234\/revisions"}],"predecessor-version":[{"id":14236,"href":"https:\/\/blogs.correiobraziliense.com.br\/cbpoder\/wp-json\/wp\/v2\/posts\/14234\/revisions\/14236"}],"wp:featuredmedia":[{"embeddable":true,"href":"https:\/\/blogs.correiobraziliense.com.br\/cbpoder\/wp-json\/wp\/v2\/media\/14198"}],"wp:attachment":[{"href":"https:\/\/blogs.correiobraziliense.com.br\/cbpoder\/wp-json\/wp\/v2\/media?parent=14234"}],"wp:term":[{"taxonomy":"category","embeddable":true,"href":"https:\/\/blogs.correiobraziliense.com.br\/cbpoder\/wp-json\/wp\/v2\/categories?post=14234"},{"taxonomy":"post_tag","embeddable":true,"href":"https:\/\/blogs.correiobraziliense.com.br\/cbpoder\/wp-json\/wp\/v2\/tags?post=14234"}],"curies":[{"name":"wp","href":"https:\/\/api.w.org\/{rel}","templated":true}]}}