{"id":14210,"date":"2019-01-17T07:45:32","date_gmt":"2019-01-17T09:45:32","guid":{"rendered":"https:\/\/blogs.correiobraziliense.com.br\/cbpoder\/?p=14210"},"modified":"2019-01-17T07:45:32","modified_gmt":"2019-01-17T09:45:32","slug":"distritais-cargos-gdf-convocacao","status":"publish","type":"post","link":"https:\/\/blogs.correiobraziliense.com.br\/cbpoder\/distritais-cargos-gdf-convocacao\/","title":{"rendered":"Distritais querem nomea\u00e7\u00f5es de cargos no GDF para atender convoca\u00e7\u00e3o extraordin\u00e1ria de Ibaneis"},"content":{"rendered":"<p>Mesmo com a renova\u00e7\u00e3o, a C\u00e2mara Legislativa trabalha com as mesmas demandas. Os deputados distritais da base querem indicar o administrador regional, o coordenador da regional de ensino, dirigentes de hospitais e o delegado-chefe da cidade onde exercem influ\u00eancia pol\u00edtica. Com o Di\u00e1rio Oficial do DF funcionando a conta-gotas, o governador Ibaneis Rocha (MDB) ainda n\u00e3o firmou uma base leal na Casa. Por isso, enfrenta resist\u00eancias para aprovar a convoca\u00e7\u00e3o extraordin\u00e1ria neste recesso parlamentar de janeiro. No Legislativo, 17 distritais se uniram sob a lideran\u00e7a de Rafael Prudente (MDB) com o lema de \u201cjuntos s\u00e3o mais fortes\u201d. A press\u00e3o tem sido grande em torno das nomea\u00e7\u00f5es e Ibaneis n\u00e3o entrou no jogo. Mas esse \u00e9 um embate perigoso para os distritais. A popula\u00e7\u00e3o tem urg\u00eancia, elegeu um novo governador e aprovou uma alta renova\u00e7\u00e3o na C\u00e2mara Legislativa. Ent\u00e3o, n\u00e3o \u00e9 uma boa justificativa dizer que as delibera\u00e7\u00f5es podem ficar para fevereiro.<\/p>\n<h2>\n<strong>Quem tem prest\u00edgio?<\/strong><\/h2>\n<p>Coment\u00e1rio de um deputado distrital que n\u00e3o se sente atendido pelo governador Ibaneis Rocha: \u201cAdvogado \u00e9 mais atendido que parlamentar\u201d.<\/p>\n<h2>\n<strong>Disc\u00edpulo de Bolsonaro na ouvidoria da C\u00e2mara<\/strong><\/h2>\n<p>Disc\u00edpulo do presidente Jair Bolsonaro e da deputada eleita Bia Kicis (PSL), ass\u00edduos nas redes sociais, o deputado distrital Daniel Donizet (PRP), eleito corregedor da C\u00e2mara Legislativa, vai usar a tecnologia para incrementar a aproxima\u00e7\u00e3o com a popula\u00e7\u00e3o. A ideia \u00e9 criar um aplicativo que servir\u00e1 como um canal de atendimento, com mais facilidade para registro das demandas e reclama\u00e7\u00f5es. A plataforma est\u00e1 em fase de testes.<\/p>\n<h2>\n<strong>Em homenagem a Marielle<\/strong><\/h2>\n<p>Presidente da Comiss\u00e3o de Direitos Humanos da C\u00e2mara Legislativa, o deputado F\u00e1bio F\u00e9lix (PSol) protocolou ontem projeto de resolu\u00e7\u00e3o que institui o Pr\u00eamio Marielle Franco, uma homenagem a pessoas e entidades que se destaquem pela atua\u00e7\u00e3o em defesa de direitos e da cidadania. Pela proposta, o pr\u00eamio ser\u00e1 concedido em sess\u00e3o solene todos os anos, na primeira quinzena de mar\u00e7o, por ocasi\u00e3o do Dia Internacional da Mulher e da data de execu\u00e7\u00e3o da vereadora do PSol.<\/p>\n<h2>\n<strong>Uma civil na Casa Militar<\/p>\n<p><a href=\"https:\/\/blogs.correiobraziliense.com.br\/cbpoder\/wp-content\/uploads\/sites\/5\/2019\/01\/20190116212952125089i.jpg\"><img loading=\"lazy\" decoding=\"async\" class=\"size-medium wp-image-14213 aligncenter\" src=\"https:\/\/blogs.correiobraziliense.com.br\/cbpoder\/wp-content\/uploads\/sites\/5\/2019\/01\/20190116212952125089i-300x225.jpg\" alt=\"\" width=\"300\" height=\"225\" srcset=\"https:\/\/blogs.correiobraziliense.com.br\/cbpoder\/wp-content\/uploads\/sites\/5\/2019\/01\/20190116212952125089i-300x225.jpg 300w, https:\/\/blogs.correiobraziliense.com.br\/cbpoder\/wp-content\/uploads\/sites\/5\/2019\/01\/20190116212952125089i-350x263.jpg 350w, https:\/\/blogs.correiobraziliense.com.br\/cbpoder\/wp-content\/uploads\/sites\/5\/2019\/01\/20190116212952125089i-230x173.jpg 230w, https:\/\/blogs.correiobraziliense.com.br\/cbpoder\/wp-content\/uploads\/sites\/5\/2019\/01\/20190116212952125089i.jpg 510w\" sizes=\"auto, (max-width: 300px) 100vw, 300px\" \/><\/a><br \/>\n<\/strong><\/h2>\n<p>Entre as nomea\u00e7\u00f5es da nova estrutura da Casa Militar, uma civil: a advogada Anucha Soares de Almeida Ara\u00fajo, que assumiu como assessora especial da Ajud\u00e2ncia do gabinete da Casa Militar, com cargo comissionado CNE-03, sal\u00e1rio de R$ 10.351,54. Formada em direito pela Faculdade Proje\u00e7\u00e3o, ela venceu o concurso de gata da Stock Car, realizado pelo Globo Esporte, em 2010. Seu trabalho ser\u00e1 como chefe de gabinete da primeira-dama, Mayara Noronha. Segundo a Secretaria de Justi\u00e7a e Cidadania, ela participa de reuni\u00f5es para o projeto Crian\u00e7a Candanga, que integra a sociedade civil em programas sociais voltados \u00e0 inf\u00e2ncia.<\/p>\n<h2>\n<strong>Festa do Mateus<\/strong><\/h2>\n<p><a href=\"https:\/\/blogs.correiobraziliense.com.br\/cbpoder\/wp-content\/uploads\/sites\/5\/2019\/01\/20190116213002871108i.jpg\"><img loading=\"lazy\" decoding=\"async\" class=\"size-medium wp-image-14212 aligncenter\" src=\"https:\/\/blogs.correiobraziliense.com.br\/cbpoder\/wp-content\/uploads\/sites\/5\/2019\/01\/20190116213002871108i-275x300.jpg\" alt=\"\" width=\"275\" height=\"300\" srcset=\"https:\/\/blogs.correiobraziliense.com.br\/cbpoder\/wp-content\/uploads\/sites\/5\/2019\/01\/20190116213002871108i-275x300.jpg 275w, https:\/\/blogs.correiobraziliense.com.br\/cbpoder\/wp-content\/uploads\/sites\/5\/2019\/01\/20190116213002871108i-320x350.jpg 320w, https:\/\/blogs.correiobraziliense.com.br\/cbpoder\/wp-content\/uploads\/sites\/5\/2019\/01\/20190116213002871108i-230x251.jpg 230w, https:\/\/blogs.correiobraziliense.com.br\/cbpoder\/wp-content\/uploads\/sites\/5\/2019\/01\/20190116213002871108i.jpg 510w\" sizes=\"auto, (max-width: 275px) 100vw, 275px\" \/><\/a><\/p>\n<p>O governador Ibaneis Rocha (MDB) e a primeira-dama, Mayara Noronha, comemoraram nesta semana o primeiro m\u00eas de Mateus, o filho do casal. Todos os detalhes da mesa do bolo no tradicional azul beb\u00ea.<\/p>\n<h2>\n<strong>Valmir Campelo desiste da Presid\u00eancia da Valec<\/strong><\/h2>\n<p>O ex-presidente do Tribunal de Contas da Uni\u00e3o (TCU) Valmir Campelo acabou desistindo ontem de aceitar o cargo de presidente da Valec, estatal do governo federal que trata de ferrovias. Ele havia sido convidado pelo ministro da Infraestrutura, Tarc\u00edsio Gomes de Freitas, para o cargo. Aceitou e voltou atr\u00e1s. \u201cFoi depois de uma conversa com a minha fam\u00edlia. N\u00e3o significa que n\u00e3o possa contribuir mais na frente com este governo\u201d, explicou.<\/p>\n<h2>\n<strong>Fila para a Secretaria de Juventude<\/strong><\/h2>\n<p>Eleito deputado federal com apoio e estrutura do governo Rollemberg, Israel Batista (PV) se aproximou do governador Ibaneis Rocha (MDB) logo depois da elei\u00e7\u00e3o e pretendia indicar o secret\u00e1rio de Juventude. O nome cotado era o do candidato a deputado distrital Professor Francelino (PV), que tamb\u00e9m fez campanha na aba do sucesso do programa BoraVencer, da extinta Secretaria de Pol\u00edticas para a Crian\u00e7a, Adolescentes e Juventude. Teve vota\u00e7\u00e3o expressiva: 12.862 votos, mas n\u00e3o se elegeu. Na fila, tamb\u00e9m estava outro candidato a distrital do PSB, partido de Rollemberg, Alessandro Paiva (foto), ex-administrador do Lago Sul, que alcan\u00e7ou 8.042 votos. Ibaneis acabou escolhendo para o cargo o pedetista L\u00e9o Bijos.<\/p>\n<h2>\n<strong>SOS<\/strong><\/h2>\n<p>Depois do SOS Sa\u00fade e do SOS Seguran\u00e7a, o governador Ibaneis Rocha (MDB) lan\u00e7a hoje o SOS Educa\u00e7\u00e3o.<\/p>\n<h2>\n<strong>S\u00f3 papos<\/strong><\/h2>\n<blockquote><p>\n\u201cDeltan Dallagnol continua a proferir palavras d\u00e9beis, vazias, a julgar sem isen\u00e7\u00e3o e com interesse pol\u00edtico, como um ser possu\u00eddo\u201d<\/p><\/blockquote>\n<p style=\"text-align: right\"><strong>Presidente do Senado, Renan Calheiros (MDB\/AL), que n\u00e3o esconde nas redes sociais a ira pela campanha que o procurador Deltan Dallagnol, chefe da for\u00e7a-tarefa da Lava-Jato em Curitiba, tem feito pelo voto aberto na elei\u00e7\u00e3o das presid\u00eancias da C\u00e2mara e do Senado<\/strong><\/p>\n<blockquote><p>\n\u201cS\u00f3 rindo mesmo e alto! Piadista essa pessoa\u201d<\/p><\/blockquote>\n<p style=\"text-align: right\"><strong>Ex-procurador-geral da Rep\u00fablica Rodrigo Janot, autor de den\u00fancias contra Renan Calheiros por lavagem de dinheiro, corrup\u00e7\u00e3o e organiza\u00e7\u00e3o criminosa envolvendo obras da Transpetro<\/strong><\/p>\n","protected":false},"excerpt":{"rendered":"<p>Mesmo com a renova\u00e7\u00e3o, a C\u00e2mara Legislativa trabalha com as mesmas demandas. Os deputados distritais da base querem indicar o administrador regional, o coordenador da regional de ensino, dirigentes de hospitais e o delegado-chefe da cidade onde exercem influ\u00eancia pol\u00edtica. Com o Di\u00e1rio Oficial do DF funcionando a conta-gotas, o governador Ibaneis Rocha (MDB) ainda n\u00e3o firmou uma base leal [&hellip;]<\/p>\n","protected":false},"author":9,"featured_media":14211,"comment_status":"open","ping_status":"closed","sticky":false,"template":"","format":"standard","meta":{"footnotes":""},"categories":[234],"tags":[],"class_list":["post-14210","post","type-post","status-publish","format-standard","has-post-thumbnail","hentry","category-cb-poder"],"_links":{"self":[{"href":"https:\/\/blogs.correiobraziliense.com.br\/cbpoder\/wp-json\/wp\/v2\/posts\/14210","targetHints":{"allow":["GET"]}}],"collection":[{"href":"https:\/\/blogs.correiobraziliense.com.br\/cbpoder\/wp-json\/wp\/v2\/posts"}],"about":[{"href":"https:\/\/blogs.correiobraziliense.com.br\/cbpoder\/wp-json\/wp\/v2\/types\/post"}],"author":[{"embeddable":true,"href":"https:\/\/blogs.correiobraziliense.com.br\/cbpoder\/wp-json\/wp\/v2\/users\/9"}],"replies":[{"embeddable":true,"href":"https:\/\/blogs.correiobraziliense.com.br\/cbpoder\/wp-json\/wp\/v2\/comments?post=14210"}],"version-history":[{"count":1,"href":"https:\/\/blogs.correiobraziliense.com.br\/cbpoder\/wp-json\/wp\/v2\/posts\/14210\/revisions"}],"predecessor-version":[{"id":14214,"href":"https:\/\/blogs.correiobraziliense.com.br\/cbpoder\/wp-json\/wp\/v2\/posts\/14210\/revisions\/14214"}],"wp:featuredmedia":[{"embeddable":true,"href":"https:\/\/blogs.correiobraziliense.com.br\/cbpoder\/wp-json\/wp\/v2\/media\/14211"}],"wp:attachment":[{"href":"https:\/\/blogs.correiobraziliense.com.br\/cbpoder\/wp-json\/wp\/v2\/media?parent=14210"}],"wp:term":[{"taxonomy":"category","embeddable":true,"href":"https:\/\/blogs.correiobraziliense.com.br\/cbpoder\/wp-json\/wp\/v2\/categories?post=14210"},{"taxonomy":"post_tag","embeddable":true,"href":"https:\/\/blogs.correiobraziliense.com.br\/cbpoder\/wp-json\/wp\/v2\/tags?post=14210"}],"curies":[{"name":"wp","href":"https:\/\/api.w.org\/{rel}","templated":true}]}}