{"id":14131,"date":"2019-01-09T18:00:23","date_gmt":"2019-01-09T20:00:23","guid":{"rendered":"https:\/\/blogs.correiobraziliense.com.br\/cbpoder\/?p=14131"},"modified":"2019-01-09T18:02:44","modified_gmt":"2019-01-09T20:02:44","slug":"investigado-na-operacao-trickster-ex-diretor-do-dftrans-assume-cargo-no-espirito-santo","status":"publish","type":"post","link":"https:\/\/blogs.correiobraziliense.com.br\/cbpoder\/investigado-na-operacao-trickster-ex-diretor-do-dftrans-assume-cargo-no-espirito-santo\/","title":{"rendered":"Investigado por fraude em bilhetagem no DFTrans, ex-diretor assume cargo no governo do PSB no Esp\u00edrito Santo"},"content":{"rendered":"<h5>C\u00c9ZAR FEITOZA<\/h5>\n<p>O ex-diretor do Departamento de Tr\u00e2nsito do DF (DFTrans) L\u00e9o Carlos Cruz foi nomeado para cargo comissionado no Governo do Esp\u00edrito Santo, nesta ter\u00e7a-feira (8\/1). Ele ser\u00e1 gerente de Transporte de Passageiros da Secretaria de Estado dos Transportes e Obras P\u00fablicas (Setop). O chefe da pasta \u00e9 F\u00e1bio Damasceno, secret\u00e1rio de Mobilidade do DF durante a gest\u00e3o de Rodrigo Rollemberg (PSB).<\/p>\n<p>&nbsp;<\/p>\n<p>No DF, L\u00e9o foi exonerado do cargo no DFTrans ap\u00f3s a Pol\u00edcia Civil realizar busca e apreens\u00e3o em sua casa, em 24 de mar\u00e7o de 2018. Tratava-se da segunda fase da Opera\u00e7\u00e3o Trickster, que investiga fraudes no Sistema de Bilhetagem Autom\u00e1tica do departamento. A apura\u00e7\u00e3o \u00e9 conduzida pela Coordena\u00e7\u00e3o de Combate a Fraudes (Corf) e pela Coordena\u00e7\u00e3o de Combate \u00e0 Corrup\u00e7\u00e3o, ao Crime Organizado, aos Crimes contra a Administra\u00e7\u00e3o P\u00fablica e contra a Ordem Tribut\u00e1ria (CECOR), al\u00e9m da Promotoria de Defesa do Patrim\u00f4nio P\u00fablico do Minist\u00e9rio P\u00fablico do DF.<\/p>\n<p>&nbsp;<\/p>\n<p>L\u00e9o j\u00e1 havia ocupado cargo no governo capixaba durante a primeira gest\u00e3o de Renato Casagrande (PSB). Entre 2011 e 2014, foi presidente da Companhia de Transportes Urbanos da Grande Vit\u00f3ria (Ceturb), enquanto F\u00e1bio Damasceno era secret\u00e1rio de Transportes no estado.\u00a0Na nova fun\u00e7\u00e3o, L\u00e9o ter\u00e1 a atribui\u00e7\u00e3o de analisar as frotas e dimensionar as linhas de \u00f4nibus na capital.<\/p>\n<p>&nbsp;<\/p>\n<p>Os dois gestores vieram \u00e0 capital federal em 2015, ap\u00f3s a elei\u00e7\u00e3o de Rollemberg no DF e a derrota de Casagrande no ES.<\/p>\n<p>&nbsp;<\/p>\n<p>L\u00e9o Carlos Cruz \u00e9 um t\u00e9cnico de transporte, com p\u00f3s-gradua\u00e7\u00e3o na Universidade Federal do Esp\u00edrito Santo em Log\u00edstica de Transporte.<\/p>\n<p><a href=\"https:\/\/blogs.correiobraziliense.com.br\/cbpoder\/wp-content\/uploads\/sites\/5\/2019\/01\/79A5DE10-A032-4280-B563-37769E1E4550.jpeg\"><img loading=\"lazy\" decoding=\"async\" class=\"alignnone size-full wp-image-14134\" src=\"https:\/\/blogs.correiobraziliense.com.br\/cbpoder\/wp-content\/uploads\/sites\/5\/2019\/01\/79A5DE10-A032-4280-B563-37769E1E4550.jpeg\" alt=\"\" width=\"208\" height=\"163\" \/><\/a><\/p>\n<div id=\":19c\" class=\"ii gt\">\n<div id=\":19b\" class=\"a3s aXjCH \">\n<div class=\"adL\"><\/div>\n<\/div>\n<\/div>\n<div id=\":1a6\" class=\"hq gt a10\"><\/div>\n","protected":false},"excerpt":{"rendered":"<p>C\u00c9ZAR FEITOZA O ex-diretor do Departamento de Tr\u00e2nsito do DF (DFTrans) L\u00e9o Carlos Cruz foi nomeado para cargo comissionado no Governo do Esp\u00edrito Santo, nesta ter\u00e7a-feira (8\/1). Ele ser\u00e1 gerente de Transporte de Passageiros da Secretaria de Estado dos Transportes e Obras P\u00fablicas (Setop). O chefe da pasta \u00e9 F\u00e1bio Damasceno, secret\u00e1rio de Mobilidade do DF durante a gest\u00e3o de [&hellip;]<\/p>\n","protected":false},"author":9,"featured_media":14132,"comment_status":"open","ping_status":"closed","sticky":false,"template":"","format":"standard","meta":{"footnotes":""},"categories":[234],"tags":[],"class_list":["post-14131","post","type-post","status-publish","format-standard","has-post-thumbnail","hentry","category-cb-poder"],"_links":{"self":[{"href":"https:\/\/blogs.correiobraziliense.com.br\/cbpoder\/wp-json\/wp\/v2\/posts\/14131","targetHints":{"allow":["GET"]}}],"collection":[{"href":"https:\/\/blogs.correiobraziliense.com.br\/cbpoder\/wp-json\/wp\/v2\/posts"}],"about":[{"href":"https:\/\/blogs.correiobraziliense.com.br\/cbpoder\/wp-json\/wp\/v2\/types\/post"}],"author":[{"embeddable":true,"href":"https:\/\/blogs.correiobraziliense.com.br\/cbpoder\/wp-json\/wp\/v2\/users\/9"}],"replies":[{"embeddable":true,"href":"https:\/\/blogs.correiobraziliense.com.br\/cbpoder\/wp-json\/wp\/v2\/comments?post=14131"}],"version-history":[{"count":2,"href":"https:\/\/blogs.correiobraziliense.com.br\/cbpoder\/wp-json\/wp\/v2\/posts\/14131\/revisions"}],"predecessor-version":[{"id":14136,"href":"https:\/\/blogs.correiobraziliense.com.br\/cbpoder\/wp-json\/wp\/v2\/posts\/14131\/revisions\/14136"}],"wp:featuredmedia":[{"embeddable":true,"href":"https:\/\/blogs.correiobraziliense.com.br\/cbpoder\/wp-json\/wp\/v2\/media\/14132"}],"wp:attachment":[{"href":"https:\/\/blogs.correiobraziliense.com.br\/cbpoder\/wp-json\/wp\/v2\/media?parent=14131"}],"wp:term":[{"taxonomy":"category","embeddable":true,"href":"https:\/\/blogs.correiobraziliense.com.br\/cbpoder\/wp-json\/wp\/v2\/categories?post=14131"},{"taxonomy":"post_tag","embeddable":true,"href":"https:\/\/blogs.correiobraziliense.com.br\/cbpoder\/wp-json\/wp\/v2\/tags?post=14131"}],"curies":[{"name":"wp","href":"https:\/\/api.w.org\/{rel}","templated":true}]}}