{"id":14126,"date":"2019-01-09T08:41:56","date_gmt":"2019-01-09T10:41:56","guid":{"rendered":"https:\/\/blogs.correiobraziliense.com.br\/cbpoder\/?p=14126"},"modified":"2019-01-09T08:43:36","modified_gmt":"2019-01-09T10:43:36","slug":"fraga-anistia-porte-ilegal-de-arma","status":"publish","type":"post","link":"https:\/\/blogs.correiobraziliense.com.br\/cbpoder\/fraga-anistia-porte-ilegal-de-arma\/","title":{"rendered":"Condenado por porte ilegal de arma, Fraga prop\u00f5e a Bolsonaro anistia a quem est\u00e1 nesta situa\u00e7\u00e3o"},"content":{"rendered":"<p>Condenado a quatro anos de pris\u00e3o em regime aberto por porte ilegal de arma e muni\u00e7\u00e3o de uso restrito, o l\u00edder da bancada da bala, o deputado Alberto Fraga (DEM\/DF) prop\u00f4s ao presidente Jair Bolsonaro anistia para quem est\u00e1 em situa\u00e7\u00e3o ilegal no que se refere ao registro de armamentos. A medida deve ser inclu\u00edda no decreto presidencial que facilita a permiss\u00e3o para cidad\u00e3os portarem armas de fogo. Na vis\u00e3o de promotores do Minist\u00e9rio P\u00fablico do Distrito Federal e Territ\u00f3rios (MPDFT), a anistia pode ser usada na defesa de Fraga como motivo para rever a condena\u00e7\u00e3o.<\/p>\n<h2><strong>Amizade antiga<\/strong><\/h2>\n<p>Mas ontem Fraga teve uma m\u00e1 not\u00edcia. <a href=\"https:\/\/blogs.correiobraziliense.com.br\/cbpoder\/general-souza-cruz-demite-filha-de-fraga-na-secretaria-de-governo-da-presidencia-da-republica\/\">Sua filha Bruna Brasil Fraga perdeu o cargo<\/a> de assessora da Secretaria Especial de Rela\u00e7\u00f5es Institucionais da Secretaria de Governo da Presid\u00eancia da Rep\u00fablica. O ato foi assinado pelo general Carlos Alberto dos Santos Cruz, chefe da pasta. O l\u00edder da bancada da bala n\u00e3o passou recibo da derrota no governo do amigo Jair Bolsonaro e ainda divulgou uma foto dos dois juntos em outros tempos, com a legenda: \u201cRecordar \u00e9 viver! Queiram ou n\u00e3o, essa amizade \u00e9 de longo tempo! Selva!\u201d.<\/p>\n<h2><strong>Para ajudar na investiga\u00e7\u00e3o de homic\u00eddios<\/strong><\/h2>\n<p>Qualquer fragmento ou proj\u00e9til de armas que causarem ferimentos em v\u00edtimas atendidas nas emerg\u00eancias dos hospitais da rede p\u00fablica do DF ter\u00e1 de ser enviado \u00e0 Pol\u00edcia Civil. A determina\u00e7\u00e3o consta de portaria conjunta das Secretarias de Seguran\u00e7a P\u00fablica, Sa\u00fade e da Pol\u00edcia Civil, publicada na \u00faltima segunda-feira. Os servidores dos hospitais dever\u00e3o recolher e catalogar o objeto retirado do corpo da v\u00edtima. O objetivo \u00e9 ajudar na elucida\u00e7\u00e3o de crimes e ainda na an\u00e1lise de causas e efeitos de homic\u00eddios e feminic\u00eddios que podem apontar solu\u00e7\u00f5es para a redu\u00e7\u00e3o de crimes violentos letais intencionais que ocorrem no DF.<\/p>\n<h2><strong>As hist\u00f3rias se repetem<\/strong><\/h2>\n<p>A indica\u00e7\u00e3o do ex-deputado Cristiano Ara\u00fajo (PSD) como diretor de Administra\u00e7\u00e3o do Metr\u00f4\/DF pode provocar o mesmo questionamento jur\u00eddico que surgiu com a escolha do ex-distrital Wellington Luiz (MDB) para a presid\u00eancia do \u00f3rg\u00e3o. Como ocorreu com Wellington no MDB, Cristiano tamb\u00e9m exerceu cargo de dire\u00e7\u00e3o no PSD, como membro da executiva regional. Esse foi o motivo que levou \u00e0 recomenda\u00e7\u00e3o por parte do Minist\u00e9rio P\u00fablico do DF de que o governador Ibaneis Rocha n\u00e3o nomeasse o emedebista na presid\u00eancia do Metr\u00f4. A orienta\u00e7\u00e3o foi acatada e Wellington foi designado para a Presid\u00eancia da Codhab.<\/p>\n<h2><strong>Pente fino nas indica\u00e7\u00f5es de estatais<\/strong><\/h2>\n<p>Outros casos podem ser questionados. A Promotoria de Defesa do Patrim\u00f4nio P\u00fablico e Social (Prodep) enviou ao GDF requerimento de informa\u00e7\u00f5es sobre todas as nomea\u00e7\u00f5es feitas em estatais. A legisla\u00e7\u00e3o federal veda participa\u00e7\u00e3o de ex-dirigentes de partidos na gest\u00e3o de empresas p\u00fablicas. A regra \u00e9 ainda mais r\u00edgida com receita bruta anual superior a R$ 90 milh\u00f5es.<\/p>\n<h2><strong>Sem morda\u00e7a em professores<\/strong><\/h2>\n<p>Est\u00e1 bem dif\u00edcil ficar neutro. Depois de ser atacado por conservadores por posi\u00e7\u00f5es a favor da ideologia de g\u00eanero e contra a Escola sem Partido, o secret\u00e1rio de Educa\u00e7\u00e3o, Rafael Parente, agora virou vidra\u00e7a do deputado F\u00e1bio F\u00e9lix (PSol), justamente por dizer que n\u00e3o pretende se contrapor \u00e0 pauta conservadora na educa\u00e7\u00e3o p\u00fablica do DF. \u201cO secret\u00e1rio chegou a insinuar que os docentes ser\u00e3o monitorados para que n\u00e3o &#8216;doutrinem\u2019 e nem disseminem ideologia de g\u00eanero\u201d, reclamou F\u00e9lix, sobre entrevista concedida por Parente ao programa CB.Poder, uma parceria do Correio com a TV Bras\u00edlia. \u201cReafirmo o compromisso do nosso mandato em defender a liberdade de c\u00e1tedra e a constru\u00e7\u00e3o do pensamento cr\u00edtico no espa\u00e7o escolar. N\u00e3o aceitaremos repress\u00e3o e nem morda\u00e7a em sala de aula\u201d, afirmou em nota o distrital que preside a Comiss\u00e3o de Direitos Humanos da C\u00e2mara Legislativa.<\/p>\n<h2><strong>Escolha de advers\u00e1rios<\/strong><\/h2>\n<p>Para o governador Ibaneis Rocha, melhor desagradar ao PSol, que est\u00e1 na oposi\u00e7\u00e3o, do que os distritais evang\u00e9licos, base de seu governo na C\u00e2mara Legislativa.<\/p>\n<p>De olho nas licita\u00e7\u00f5es<\/p>\n<p>Em of\u00edcio, o governador Ibaneis Rocha (MDB) pediu ao controlador-geral do DF, Aldem\u00e1rio Ara\u00fajo Castro, a cria\u00e7\u00e3o de equipes especiais destinadas a acompanhar todas as licita\u00e7\u00f5es da atual gest\u00e3o.<\/p>\n<h2><strong>Francisco Maia se re\u00fane com presidente da CNC<\/strong><\/h2>\n<p>O presidente da Fecom\u00e9rcio-DF, Francisco Maia, n\u00e3o est\u00e1 medindo esfor\u00e7os para fazer com que a entidade se reaproxime da Confedera\u00e7\u00e3o Nacional do Com\u00e9rcio (CNC). Em seu primeiro ato como presidente da institui\u00e7\u00e3o brasiliense, depois da ren\u00fancia de Adelmir Santana, Maia se encontrou com o presidente da CNC, Jos\u00e9 Roberto Tadros, na sede da confedera\u00e7\u00e3o em Bras\u00edlia, e manifestou o seu desejo de fazer com que a Federa\u00e7\u00e3o do Com\u00e9rcio do DF volte a ter destaque nas reuni\u00f5es e no sistema nacional do com\u00e9rcio de bens, servi\u00e7os e turismo. Maia disse para Tadros que o seu maior interesse no mandato \u00e9 refazer a alian\u00e7a com a CNC e deixar esse legado de entrosamento e boas rela\u00e7\u00f5es institucionais para o setor produtivo brasiliense.<\/p>\n","protected":false},"excerpt":{"rendered":"<p>Condenado a quatro anos de pris\u00e3o em regime aberto por porte ilegal de arma e muni\u00e7\u00e3o de uso restrito, o l\u00edder da bancada da bala, o deputado Alberto Fraga (DEM\/DF) prop\u00f4s ao presidente Jair Bolsonaro anistia para quem est\u00e1 em situa\u00e7\u00e3o ilegal no que se refere ao registro de armamentos. A medida deve ser inclu\u00edda no decreto presidencial que facilita [&hellip;]<\/p>\n","protected":false},"author":9,"featured_media":12099,"comment_status":"open","ping_status":"closed","sticky":false,"template":"","format":"standard","meta":{"footnotes":""},"categories":[234],"tags":[],"class_list":["post-14126","post","type-post","status-publish","format-standard","has-post-thumbnail","hentry","category-cb-poder"],"_links":{"self":[{"href":"https:\/\/blogs.correiobraziliense.com.br\/cbpoder\/wp-json\/wp\/v2\/posts\/14126","targetHints":{"allow":["GET"]}}],"collection":[{"href":"https:\/\/blogs.correiobraziliense.com.br\/cbpoder\/wp-json\/wp\/v2\/posts"}],"about":[{"href":"https:\/\/blogs.correiobraziliense.com.br\/cbpoder\/wp-json\/wp\/v2\/types\/post"}],"author":[{"embeddable":true,"href":"https:\/\/blogs.correiobraziliense.com.br\/cbpoder\/wp-json\/wp\/v2\/users\/9"}],"replies":[{"embeddable":true,"href":"https:\/\/blogs.correiobraziliense.com.br\/cbpoder\/wp-json\/wp\/v2\/comments?post=14126"}],"version-history":[{"count":3,"href":"https:\/\/blogs.correiobraziliense.com.br\/cbpoder\/wp-json\/wp\/v2\/posts\/14126\/revisions"}],"predecessor-version":[{"id":14130,"href":"https:\/\/blogs.correiobraziliense.com.br\/cbpoder\/wp-json\/wp\/v2\/posts\/14126\/revisions\/14130"}],"wp:featuredmedia":[{"embeddable":true,"href":"https:\/\/blogs.correiobraziliense.com.br\/cbpoder\/wp-json\/wp\/v2\/media\/12099"}],"wp:attachment":[{"href":"https:\/\/blogs.correiobraziliense.com.br\/cbpoder\/wp-json\/wp\/v2\/media?parent=14126"}],"wp:term":[{"taxonomy":"category","embeddable":true,"href":"https:\/\/blogs.correiobraziliense.com.br\/cbpoder\/wp-json\/wp\/v2\/categories?post=14126"},{"taxonomy":"post_tag","embeddable":true,"href":"https:\/\/blogs.correiobraziliense.com.br\/cbpoder\/wp-json\/wp\/v2\/tags?post=14126"}],"curies":[{"name":"wp","href":"https:\/\/api.w.org\/{rel}","templated":true}]}}