{"id":14123,"date":"2019-01-08T19:19:55","date_gmt":"2019-01-08T21:19:55","guid":{"rendered":"https:\/\/blogs.correiobraziliense.com.br\/cbpoder\/?p=14123"},"modified":"2019-01-08T19:22:20","modified_gmt":"2019-01-08T21:22:20","slug":"general-souza-cruz-demite-filha-de-fraga-na-secretaria-de-governo-da-presidencia-da-republica","status":"publish","type":"post","link":"https:\/\/blogs.correiobraziliense.com.br\/cbpoder\/general-souza-cruz-demite-filha-de-fraga-na-secretaria-de-governo-da-presidencia-da-republica\/","title":{"rendered":"General Santos Cruz demite filha de Fraga na Secretaria de Governo da Presid\u00eancia da Rep\u00fablica"},"content":{"rendered":"<h5>ANA MARIA CAMPOS<\/h5>\n<p>N\u00e3o \u00e9 f\u00e1cil a vida de quem perde a elei\u00e7\u00e3o. A amizade com o presidente Jair Bolsonaro n\u00e3o foi suficiente para o deputado Alberto Fraga (DEM\/DF) conseguir manter o emprego de sua filha Bruna Brasil Fraga no Pal\u00e1cio do Planalto. Ela foi exonerada hoje (08\/01) do cargo de assessora da\u00a0Secretaria Especial de Rela\u00e7\u00f5es Institucionais da Secretaria de Governo da Presid\u00eancia da Rep\u00fablica, c\u00f3digo DAS 102.4. O sal\u00e1rio bruto corresponde a R$ 9.926,00.<\/p>\n<p>&nbsp;<\/p>\n<p>Bruna foi exonerada pelo General Carlos Alberto dos Santos Cruz, chefe da Secretaria de Governo da Presid\u00eancia da Rep\u00fablica.<\/p>\n<p>&nbsp;<\/p>\n<p>L\u00edder da bancada da bala, Fraga, chegou a ser cotado para assumir uma fun\u00e7\u00e3o na \u00e1rea de articula\u00e7\u00e3o pol\u00edtica no Pal\u00e1cio do Planalto. Mas a nomea\u00e7\u00e3o n\u00e3o saiu porque o deputado federal sofreu condena\u00e7\u00e3o por concuss\u00e3o (exig\u00eancia de vantagem indevida em fun\u00e7\u00e3o do cargo) no ano passado, durante a campanha eleitoral.<\/p>\n<p>&nbsp;<\/p>\n<p>O parlamentar, segundo avalia\u00e7\u00e3o do meio pol\u00edtico, tinha grande chance de se reeleger deputado federal ou senador. Mas optou por disputar o mandato de governador do DF e perdeu a elei\u00e7\u00e3o. Ficou em sexto lugar na corrida ao Pal\u00e1cio do Buriti, atr\u00e1s de Ibaneis Rocha (MDB), Rodrigo Rollemberg (PSB), Rog\u00e9rio Rosso (PSD), Paulo Chagas (PRP) e Eliana Pedrosa (Pros).<\/p>\n<p>&nbsp;<\/p>\n<p>Nos pr\u00f3ximos quatro anos, estar\u00e1 sem mandato. Mas aposta que poder\u00e1 contribuir com o governo Bolsonaro, de quem \u00e9 amigo, caso seja revista sua condena\u00e7\u00e3o por cobrar vantagens de cooperativas de transporte, quando exercia cargo de secret\u00e1rio de Transporte.<\/p>\n<p>&nbsp;<\/p>\n<p>Nesta tarde, possivelmente para desmentir rumores, Fraga publicou no seu perfil no Instagram uma foto com Bolsonaro, com a seguinte legenda: &#8220;Recordar \u00e9 viver! Queiram ou n\u00e3o, essa amizade \u00e9 de longo tempo! Selva!&#8221;.<\/p>\n","protected":false},"excerpt":{"rendered":"<p>ANA MARIA CAMPOS N\u00e3o \u00e9 f\u00e1cil a vida de quem perde a elei\u00e7\u00e3o. A amizade com o presidente Jair Bolsonaro n\u00e3o foi suficiente para o deputado Alberto Fraga (DEM\/DF) conseguir manter o emprego de sua filha Bruna Brasil Fraga no Pal\u00e1cio do Planalto. Ela foi exonerada hoje (08\/01) do cargo de assessora da\u00a0Secretaria Especial de Rela\u00e7\u00f5es Institucionais da Secretaria de [&hellip;]<\/p>\n","protected":false},"author":9,"featured_media":14124,"comment_status":"open","ping_status":"closed","sticky":false,"template":"","format":"standard","meta":{"footnotes":""},"categories":[234],"tags":[],"class_list":["post-14123","post","type-post","status-publish","format-standard","has-post-thumbnail","hentry","category-cb-poder"],"_links":{"self":[{"href":"https:\/\/blogs.correiobraziliense.com.br\/cbpoder\/wp-json\/wp\/v2\/posts\/14123","targetHints":{"allow":["GET"]}}],"collection":[{"href":"https:\/\/blogs.correiobraziliense.com.br\/cbpoder\/wp-json\/wp\/v2\/posts"}],"about":[{"href":"https:\/\/blogs.correiobraziliense.com.br\/cbpoder\/wp-json\/wp\/v2\/types\/post"}],"author":[{"embeddable":true,"href":"https:\/\/blogs.correiobraziliense.com.br\/cbpoder\/wp-json\/wp\/v2\/users\/9"}],"replies":[{"embeddable":true,"href":"https:\/\/blogs.correiobraziliense.com.br\/cbpoder\/wp-json\/wp\/v2\/comments?post=14123"}],"version-history":[{"count":1,"href":"https:\/\/blogs.correiobraziliense.com.br\/cbpoder\/wp-json\/wp\/v2\/posts\/14123\/revisions"}],"predecessor-version":[{"id":14125,"href":"https:\/\/blogs.correiobraziliense.com.br\/cbpoder\/wp-json\/wp\/v2\/posts\/14123\/revisions\/14125"}],"wp:featuredmedia":[{"embeddable":true,"href":"https:\/\/blogs.correiobraziliense.com.br\/cbpoder\/wp-json\/wp\/v2\/media\/14124"}],"wp:attachment":[{"href":"https:\/\/blogs.correiobraziliense.com.br\/cbpoder\/wp-json\/wp\/v2\/media?parent=14123"}],"wp:term":[{"taxonomy":"category","embeddable":true,"href":"https:\/\/blogs.correiobraziliense.com.br\/cbpoder\/wp-json\/wp\/v2\/categories?post=14123"},{"taxonomy":"post_tag","embeddable":true,"href":"https:\/\/blogs.correiobraziliense.com.br\/cbpoder\/wp-json\/wp\/v2\/tags?post=14123"}],"curies":[{"name":"wp","href":"https:\/\/api.w.org\/{rel}","templated":true}]}}