{"id":14113,"date":"2019-01-08T12:30:22","date_gmt":"2019-01-08T14:30:22","guid":{"rendered":"https:\/\/blogs.correiobraziliense.com.br\/cbpoder\/?p=14113"},"modified":"2019-01-08T12:30:22","modified_gmt":"2019-01-08T14:30:22","slug":"da-policia-civil-para-a-advocacia-ex-diretor-jorge-xavier-vai-atuar-como-criminalista","status":"publish","type":"post","link":"https:\/\/blogs.correiobraziliense.com.br\/cbpoder\/da-policia-civil-para-a-advocacia-ex-diretor-jorge-xavier-vai-atuar-como-criminalista\/","title":{"rendered":"Da Pol\u00edcia Civil para a advocacia: ex-diretor Jorge Xavier vai atuar como criminalista"},"content":{"rendered":"<h5><strong>ANA MARIA CAMPOS<\/strong><\/h5>\n<p>Ex-diretor-geral da Pol\u00edcia Civil do DF, o delegado Jorge Xavier se aposentou ontem (07\/01). Agora vai aproveitar a expertise dos anos de investiga\u00e7\u00e3o para atuar do outro lado do balc\u00e3o, como advogado criminalista.<\/p>\n<div><\/div>\n<div>Xavier j\u00e1 foi sondado para atuar num caso de grande repercuss\u00e3o e ainda analisa a situa\u00e7\u00e3o antes de dizer se topa, como mostra a coluna Eixo Capital na edi\u00e7\u00e3o de hoje (08\/01).<\/div>\n<div><\/div>\n<div>Ele vai atuar como s\u00f3cio do escrit\u00f3rio do advogado Raul Sab\u00f3ia, que funciona no Lago Sul.<\/div>\n<div><\/div>\n<div>Jorge Xavier foi diretor da Pol\u00edcia Civil durante o governo de Agnelo Queiroz (PT), escolhido em lista tr\u00edplice eleita pela classe.<\/div>\n<div><\/div>\n<div>Em sua gest\u00e3o, pacificou a Pol\u00edcia Civil do DF, com estilo pr\u00f3prio de exercer autoridade.<\/div>\n<div><\/div>\n<div>Na transi\u00e7\u00e3o para o governo seguinte, quase foi mantido. Mas Eric Seba foi o escolhido por Rodrigo Rollemberg.<\/div>\n<div><\/div>\n<div>Depois de deixar a dire\u00e7\u00e3o-geral, Jorge Xavier assumiu uma subsecretaria na Secretaria Nacional de Seguran\u00e7a P\u00fablica (Senasp).<\/div>\n<div><\/div>\n<div>Nesta semana, ele deve receber a carteira da OAB.<\/div>\n<p>&nbsp;<\/p>\n","protected":false},"excerpt":{"rendered":"<p>ANA MARIA CAMPOS Ex-diretor-geral da Pol\u00edcia Civil do DF, o delegado Jorge Xavier se aposentou ontem (07\/01). Agora vai aproveitar a expertise dos anos de investiga\u00e7\u00e3o para atuar do outro lado do balc\u00e3o, como advogado criminalista. Xavier j\u00e1 foi sondado para atuar num caso de grande repercuss\u00e3o e ainda analisa a situa\u00e7\u00e3o antes de dizer se topa, como mostra a [&hellip;]<\/p>\n","protected":false},"author":9,"featured_media":8172,"comment_status":"open","ping_status":"closed","sticky":false,"template":"","format":"standard","meta":{"footnotes":""},"categories":[234],"tags":[74,676,102],"class_list":["post-14113","post","type-post","status-publish","format-standard","has-post-thumbnail","hentry","category-cb-poder","tag-advogado","tag-jorge-xavier","tag-policia-civil"],"_links":{"self":[{"href":"https:\/\/blogs.correiobraziliense.com.br\/cbpoder\/wp-json\/wp\/v2\/posts\/14113","targetHints":{"allow":["GET"]}}],"collection":[{"href":"https:\/\/blogs.correiobraziliense.com.br\/cbpoder\/wp-json\/wp\/v2\/posts"}],"about":[{"href":"https:\/\/blogs.correiobraziliense.com.br\/cbpoder\/wp-json\/wp\/v2\/types\/post"}],"author":[{"embeddable":true,"href":"https:\/\/blogs.correiobraziliense.com.br\/cbpoder\/wp-json\/wp\/v2\/users\/9"}],"replies":[{"embeddable":true,"href":"https:\/\/blogs.correiobraziliense.com.br\/cbpoder\/wp-json\/wp\/v2\/comments?post=14113"}],"version-history":[{"count":1,"href":"https:\/\/blogs.correiobraziliense.com.br\/cbpoder\/wp-json\/wp\/v2\/posts\/14113\/revisions"}],"predecessor-version":[{"id":14114,"href":"https:\/\/blogs.correiobraziliense.com.br\/cbpoder\/wp-json\/wp\/v2\/posts\/14113\/revisions\/14114"}],"wp:featuredmedia":[{"embeddable":true,"href":"https:\/\/blogs.correiobraziliense.com.br\/cbpoder\/wp-json\/wp\/v2\/media\/8172"}],"wp:attachment":[{"href":"https:\/\/blogs.correiobraziliense.com.br\/cbpoder\/wp-json\/wp\/v2\/media?parent=14113"}],"wp:term":[{"taxonomy":"category","embeddable":true,"href":"https:\/\/blogs.correiobraziliense.com.br\/cbpoder\/wp-json\/wp\/v2\/categories?post=14113"},{"taxonomy":"post_tag","embeddable":true,"href":"https:\/\/blogs.correiobraziliense.com.br\/cbpoder\/wp-json\/wp\/v2\/tags?post=14113"}],"curies":[{"name":"wp","href":"https:\/\/api.w.org\/{rel}","templated":true}]}}