{"id":14095,"date":"2019-01-06T18:27:27","date_gmt":"2019-01-06T20:27:27","guid":{"rendered":"https:\/\/blogs.correiobraziliense.com.br\/cbpoder\/?p=14095"},"modified":"2019-01-06T18:27:27","modified_gmt":"2019-01-06T20:27:27","slug":"acesso-ao-estacionamento-da-ceasa-volta-a-ser-gratuito","status":"publish","type":"post","link":"https:\/\/blogs.correiobraziliense.com.br\/cbpoder\/acesso-ao-estacionamento-da-ceasa-volta-a-ser-gratuito\/","title":{"rendered":"Acesso ao estacionamento da Ceasa volta a ser gratuito"},"content":{"rendered":"<p><span style=\"font-weight: 400\">O acesso ao estacionamento da Central de Abastecimento do Distrito Federal (Ceasa-DF), localizada no SIA, voltou a ser gratuito. Cobrava-se pelo uso do espa\u00e7o, administrado at\u00e9 ent\u00e3o pela empresa Din\u00e2mica, desde julho de 2017. O retorno da gratuidade era reivindica\u00e7\u00e3o dos trabalhadores do local e compromisso levantado pelo governador Ibaneis Rocha (MDB) durante a campanha pelo Pal\u00e1cio do Buriti no \u00faltimo ano.<\/span><\/p>\n<p>&nbsp;<\/p>\n<blockquote><p><span style=\"font-weight: 400\">O contrato entre a Ceasa e a empresa est\u00e1 suspenso desde este s\u00e1bado (5), conforme decis\u00f5es tomadas em reuni\u00f5es realizadas entre 3 e 4 de janeiro. O governo instituiu um processo administrativo para rescindi-lo, no qual as partes apresentar\u00e3o documentos e documentos, bem como abordar\u00e3o os respectivos direitos. <\/span><\/p><\/blockquote>\n<p>&nbsp;<\/p>\n<p><span style=\"font-weight: 400\">A inten\u00e7\u00e3o de dar fim \u00e0 cobran\u00e7a de R$ 3 por hora havia sido sinalizada pelo presidente da Ceasa, Wilder Santos, em novembro, quando assumiu o posto. \u201cPrecisamos rever todos os contratos que foram feitos com a empresa que, hoje, est\u00e1 prestando servi\u00e7o. Num segundo momento, abrir uma forma de atrair os clientes para dentro da Ceasa. Aos s\u00e1bados, perdemos muitos clientes em decorr\u00eancia desse estacionamento, que \u00e9 pago\u201d, disse, \u00e0 \u00e9poca. <\/span><\/p>\n<p>&nbsp;<\/p>\n<p><span style=\"font-weight: 400\">A sele\u00e7\u00e3o da Din\u00e2mica como operadora, em 2016, ocorreu por meio de licita\u00e7\u00e3o. Foram avaliados crit\u00e9rios como a capacidade t\u00e9cnica e a melhor contrapartida oferecida \u00e0 empresa p\u00fablica. Nos seis primeiros meses de 2017 houve gratuidade no estacionamento. A \u00e1rea tem hoje 1,3 mil vagas rotativas. Por m\u00eas, cerca de 46 mil ve\u00edculos circulam pelo espa\u00e7o.<\/span><\/p>\n","protected":false},"excerpt":{"rendered":"<p>O acesso ao estacionamento da Central de Abastecimento do Distrito Federal (Ceasa-DF), localizada no SIA, voltou a ser gratuito. Cobrava-se pelo uso do espa\u00e7o, administrado at\u00e9 ent\u00e3o pela empresa Din\u00e2mica, desde julho de 2017. O retorno da gratuidade era reivindica\u00e7\u00e3o dos trabalhadores do local e compromisso levantado pelo governador Ibaneis Rocha (MDB) durante a campanha pelo Pal\u00e1cio do Buriti no [&hellip;]<\/p>\n","protected":false},"author":90,"featured_media":14096,"comment_status":"open","ping_status":"closed","sticky":false,"template":"","format":"standard","meta":{"footnotes":""},"categories":[234],"tags":[1675,304,1676,966],"class_list":["post-14095","post","type-post","status-publish","format-standard","has-post-thumbnail","hentry","category-cb-poder","tag-ceasa","tag-estacionamento","tag-gratuito","tag-ibaneis"],"_links":{"self":[{"href":"https:\/\/blogs.correiobraziliense.com.br\/cbpoder\/wp-json\/wp\/v2\/posts\/14095","targetHints":{"allow":["GET"]}}],"collection":[{"href":"https:\/\/blogs.correiobraziliense.com.br\/cbpoder\/wp-json\/wp\/v2\/posts"}],"about":[{"href":"https:\/\/blogs.correiobraziliense.com.br\/cbpoder\/wp-json\/wp\/v2\/types\/post"}],"author":[{"embeddable":true,"href":"https:\/\/blogs.correiobraziliense.com.br\/cbpoder\/wp-json\/wp\/v2\/users\/90"}],"replies":[{"embeddable":true,"href":"https:\/\/blogs.correiobraziliense.com.br\/cbpoder\/wp-json\/wp\/v2\/comments?post=14095"}],"version-history":[{"count":1,"href":"https:\/\/blogs.correiobraziliense.com.br\/cbpoder\/wp-json\/wp\/v2\/posts\/14095\/revisions"}],"predecessor-version":[{"id":14097,"href":"https:\/\/blogs.correiobraziliense.com.br\/cbpoder\/wp-json\/wp\/v2\/posts\/14095\/revisions\/14097"}],"wp:featuredmedia":[{"embeddable":true,"href":"https:\/\/blogs.correiobraziliense.com.br\/cbpoder\/wp-json\/wp\/v2\/media\/14096"}],"wp:attachment":[{"href":"https:\/\/blogs.correiobraziliense.com.br\/cbpoder\/wp-json\/wp\/v2\/media?parent=14095"}],"wp:term":[{"taxonomy":"category","embeddable":true,"href":"https:\/\/blogs.correiobraziliense.com.br\/cbpoder\/wp-json\/wp\/v2\/categories?post=14095"},{"taxonomy":"post_tag","embeddable":true,"href":"https:\/\/blogs.correiobraziliense.com.br\/cbpoder\/wp-json\/wp\/v2\/tags?post=14095"}],"curies":[{"name":"wp","href":"https:\/\/api.w.org\/{rel}","templated":true}]}}