{"id":14090,"date":"2019-01-06T14:51:08","date_gmt":"2019-01-06T16:51:08","guid":{"rendered":"https:\/\/blogs.correiobraziliense.com.br\/cbpoder\/?p=14090"},"modified":"2019-01-06T15:44:52","modified_gmt":"2019-01-06T17:44:52","slug":"delegacias-do-nucleo-bandeirante-e-do-sol-nascente-voltam-a-funcionar-24-horas","status":"publish","type":"post","link":"https:\/\/blogs.correiobraziliense.com.br\/cbpoder\/delegacias-do-nucleo-bandeirante-e-do-sol-nascente-voltam-a-funcionar-24-horas\/","title":{"rendered":"Delegacias do N\u00facleo Bandeirante e do Sol Nascente voltam a funcionar 24 horas"},"content":{"rendered":"<p>ANA MARIA CAMPOS<\/p>\n<p>ISA STACCIARINI<\/p>\n<p>&nbsp;<\/p>\n<p>Duas das 15 delegacias do Distrito Federal que fecham as portas a partir das 19h voltar\u00e3o a funcionar por 24h e aos fins de semana. As duas primeiras que voltar\u00e3o a operar \u00e0 noite, de madrugada e aos s\u00e1bados e domingos ser\u00e3o a 11\u00aa Delegacia de Pol\u00edcia (N\u00facleo Bandeirante) e a 19\u00aa DP (Ceil\u00e2ndia), na regi\u00e3o do Sol Nascente.<\/p>\n<p>&nbsp;<\/p>\n<p>A cerim\u00f4nia de reabertura nesses hor\u00e1rios ocorrer\u00e1 \u00a0\u00e0s 19h desta segunda-feira (7\/1), no N\u00facleo Bandeirante.<\/p>\n<p>&nbsp;<\/p>\n<p>Este \u00e9 um dos compromissos do governador Ibaneis Rocha (MDB) para a seguran\u00e7a p\u00fablica. Segundo o diretor-geral da Pol\u00edcia Civil do DF, Robson C\u00e2ndido (<strong>foto<\/strong>), houve um remanejamento de servidores para atender a essas delegacias.<\/p>\n<p>&nbsp;<\/p>\n<p>A escolha das primeiras unidades a serem reabertas levou em conta crit\u00e9rios t\u00e9cnicos. Em breve, todas funcionar\u00e3o em tempo integral, segundo Robson C\u00e2ndido. Haver\u00e1 trabalho volunt\u00e1rio com pagamento de indeniza\u00e7\u00e3o, como ocorre com servidores de outras for\u00e7as de seguran\u00e7a.<\/p>\n<p>&nbsp;<\/p>\n<p>A expectativa da Secretaria de Seguran\u00e7a P\u00fablica \u00e9 de que em 60 a 90 dias todas as delegacias fechadas sejam reabertas.<\/p>\n<p>&nbsp;<\/p>\n<p>De acordo com o secret\u00e1rio Anderson Torres, ser\u00e1 publicado um chamamento ao servi\u00e7o volunt\u00e1rio da Pol\u00edcia Civil. \u201cCom o pagamento da gratifica\u00e7\u00e3o, poderemos voltar com todas as delegacias 24h. Na Pol\u00edcia Militar j\u00e1 existe isso. O policial da ativa que trabalha na hora da folga recebia R$ 300 e aumentamos para R$ 400 para trabalhar oito horas. Ser\u00e1 o mesmo com a Pol\u00edcia Civil\u201d, explicou.<\/p>\n<p>&nbsp;<\/p>\n<p>Segundo ele, tamb\u00e9m est\u00e1 sendo trabalhado um projeto de lei para enviar \u00e0 C\u00e2mara Legislativa com a ideia do servi\u00e7o tempor\u00e1rio. \u201cSignifica chamar os policiais aposentados para retorno ao trabalho. A Pol\u00edcia Militar j\u00e1 tem isso e a Pol\u00edcia Civil, n\u00e3o. Vamos fazer um projeto de lei para enviar a C\u00e2mara, porque muitos deles querem trabalhar\u201d, esclareceu.<\/p>\n<p>&nbsp;<\/p>\n<p>Anderson ainda refor\u00e7ou que essas s\u00e3o medidas mais simples de aplicar. \u201cS\u00e3o pessoas preparadas que retornar\u00e3o \u00e0 atividade e, assim, vamos recompor o quadro. S\u00e3o maneiras mais imediatas de fazer isso, seguido de demandas mais longas, como concurso p\u00fablico\u201d, ressaltou.<\/p>\n<p>&nbsp;<\/p>\n<p>Das 31 unidades policiais espalhadas pelo DF, 15 delas est\u00e3o sem funcionar ap\u00f3s as 19h. Estas tamb\u00e9m ficam fechadas aos s\u00e1bados e domingos. Outras tr\u00eas unidades s\u00f3 atuam em esquema de plant\u00e3o para registrar ocorr\u00eancias n\u00e3o flagranciais. Significa que a noite, de madrugada e aos fins de semana, a popula\u00e7\u00e3o de Bras\u00edlia, que soma mais de 3 milh\u00f5es de habitantes, s\u00f3 t\u00eam 13 delegacias para recorrer em casos de urg\u00eancia.<\/p>\n","protected":false},"excerpt":{"rendered":"<p>ANA MARIA CAMPOS ISA STACCIARINI &nbsp; Duas das 15 delegacias do Distrito Federal que fecham as portas a partir das 19h voltar\u00e3o a funcionar por 24h e aos fins de semana. As duas primeiras que voltar\u00e3o a operar \u00e0 noite, de madrugada e aos s\u00e1bados e domingos ser\u00e3o a 11\u00aa Delegacia de Pol\u00edcia (N\u00facleo Bandeirante) e a 19\u00aa DP (Ceil\u00e2ndia), [&hellip;]<\/p>\n","protected":false},"author":9,"featured_media":13388,"comment_status":"open","ping_status":"closed","sticky":false,"template":"","format":"standard","meta":{"footnotes":""},"categories":[234],"tags":[1672,1671,1673,1674],"class_list":["post-14090","post","type-post","status-publish","format-standard","has-post-thumbnail","hentry","category-cb-poder","tag-24-horas","tag-delegacias","tag-nucleo-bandeirante","tag-sol-nascente"],"_links":{"self":[{"href":"https:\/\/blogs.correiobraziliense.com.br\/cbpoder\/wp-json\/wp\/v2\/posts\/14090","targetHints":{"allow":["GET"]}}],"collection":[{"href":"https:\/\/blogs.correiobraziliense.com.br\/cbpoder\/wp-json\/wp\/v2\/posts"}],"about":[{"href":"https:\/\/blogs.correiobraziliense.com.br\/cbpoder\/wp-json\/wp\/v2\/types\/post"}],"author":[{"embeddable":true,"href":"https:\/\/blogs.correiobraziliense.com.br\/cbpoder\/wp-json\/wp\/v2\/users\/9"}],"replies":[{"embeddable":true,"href":"https:\/\/blogs.correiobraziliense.com.br\/cbpoder\/wp-json\/wp\/v2\/comments?post=14090"}],"version-history":[{"count":4,"href":"https:\/\/blogs.correiobraziliense.com.br\/cbpoder\/wp-json\/wp\/v2\/posts\/14090\/revisions"}],"predecessor-version":[{"id":14094,"href":"https:\/\/blogs.correiobraziliense.com.br\/cbpoder\/wp-json\/wp\/v2\/posts\/14090\/revisions\/14094"}],"wp:featuredmedia":[{"embeddable":true,"href":"https:\/\/blogs.correiobraziliense.com.br\/cbpoder\/wp-json\/wp\/v2\/media\/13388"}],"wp:attachment":[{"href":"https:\/\/blogs.correiobraziliense.com.br\/cbpoder\/wp-json\/wp\/v2\/media?parent=14090"}],"wp:term":[{"taxonomy":"category","embeddable":true,"href":"https:\/\/blogs.correiobraziliense.com.br\/cbpoder\/wp-json\/wp\/v2\/categories?post=14090"},{"taxonomy":"post_tag","embeddable":true,"href":"https:\/\/blogs.correiobraziliense.com.br\/cbpoder\/wp-json\/wp\/v2\/tags?post=14090"}],"curies":[{"name":"wp","href":"https:\/\/api.w.org\/{rel}","templated":true}]}}