{"id":14021,"date":"2018-12-27T08:36:22","date_gmt":"2018-12-27T10:36:22","guid":{"rendered":"https:\/\/blogs.correiobraziliense.com.br\/cbpoder\/?p=14021"},"modified":"2018-12-27T10:28:20","modified_gmt":"2018-12-27T12:28:20","slug":"distrito-federal-entre-as-unidades-da-federacao-menos-violentas-e-meta-de-ibaneis","status":"publish","type":"post","link":"https:\/\/blogs.correiobraziliense.com.br\/cbpoder\/distrito-federal-entre-as-unidades-da-federacao-menos-violentas-e-meta-de-ibaneis\/","title":{"rendered":"Distrito Federal entre as unidades da Federa\u00e7\u00e3o menos violentas \u00e9 meta de Ibaneis"},"content":{"rendered":"<h6>Coluna Eixo Capital \/ Por Ana Maria Campos<\/h6>\n<p>Mantidas as tend\u00eancias de dezembros anteriores e as proje\u00e7\u00f5es para este ano, o Distrito Federal fechar\u00e1 o \u00faltimo ano do governo Rollemberg com taxa de homic\u00eddio abaixo de 14 ocorr\u00eancias por grupo de 100 mil habitantes. Seria o menor indicador dos \u00faltimos 33 anos para a capital da Rep\u00fablica. O levantamento completo ser\u00e1 divulgado no in\u00edcio do ano que vem pela Secretaria da Seguran\u00e7a P\u00fablica e da Paz Social. A expectativa do atual governo \u00e9 de que, neste ano, o DF ultrapasse Santa Catarina, passando a ocupar o segundo lugar entre as tr\u00eas unidades da Federa\u00e7\u00e3o menos violentas. Perderia apenas para S\u00e3o Paulo no ranking nacional relacionado a homic\u00eddios. Uma meta para o governo Ibaneis Rocha conquistar.<\/p>\n<p>&nbsp;<\/p>\n<h2><strong>Pr\u00f3-v\u00edtima vira pol\u00edtica de Estado<\/strong><\/h2>\n<p>No apagar das luzes da administra\u00e7\u00e3o, o governador Rodrigo Rollemberg (PSB) publicou um decreto para criar o Programa de Atendimento Multiprofissional \u00e0s V\u00edtimas de Viol\u00eancia (Pr\u00f3-V\u00edtima). O projeto j\u00e1 existe na estrutura de uma subsecretaria desde 2009 mas, nos \u00faltimos anos, houve muitas idas e vindas na execu\u00e7\u00e3o das pol\u00edticas. Agora, com o decreto, o Pr\u00f3-V\u00edtima vira uma pol\u00edtica de Estado.<\/p>\n<p>&nbsp;<\/p>\n<h2><strong>Servidores da Agefis poder\u00e3o fazer home office<\/strong><\/h2>\n<p>A Ag\u00eancia de Fiscaliza\u00e7\u00e3o do DF (Agefis) \u00e9 mais um \u00f3rg\u00e3o a adotar o teletrabalho para os servidores efetivos. A regulamenta\u00e7\u00e3o prev\u00ea que os trabalhos a serem realizados fora das depend\u00eancias f\u00edsicas da ag\u00eancia ficam restritos \u00e0s atividades que dispensem dilig\u00eancia, vistoria ou qualquer esp\u00e9cie de deslocamento do servidor e que permitam a mensura\u00e7\u00e3o objetiva do desempenho. As metas dos servidores na modalidade de teletrabalho ser\u00e3o, no m\u00ednimo, 20% superiores \u00e0s estipuladas para os demais servidores.<\/p>\n<p>&nbsp;<\/p>\n<h2><strong>Vitrine de Israel vira programa de governo<\/strong><\/h2>\n<p>Antes de deixar o mandato, o deputado distrital Professor Israel (PV) apresentou proposta que transforma em programa governamental o projeto Bora Vencer, que oferece cursinhos preparat\u00f3rios para o Enem, para o PAS, concursos e sele\u00e7\u00f5es p\u00fablicas \u2014 e que foi sua grande vitrine eleitoral. A proposta prev\u00ea passe livre para os inscritos na modalidade. \u201cFaz-se necess\u00e1rio, neste momento, a formaliza\u00e7\u00e3o institucional do Programa Bora Vencer, a fim de garantir para a atual e futuras as gera\u00e7\u00f5es de jovens do Distrito Federal todas as oportunidades de estudo e capacita\u00e7\u00e3o profissional que t\u00eam por direito constitucional garantido\u201d, argumentou Israel.<\/p>\n<p>&nbsp;<\/p>\n<p>&nbsp;<\/p>\n<h2><strong>TROCA DE BAST\u00c3O<\/strong><\/h2>\n<p><strong><em>Guilherme Reis, atual secret\u00e1rio de Cultura<\/em><\/strong><\/p>\n<p>&nbsp;<\/p>\n<p><em>Que balan\u00e7o faz da administra\u00e7\u00e3o Rollemberg na \u00e1rea da cultura?<\/em><\/p>\n<p>Este foi um governo que compreendeu a complexidade da cultura, sua intera\u00e7\u00e3o com outras pol\u00edticas e seu valor para o desenvolvimento sustent\u00e1vel. Isso n\u00e3o \u00e9 pouca coisa. Tivemos a coragem de romper paradigmas da pol\u00edtica de balc\u00e3o, investindo no di\u00e1logo, nos territ\u00f3rios do DF. E estamos deixando um legado para as pr\u00f3ximas gest\u00f5es e para as pr\u00f3ximas gera\u00e7\u00f5es. Tudo isso feito com extrema seriedade e honestidade. Para isso, tivemos a oportunidade rara de contar com uma equipe 100% t\u00e9cnica e o apoio irrestrito do governador.<\/p>\n<p>&nbsp;<\/p>\n<p><em>Quais foram os principais avan\u00e7os?<\/em><\/p>\n<p>A cria\u00e7\u00e3o de cinco novos espa\u00e7os culturais fora do Plano Piloto, a reforma do Centro de Dan\u00e7a, do Espa\u00e7o Cultural Renato Russo, da Biblioteca P\u00fablica da 513, do Pante\u00e3o. A cria\u00e7\u00e3o da Lei Org\u00e2nica da Cultura; o FAC executando valores recordes e o novo FAC Regionalizado, que levou recursos para onde nunca chegavam. A gest\u00e3o em parceria com a sociedade civil gra\u00e7as ao Mrosc. O reconhecimento de setores historicamente relegados, o apoio ao carnaval de rua, \u00e0s atividades juninas e aos espa\u00e7os independentes. Os pr\u00eamios Cultura e Cidadania. Em resumo, os avan\u00e7os foram muitos e profundos.<\/p>\n<p>&nbsp;<\/p>\n<p><em>O que gostaria de ter executado e n\u00e3o foi poss\u00edvel tirar do papel nesse per\u00edodo?<\/em><\/p>\n<p>O que foi negligenciado por mais de 20 anos n\u00e3o se recupera em tr\u00eas ou quatro. Finalizar a obra do MAB (que est\u00e1 com recursos garantidos); concluir o Centro Cultural de Ceil\u00e2ndia (em obras desde 1986!); avan\u00e7ar na cria\u00e7\u00e3o da Bras\u00edlia Filmes, da Cinemateca de Bras\u00edlia e na PPP de implanta\u00e7\u00e3o efetiva do Parque Audiovisual de Bras\u00edlia, complementando a\u00e7\u00f5es que fizemos para o crescimento sustent\u00e1vel do setor. E, principalmente, ter iniciado a obra do Teatro Nacional, depois de rever o projeto, cuidar das fases de aprova\u00e7\u00e3o, contratar projeto estrutural e tra\u00e7ar a estrat\u00e9gia para reformar por etapas. Trabalhamos muito para que isso aconte\u00e7a com rapidez e a cidade volte a ter o teatro que merece.<\/p>\n<p>&nbsp;<\/p>\n<p><em>Que conselho daria ao seu sucessor?<\/em><\/p>\n<p>Gostaria apenas de desejar sucesso e novos avan\u00e7os. Que possamos ter uma saud\u00e1vel e desej\u00e1vel continuidade de pol\u00edtica de Estado, aprofundando a moderniza\u00e7\u00e3o, a manuten\u00e7\u00e3o e amplia\u00e7\u00e3o dos espa\u00e7os p\u00fablicos de cultura do DF. E que essas a\u00e7\u00f5es se reflitam na estrutura e no or\u00e7amento da Secretaria de Estado de Cultura! E que tudo isso seja feito junto com a comunidade cultural, sempre em parceria com a sociedade civil.<\/p>\n<p>&nbsp;<\/p>\n<p><em><strong>Ad\u00e3o C\u00e2ndido, futuro secret\u00e1rio de Cultura<\/strong><\/em><\/p>\n<p>&nbsp;<\/p>\n<p><em>Qual ser\u00e1 a sua prioridade para a \u00e1rea da cultura?<\/em><\/p>\n<p>Nossa gest\u00e3o estar\u00e1 focada em tr\u00eas eixos: Economia Criativa\/Audiovisual \u2014 Desenvolver no \u00e2mbito da Secult e articular com as demais \u00e1reas do governo a pol\u00edtica p\u00fablica de Economia Criativa. Cria\u00e7\u00e3o do Distrito Criativo\/Polo do Audiovisual. Cria\u00e7\u00e3o da Ag\u00eancia de Cinema de Bras\u00edlia. Implementa\u00e7\u00e3o da Bras\u00edlia Film Comission. Gest\u00e3o do Patrim\u00f4nio, com desenvolvimento do marco legal e de governan\u00e7a com um modelo de gest\u00e3o sustent\u00e1vel para os equipamentos culturais, trazendo agilidade e transpar\u00eancia na ger\u00eancia dos espa\u00e7os por meio de aplicativos e plataformas digitais. Reformar e entregar para a popula\u00e7\u00e3o os equipamentos em todo o DF. Na difus\u00e3o e diversidade, vamos estabelecer, por interm\u00e9dio de instrumentos de incentivo e fomento da Secult, programa\u00e7\u00e3o continuada nos equipamentos culturais, observando todas as formas de manifesta\u00e7\u00e3o art\u00edstica e diversidade identit\u00e1ria. E vamos estabelecer um calend\u00e1rio das atividades culturais do DF.<\/p>\n<p>&nbsp;<\/p>\n<p><em>O que espera tirar do papel nos pr\u00f3ximos quatro anos?<\/em><\/p>\n<p>Devolver \u00e0 popula\u00e7\u00e3o do DF o Teatro Nacional, come\u00e7ando pela sala Martins Pena. Tamb\u00e9m s\u00e3o prioridades as entregas do Museu de Artes de Bras\u00edlia e do Centro Cultural da Ceil\u00e2ndia. Cria\u00e7\u00e3o de aplicativo em parceria com turismo, esporte e iniciativa privada. Lan\u00e7ar calend\u00e1rio de eventos e selo dos 60 anos de Bras\u00edlia para as comemora\u00e7\u00f5es em 2020.<\/p>\n<p>&nbsp;<\/p>\n<p><em>Que experi\u00eancias do antecessor pretende aprimorar?<\/em><\/p>\n<p>Expandir, por meio de cursos e desburocratiza\u00e7\u00e3o, o acesso para proponentes e patrocinadores aos instrumentos de fomento (FAC) e incentivo (LIC e Rouanet).<\/p>\n<p>&nbsp;<\/p>\n<p><em>E que erros n\u00e3o quer repetir?<\/em><br \/>\nN\u00e3o ter solucionado a quest\u00e3o do carnaval tradicional. Vamos propor o desfile das escolas de samba no 21 de abril, com novo modelo que observe as caracter\u00edsticas locais e que seja sustent\u00e1vel economicamente.<\/p>\n","protected":false},"excerpt":{"rendered":"<p>Coluna Eixo Capital \/ Por Ana Maria Campos Mantidas as tend\u00eancias de dezembros anteriores e as proje\u00e7\u00f5es para este ano, o Distrito Federal fechar\u00e1 o \u00faltimo ano do governo Rollemberg com taxa de homic\u00eddio abaixo de 14 ocorr\u00eancias por grupo de 100 mil habitantes. Seria o menor indicador dos \u00faltimos 33 anos para a capital da Rep\u00fablica. O levantamento completo [&hellip;]<\/p>\n","protected":false},"author":9,"featured_media":0,"comment_status":"open","ping_status":"closed","sticky":false,"template":"","format":"standard","meta":{"footnotes":""},"categories":[234],"tags":[16,966,5],"class_list":["post-14021","post","type-post","status-publish","format-standard","hentry","category-cb-poder","tag-gdf","tag-ibaneis","tag-seguranca"],"_links":{"self":[{"href":"https:\/\/blogs.correiobraziliense.com.br\/cbpoder\/wp-json\/wp\/v2\/posts\/14021","targetHints":{"allow":["GET"]}}],"collection":[{"href":"https:\/\/blogs.correiobraziliense.com.br\/cbpoder\/wp-json\/wp\/v2\/posts"}],"about":[{"href":"https:\/\/blogs.correiobraziliense.com.br\/cbpoder\/wp-json\/wp\/v2\/types\/post"}],"author":[{"embeddable":true,"href":"https:\/\/blogs.correiobraziliense.com.br\/cbpoder\/wp-json\/wp\/v2\/users\/9"}],"replies":[{"embeddable":true,"href":"https:\/\/blogs.correiobraziliense.com.br\/cbpoder\/wp-json\/wp\/v2\/comments?post=14021"}],"version-history":[{"count":3,"href":"https:\/\/blogs.correiobraziliense.com.br\/cbpoder\/wp-json\/wp\/v2\/posts\/14021\/revisions"}],"predecessor-version":[{"id":14028,"href":"https:\/\/blogs.correiobraziliense.com.br\/cbpoder\/wp-json\/wp\/v2\/posts\/14021\/revisions\/14028"}],"wp:attachment":[{"href":"https:\/\/blogs.correiobraziliense.com.br\/cbpoder\/wp-json\/wp\/v2\/media?parent=14021"}],"wp:term":[{"taxonomy":"category","embeddable":true,"href":"https:\/\/blogs.correiobraziliense.com.br\/cbpoder\/wp-json\/wp\/v2\/categories?post=14021"},{"taxonomy":"post_tag","embeddable":true,"href":"https:\/\/blogs.correiobraziliense.com.br\/cbpoder\/wp-json\/wp\/v2\/tags?post=14021"}],"curies":[{"name":"wp","href":"https:\/\/api.w.org\/{rel}","templated":true}]}}