{"id":13913,"date":"2018-12-13T21:04:12","date_gmt":"2018-12-13T23:04:12","guid":{"rendered":"https:\/\/blogs.correiobraziliense.com.br\/cbpoder\/?p=13913"},"modified":"2018-12-13T21:04:12","modified_gmt":"2018-12-13T23:04:12","slug":"distritais-adiam-votacao-do-orcamento-e-aprovam-em-1o-turno-criacao-do-fundo-de-seguranca","status":"publish","type":"post","link":"https:\/\/blogs.correiobraziliense.com.br\/cbpoder\/distritais-adiam-votacao-do-orcamento-e-aprovam-em-1o-turno-criacao-do-fundo-de-seguranca\/","title":{"rendered":"Distritais adiam vota\u00e7\u00e3o do Or\u00e7amento e aprovam, em 1\u00ba turno, cria\u00e7\u00e3o do Fundo de Seguran\u00e7a"},"content":{"rendered":"<p><span style=\"font-weight: 400\">Os distritais decidiram adiar para esta sexta-feira (14) a vota\u00e7\u00e3o de pautas priorit\u00e1rias para o Distrito Federal, como o projeto de Lei Or\u00e7ament\u00e1ria Anual (PLOA) de 2019, a redu\u00e7\u00e3o da al\u00edquota do IPVA e o Zoneamento Ecol\u00f3gico-Econ\u00f4mico. Na sess\u00e3o, que durou cerca de cinco horas, os parlamentares priorizaram a aprova\u00e7\u00e3o, em primeiro turno, de um \u201cpacot\u00e3o\u201d de 14 propostas enviadas pelo Executivo local ao longo da \u00faltima semana. Entre eles, a cria\u00e7\u00e3o do Fundo de Seguran\u00e7a P\u00fablica do Distrito Federal (FUSPDF). <\/span><\/p>\n<p>&nbsp;<\/p>\n<p><span style=\"font-weight: 400\">O sinal verde ao projeto do Pal\u00e1cio do Buriti ocorreu horas ap\u00f3s o presidente da Rep\u00fablica, Michel Temer (MDB), publicar a lei que instituiu o Fundo Nacional de Seguran\u00e7a P\u00fablica (FNSP), abastecido por recursos de loterias esportivas, federais e de progn\u00f3sticos. Com o alinhamento \u00e0 gest\u00e3o federal, a capital torna-se apta a receber parte dessa verba para programas e atividades de preven\u00e7\u00e3o \u00e0 viol\u00eancia.<\/span><\/p>\n<p>&nbsp;<\/p>\n<p><span style=\"font-weight: 400\">Pelas estimativas do governo federal, o Fundo Nacional deve distribuir, por ano, R$ 1 bilh\u00e3o entre as unidades federativas para a \u00e1rea de seguran\u00e7a p\u00fablica. O projeto de lei que cria o caixa distrital chegou ao Legislativo local em 4 de dezembro e passou pelo crivo das tr\u00eas comiss\u00f5es \u2014 Constitui\u00e7\u00e3o e Justi\u00e7a; Economia, Or\u00e7amento e Finan\u00e7as; e Seguran\u00e7a P\u00fablica \u2014 somente ontem, durante a vota\u00e7\u00e3o do plen\u00e1rio.<\/span><\/p>\n<p>&nbsp;<\/p>\n<p><span style=\"font-weight: 400\">Na justificativa da proposta, o secret\u00e1rio da Seguran\u00e7a P\u00fablica e da Paz Social, Cristiano Sampaio Barbosa, indica que os recursos auxiliar\u00e3o a execu\u00e7\u00e3o de projetos de capacita\u00e7\u00e3o, o treinamento e o reequipamento das for\u00e7as policiais do DF e de a\u00e7\u00f5es de preven\u00e7\u00e3o e combate \u00e0 viol\u00eancia.<\/span><\/p>\n<p>&nbsp;<\/p>\n<p><span style=\"font-weight: 400\">Os parlamentares ainda criaram o Fundo Distrital de Combate \u00e0 Corrup\u00e7\u00e3o (FDCC). No caixa, ficar\u00e3o concentrados valores, por exemplo, resultantes de condena\u00e7\u00f5es ou acordos firmados em raz\u00e3o de a\u00e7\u00f5es judiciais e de multas aplicadas em processos administrativos de responsabiliza\u00e7\u00e3o administrativa c\u00edvel de pessoas jur\u00eddicas pela pr\u00e1tica de atos lesivos contra a administra\u00e7\u00e3o p\u00fablica. O montante ser\u00e1 usado pelo GDF para financiar a\u00e7\u00f5es e programas destinados a fiscalizar e reprimir atos il\u00edcitos na estrutura do Executivo.<\/span><\/p>\n<p>&nbsp;<\/p>\n<h2><b>Ordenamento territorial<\/b><\/h2>\n<p>&nbsp;<\/p>\n<p><span style=\"font-weight: 400\">No pacot\u00e3o de projetos do Executivo local, os distritais tamb\u00e9m deram aval ao texto que estabelece o procedimento para uni\u00e3o ou divis\u00e3o de lotes do mesmo propriet\u00e1rio, ou seja, quais os crit\u00e9rios e de que forma ocorre o registro em cart\u00f3rio. Na pr\u00e1tica, o brasiliense realiza, h\u00e1 anos, a separa\u00e7\u00e3o e a jun\u00e7\u00e3o dos terrenos, com base em instru\u00e7\u00e3o normativa estabelecida \u00e0 \u00e9poca da gest\u00e3o de Cristovam Buarque (PPS). Contudo, a Procuradoria-Geral do DF alertou o Executivo local sobre a falta de sustenta\u00e7\u00e3o legal do instrumento e indicou a necessidade da implementa\u00e7\u00e3o de uma lei complementar para disciplinar os atos.<\/span><\/p>\n<p>&nbsp;<\/p>\n<p><span style=\"font-weight: 400\">Em um debate pol\u00eamico, por 10 votos a 9, os distritais rejeitaram o projeto do governo que prev\u00ea altera\u00e7\u00f5es nas diretrizes or\u00e7ament\u00e1rias deste ano. Na proposta, o Buriti pedia sinal verde ao ato em que usou recursos de precat\u00f3rios judiciais e de Requisi\u00e7\u00f5es de Pequeno Valor (RPV) para o pagamento de \u201cdespesas obrigat\u00f3rias\u201d. Entretanto, como o GDF deixou em aberto o montante realocado e a respectiva destina\u00e7\u00e3o, o plen\u00e1rio negou a proposi\u00e7\u00e3o, que classificou como \u201cum cheque em branco\u201d.<\/span><\/p>\n","protected":false},"excerpt":{"rendered":"<p>Os distritais decidiram adiar para esta sexta-feira (14) a vota\u00e7\u00e3o de pautas priorit\u00e1rias para o Distrito Federal, como o projeto de Lei Or\u00e7ament\u00e1ria Anual (PLOA) de 2019, a redu\u00e7\u00e3o da al\u00edquota do IPVA e o Zoneamento Ecol\u00f3gico-Econ\u00f4mico. Na sess\u00e3o, que durou cerca de cinco horas, os parlamentares priorizaram a aprova\u00e7\u00e3o, em primeiro turno, de um \u201cpacot\u00e3o\u201d de 14 propostas enviadas [&hellip;]<\/p>\n","protected":false},"author":90,"featured_media":13881,"comment_status":"open","ping_status":"closed","sticky":false,"template":"","format":"standard","meta":{"footnotes":""},"categories":[234],"tags":[1649,1650,156],"class_list":["post-13913","post","type-post","status-publish","format-standard","has-post-thumbnail","hentry","category-cb-poder","tag-fundo-de-seguranca-do-distrito-federal","tag-ipva","tag-orcamento"],"_links":{"self":[{"href":"https:\/\/blogs.correiobraziliense.com.br\/cbpoder\/wp-json\/wp\/v2\/posts\/13913","targetHints":{"allow":["GET"]}}],"collection":[{"href":"https:\/\/blogs.correiobraziliense.com.br\/cbpoder\/wp-json\/wp\/v2\/posts"}],"about":[{"href":"https:\/\/blogs.correiobraziliense.com.br\/cbpoder\/wp-json\/wp\/v2\/types\/post"}],"author":[{"embeddable":true,"href":"https:\/\/blogs.correiobraziliense.com.br\/cbpoder\/wp-json\/wp\/v2\/users\/90"}],"replies":[{"embeddable":true,"href":"https:\/\/blogs.correiobraziliense.com.br\/cbpoder\/wp-json\/wp\/v2\/comments?post=13913"}],"version-history":[{"count":2,"href":"https:\/\/blogs.correiobraziliense.com.br\/cbpoder\/wp-json\/wp\/v2\/posts\/13913\/revisions"}],"predecessor-version":[{"id":13915,"href":"https:\/\/blogs.correiobraziliense.com.br\/cbpoder\/wp-json\/wp\/v2\/posts\/13913\/revisions\/13915"}],"wp:featuredmedia":[{"embeddable":true,"href":"https:\/\/blogs.correiobraziliense.com.br\/cbpoder\/wp-json\/wp\/v2\/media\/13881"}],"wp:attachment":[{"href":"https:\/\/blogs.correiobraziliense.com.br\/cbpoder\/wp-json\/wp\/v2\/media?parent=13913"}],"wp:term":[{"taxonomy":"category","embeddable":true,"href":"https:\/\/blogs.correiobraziliense.com.br\/cbpoder\/wp-json\/wp\/v2\/categories?post=13913"},{"taxonomy":"post_tag","embeddable":true,"href":"https:\/\/blogs.correiobraziliense.com.br\/cbpoder\/wp-json\/wp\/v2\/tags?post=13913"}],"curies":[{"name":"wp","href":"https:\/\/api.w.org\/{rel}","templated":true}]}}