{"id":13901,"date":"2018-12-12T16:50:52","date_gmt":"2018-12-12T18:50:52","guid":{"rendered":"https:\/\/blogs.correiobraziliense.com.br\/cbpoder\/?p=13901"},"modified":"2018-12-12T16:51:48","modified_gmt":"2018-12-12T18:51:48","slug":"raimundo-ribeiro-mdb-e-indicado-para-diretoria-da-adasa","status":"publish","type":"post","link":"https:\/\/blogs.correiobraziliense.com.br\/cbpoder\/raimundo-ribeiro-mdb-e-indicado-para-diretoria-da-adasa\/","title":{"rendered":"Raimundo Ribeiro (MDB) \u00e9 indicado para diretoria da Adasa"},"content":{"rendered":"<p><strong>ALEXANDRE DE PAULA<\/strong><\/p>\n<p><strong>ANA VIRIATO<\/strong><\/p>\n<p>Derrotado nas urnas, o distrital Raimundo Ribeiro (MDB) integrar\u00e1 a diretoria da Ag\u00eancia Reguladora de \u00c1guas, Energia e Saneamento B\u00e1sico do Distrito Federal (Adasa) a partir de 2019, conforme anunciou, nesta quarta-feira (12\/12), o governador eleito Ibaneis Rocha (MDB). O emedebista permanecer\u00e1 no cargo por cinco anos.<\/p>\n<p>&nbsp;<\/p>\n<p>A pedido do gabinete de transi\u00e7\u00e3o do futuro chefe do Pal\u00e1cio do Buriti, o governador Rodrigo Rollemberg (PSB) enviou \u00e0 C\u00e2mara Legislativa uma mensagem com a indica\u00e7\u00e3o do deputado ao posto. Para assumir a vaga na diretoria, Raimundo Ribeiro passa, nesta tarde, por sabatina na Casa.<\/p>\n<p>&nbsp;<\/p>\n<p>Na condu\u00e7\u00e3o da argui\u00e7\u00e3o pela Comiss\u00e3o de Desenvolvimento Econ\u00f4mico Sustent\u00e1vel, Ci\u00eancia, Tecnologia, Meio Ambiente e Turismo, Raimundo indicou pautas priorit\u00e1rias. \u201cQuero agradecer a confian\u00e7a do governador eleito Ibaneis Rocha em me confiar a miss\u00e3o de assumir um mandato por longos cinco anos em uma institui\u00e7\u00e3o cuja finalidade est\u00e1 na pauta de todos os dias: a crise h\u00eddrica. Espero ter a oportunidade de contribuir para que se possa solucionar essa quest\u00e3o e v\u00e1rias outras que se constituem a miss\u00e3o da Adasa\u201d, disse.<\/p>\n<p>&nbsp;<\/p>\n<p>O emedebista est\u00e1 no segundo mandato como distrital. Advogado da Uni\u00e3o aposentado, Raimundo Ribeiro tentou a reelei\u00e7\u00e3o no \u00faltimo pleito, mas, com 5.894 votos, n\u00e3o conquistou uma cadeira no Legislativo local. Ele atuou como secret\u00e1rio de Justi\u00e7a na gest\u00e3o de Jos\u00e9 Roberto Arruda (PR).<\/p>\n","protected":false},"excerpt":{"rendered":"<p>ALEXANDRE DE PAULA ANA VIRIATO Derrotado nas urnas, o distrital Raimundo Ribeiro (MDB) integrar\u00e1 a diretoria da Ag\u00eancia Reguladora de \u00c1guas, Energia e Saneamento B\u00e1sico do Distrito Federal (Adasa) a partir de 2019, conforme anunciou, nesta quarta-feira (12\/12), o governador eleito Ibaneis Rocha (MDB). O emedebista permanecer\u00e1 no cargo por cinco anos. &nbsp; A pedido do gabinete de transi\u00e7\u00e3o do [&hellip;]<\/p>\n","protected":false},"author":90,"featured_media":12288,"comment_status":"open","ping_status":"closed","sticky":false,"template":"","format":"standard","meta":{"footnotes":""},"categories":[234],"tags":[],"class_list":["post-13901","post","type-post","status-publish","format-standard","has-post-thumbnail","hentry","category-cb-poder"],"_links":{"self":[{"href":"https:\/\/blogs.correiobraziliense.com.br\/cbpoder\/wp-json\/wp\/v2\/posts\/13901","targetHints":{"allow":["GET"]}}],"collection":[{"href":"https:\/\/blogs.correiobraziliense.com.br\/cbpoder\/wp-json\/wp\/v2\/posts"}],"about":[{"href":"https:\/\/blogs.correiobraziliense.com.br\/cbpoder\/wp-json\/wp\/v2\/types\/post"}],"author":[{"embeddable":true,"href":"https:\/\/blogs.correiobraziliense.com.br\/cbpoder\/wp-json\/wp\/v2\/users\/90"}],"replies":[{"embeddable":true,"href":"https:\/\/blogs.correiobraziliense.com.br\/cbpoder\/wp-json\/wp\/v2\/comments?post=13901"}],"version-history":[{"count":2,"href":"https:\/\/blogs.correiobraziliense.com.br\/cbpoder\/wp-json\/wp\/v2\/posts\/13901\/revisions"}],"predecessor-version":[{"id":13903,"href":"https:\/\/blogs.correiobraziliense.com.br\/cbpoder\/wp-json\/wp\/v2\/posts\/13901\/revisions\/13903"}],"wp:featuredmedia":[{"embeddable":true,"href":"https:\/\/blogs.correiobraziliense.com.br\/cbpoder\/wp-json\/wp\/v2\/media\/12288"}],"wp:attachment":[{"href":"https:\/\/blogs.correiobraziliense.com.br\/cbpoder\/wp-json\/wp\/v2\/media?parent=13901"}],"wp:term":[{"taxonomy":"category","embeddable":true,"href":"https:\/\/blogs.correiobraziliense.com.br\/cbpoder\/wp-json\/wp\/v2\/categories?post=13901"},{"taxonomy":"post_tag","embeddable":true,"href":"https:\/\/blogs.correiobraziliense.com.br\/cbpoder\/wp-json\/wp\/v2\/tags?post=13901"}],"curies":[{"name":"wp","href":"https:\/\/api.w.org\/{rel}","templated":true}]}}