{"id":13861,"date":"2018-12-11T08:47:19","date_gmt":"2018-12-11T10:47:19","guid":{"rendered":"https:\/\/blogs.correiobraziliense.com.br\/cbpoder\/?p=13861"},"modified":"2018-12-11T08:54:19","modified_gmt":"2018-12-11T10:54:19","slug":"ex-secretaria-planejamento-orcamento-e-gestao-assume-secretaria-rs","status":"publish","type":"post","link":"https:\/\/blogs.correiobraziliense.com.br\/cbpoder\/ex-secretaria-planejamento-orcamento-e-gestao-assume-secretaria-rs\/","title":{"rendered":"Ap\u00f3s enfrentar crise fiscal no DF, ex-secret\u00e1ria de Planejamento, Or\u00e7amento e Gest\u00e3o assume secretaria no RS"},"content":{"rendered":"<h6>Eixo Capital \/ Por Ana Maria Campos<\/h6>\n<p>Leany Lemos deve gostar mesmo de desafios. Depois de enfrentar a pior crise fiscal da hist\u00f3ria do Distrito Federal, com suspens\u00e3o de reajustes salariais e risco de atrasos na folha de pagamentos, a ex-secret\u00e1ria de Planejamento, Or\u00e7amento e Gest\u00e3o vai se mudar para Porto Alegre e assumir a secretaria de Planejamento de um dos estados mais quebrados do pa\u00eds. Para se ter uma ideia da crise, o governo do Rio Grande do Sul, que tem parcelado o contracheque dos servidores, pagou ontem a faixa de sal\u00e1rios apenas de at\u00e9 R$ 2 mil e n\u00e3o tem previs\u00e3o para quitar o restante, a depender da arrecada\u00e7\u00e3o tribut\u00e1ria. Se conseguir ajudar a promover o ajuste fiscal sob o comando do governador eleito, Eduardo Leite (PSDB), ser\u00e1 um marco.<\/p>\n<p>&nbsp;<\/p>\n<h2><strong>Ironia do destino<\/strong><\/h2>\n<p>Tida entre policiais civis do DF como um dos obst\u00e1culos para a concess\u00e3o da paridade dos sal\u00e1rios da categoria aos da Pol\u00edcia Federal no governo Rollemberg, Leany Lemos foi anunciada como secret\u00e1ria de Planejamento do Rio Grande do Sul pelo vice-governador eleito do estado, Ranolfo Vieira Jr (PTB). Conhecido como Delegado Ranolfo, ele \u00e9, como o nome diz, delegado e foi chefe da Pol\u00edcia Civil do Rio Grande do Sul entre 2011 e 2014.<\/p>\n<p>&nbsp;<\/p>\n<h2><strong>Em debate, a seguran\u00e7a p\u00fablica<\/strong><\/h2>\n<p>O governador eleito do DF, Ibaneis Rocha (MDB), participa amanh\u00e3 da segunda rodada de discuss\u00f5es com os colegas de S\u00e3o Paulo, Jo\u00e3o Doria (PSDB), e do Rio de Janeiro, Wilson Witzel (PSC). Os tr\u00eas est\u00e3o afinados. Dessa vez, o tema \u00e9 seguran\u00e7a p\u00fablica. O II F\u00f3rum de Governadores ser\u00e1 realizado no Conselho Federal da OAB, com a presen\u00e7a dos presidentes do Supremo Tribunal Federal, Dias Toffoli, e do Superior Tribunal de Justi\u00e7a, Jo\u00e3o Ot\u00e1vio Noronha, do ministro extraordin\u00e1rio da Seguran\u00e7a P\u00fablica, Raul Jungmann, e do futuro ministro da Justi\u00e7a, S\u00e9rgio Moro.<\/p>\n<p>&nbsp;<\/p>\n<h2><strong>Dois votos pela reprova\u00e7\u00e3o das contas de distrital eleito<\/strong><\/h2>\n<p>Eleito deputado distrital, Daniel Donizet (PRP) (foto) est\u00e1 com risco de ter as contas reprovadas pela Justi\u00e7a. O Tribunal Regional Eleitoral (TRE\/DF) come\u00e7ou a analisar as despesas do pol\u00edtico, que \u00e9 professor de ensino m\u00e9dio, na \u00faltima sexta-feira e deve retomar o julgamento hoje. A relatora do processo, desembargadora Maria Ivatonia Barbosa dos Santos, reprovou as contas e foi acompanhada pelo desembargador Daniel Paes Ribeiro, mas a an\u00e1lise foi suspensa por pedido de vista de Telson Ferreira. De um plen\u00e1rio de sete, j\u00e1 h\u00e1 dois votos contr\u00e1rios, portanto. Em discuss\u00e3o, despesas de R$ 10 mil por posts patrocinados nas redes sociais. Na presta\u00e7\u00e3o de contas de Donizet, que integrava a coliga\u00e7\u00e3o do General Paulo Chagas (PRP) e da deputada eleita Bia Kicis (PRP) (foto), aparece o pagamento \u00e0 empresa Adyen do Brasil, como representante do Facebook. No entendimento da relatora, h\u00e1 um desencontro de informa\u00e7\u00f5es, e documentos que comprovam o impulsionamento de not\u00edcias foram enviados fora do prazo. \u201cMinha presta\u00e7\u00e3o de contas \u00e9 muito simples. A Adyen \u00e9 a empresa que representa o Facebook no Brasil. Os desembargadores v\u00e3o entender\u201d, acredita Donizet.<\/p>\n<p>&nbsp;<\/p>\n<h2><strong>Disc\u00edpulos de Bolsonaro<\/strong><\/h2>\n<p>Na campanha, Daniel Donizet declarou ter arrecadado R$ 21.976,48. Mais da metade (R$ 12.843,90) foi doa\u00e7\u00e3o de Bia Kicis, deputada eleita pelo PRP que vai assumir o comando do PSL no DF, partido do futuro presidente, Jair Bolsonaro. Donizet teve 9.128 votos. Caso as contas sejam reprovadas e Donizet fique impedido, assumir\u00e1 o mandato a primeira suplente da coliga\u00e7\u00e3o PRP\/PRTB, Kelly Bolsonaro (PRP), que teve 5.412 votos.<\/p>\n<p>&nbsp;<\/p>\n<h2><strong>Mais evid\u00eancias contra Jos\u00e9 Gomes<\/strong><\/h2>\n<p>O Minist\u00e9rio P\u00fablico Eleitoral juntou novos elementos \u00e0 A\u00e7\u00e3o de Investiga\u00e7\u00e3o Judicial Eleitoral contra o deputado distrital eleito Jos\u00e9 Gomes (PSB). Depois das den\u00fancias enviadas pelo presidente do STJ, Jo\u00e3o Ot\u00e1vio Noronha, agora o procurador regional eleitoral, Jos\u00e9 Jairo, anexou relatos de suposta coa\u00e7\u00e3o de empregados terceirizados da empresa de Gomes, Real JG Servi\u00e7os Gerais, lotados nos Minist\u00e9rios de Minas e Energia e das Cidades. A defesa nega coa\u00e7\u00e3o.<\/p>\n<p>&nbsp;<\/p>\n<h2><strong>Casa Militar deve ser mantida<\/strong><\/h2>\n<p>O governador eleito do DF, Ibaneis Rocha, deve manter a Casa Militar. Depois de toda a pol\u00eamica com a Pol\u00edcia Militar, ele deve voltar atr\u00e1s por quest\u00f5es t\u00e9cnicas e tamb\u00e9m para n\u00e3o desagradar os oficiais da corpora\u00e7\u00e3o. A ideia inicial era extinguir a pasta e criar o Gabinete de Seguran\u00e7a Institucional (GSI) sob o comando do deputado Laerte Bessa (PR\/DF), abrangendo todas as fun\u00e7\u00f5es da Casa Militar. O novo formato est\u00e1 em estudo, mas n\u00e3o foi anunciado.<\/p>\n<p>&nbsp;<\/p>\n<h2><strong>Aposta<\/strong><\/h2>\n<p>Oficiais da Pol\u00edcia Militar apostavam que, ao analisar detidamente a legisla\u00e7\u00e3o, Ibaneis Rocha mudaria de ideia em rela\u00e7\u00e3o \u00e0 extin\u00e7\u00e3o da Casa Militar.<\/p>\n<p>&nbsp;<\/p>\n<h2><strong>Funcion\u00e1rio p\u00fablico<\/strong><\/h2>\n<p>O governador Rodrigo Rollemberg (PSB) definiu seu destino para 2019. Logo depois de entregar o cargo a Ibaneis Rocha (MDB) vai tirar f\u00e9rias e, na volta, assumir\u00e1 o cargo de servidor do Senado, na lideran\u00e7a do PSB.<\/p>\n<p>&nbsp;<\/p>\n<h2><strong>Vov\u00f4 Rollemberg<\/strong><\/h2>\n<p>Enquanto ainda est\u00e1 no mandato, Rodrigo Rollemberg mant\u00e9m a agenda de inaugura\u00e7\u00f5es, para deixar sua marca. No \u00faltimo s\u00e1bado, ele entregou lotes no Sol Nascente. Foi recebido com carinho pelas crian\u00e7as que o chamaram de \u201cVov\u00f4 Rollemberg.<\/p>\n<p>&nbsp;<\/p>\n","protected":false},"excerpt":{"rendered":"<p>Eixo Capital \/ Por Ana Maria Campos Leany Lemos deve gostar mesmo de desafios. Depois de enfrentar a pior crise fiscal da hist\u00f3ria do Distrito Federal, com suspens\u00e3o de reajustes salariais e risco de atrasos na folha de pagamentos, a ex-secret\u00e1ria de Planejamento, Or\u00e7amento e Gest\u00e3o vai se mudar para Porto Alegre e assumir a secretaria de Planejamento de um [&hellip;]<\/p>\n","protected":false},"author":9,"featured_media":0,"comment_status":"open","ping_status":"closed","sticky":false,"template":"","format":"standard","meta":{"footnotes":""},"categories":[234],"tags":[],"class_list":["post-13861","post","type-post","status-publish","format-standard","hentry","category-cb-poder"],"_links":{"self":[{"href":"https:\/\/blogs.correiobraziliense.com.br\/cbpoder\/wp-json\/wp\/v2\/posts\/13861","targetHints":{"allow":["GET"]}}],"collection":[{"href":"https:\/\/blogs.correiobraziliense.com.br\/cbpoder\/wp-json\/wp\/v2\/posts"}],"about":[{"href":"https:\/\/blogs.correiobraziliense.com.br\/cbpoder\/wp-json\/wp\/v2\/types\/post"}],"author":[{"embeddable":true,"href":"https:\/\/blogs.correiobraziliense.com.br\/cbpoder\/wp-json\/wp\/v2\/users\/9"}],"replies":[{"embeddable":true,"href":"https:\/\/blogs.correiobraziliense.com.br\/cbpoder\/wp-json\/wp\/v2\/comments?post=13861"}],"version-history":[{"count":3,"href":"https:\/\/blogs.correiobraziliense.com.br\/cbpoder\/wp-json\/wp\/v2\/posts\/13861\/revisions"}],"predecessor-version":[{"id":13866,"href":"https:\/\/blogs.correiobraziliense.com.br\/cbpoder\/wp-json\/wp\/v2\/posts\/13861\/revisions\/13866"}],"wp:attachment":[{"href":"https:\/\/blogs.correiobraziliense.com.br\/cbpoder\/wp-json\/wp\/v2\/media?parent=13861"}],"wp:term":[{"taxonomy":"category","embeddable":true,"href":"https:\/\/blogs.correiobraziliense.com.br\/cbpoder\/wp-json\/wp\/v2\/categories?post=13861"},{"taxonomy":"post_tag","embeddable":true,"href":"https:\/\/blogs.correiobraziliense.com.br\/cbpoder\/wp-json\/wp\/v2\/tags?post=13861"}],"curies":[{"name":"wp","href":"https:\/\/api.w.org\/{rel}","templated":true}]}}