{"id":13815,"date":"2018-12-05T17:01:01","date_gmt":"2018-12-05T19:01:01","guid":{"rendered":"https:\/\/blogs.correiobraziliense.com.br\/cbpoder\/?p=13815"},"modified":"2018-12-05T17:01:01","modified_gmt":"2018-12-05T19:01:01","slug":"diretora-do-ministerio-do-turismo-vanessa-mendonca-sera-secretaria-de-turismo","status":"publish","type":"post","link":"https:\/\/blogs.correiobraziliense.com.br\/cbpoder\/diretora-do-ministerio-do-turismo-vanessa-mendonca-sera-secretaria-de-turismo\/","title":{"rendered":"Diretora do Minist\u00e9rio do Turismo, Vanessa Mendon\u00e7a ser\u00e1 secret\u00e1ria de Turismo"},"content":{"rendered":"<p>ANA MARIA CAMPOS<\/p>\n<p>Atual diretora nacional no Minist\u00e9rio do Turismo, Vanessa Mendon\u00e7a ser\u00e1 a secret\u00e1ria de Turismo do governo de Ibaneis Rocha (MDB) no Distrito Federal.\u00a0 Hoje ela \u00e9 respons\u00e1vel pelas equipes de coordena\u00e7\u00e3o geral de Produtos, Publicidade, e de Eventos de Fluxos Tur\u00edsticos e Institucionais do minist\u00e9rio.<\/p>\n<p>Tamb\u00e9m \u00e9 coordenadora do Grupo Tem\u00e1tico para a Promo\u00e7\u00e3o do Turismo Cinematogr\u00e1fico no Brasil e no Mundo, por meio de uma portaria ministerial assinada em 30 de outubro de 2018.<\/p>\n<p>Vanessa Mendon\u00e7a \u00e9 economista, publicit\u00e1ria, presidente da Associa\u00e7\u00e3o dos Profissionais de Propaganda do DF e p\u00f3s-graduada em Marketing pela Funda\u00e7\u00e3o Get\u00falio Vargas e Mestranda em Gest\u00e3o Empresarial.<\/p>\n<p>Em seu curr\u00edculo, consta que Vanessa Mendon\u00e7a assinou em Gramado, no \u00faltimo dia 8 de novembro,\u00a0um termo conjunto de coopera\u00e7\u00e3o com o Festival de Cinema de Gramado e a Gramadotur .<br \/>\nPelo Gabinete do Ministro, atua junto a todas as entidades de classe do Conselho Nacional do Turismo , e\u00a0 com os principais\u00a0 empres\u00e1rios do Brasil e do Exterior.<\/p>\n<p>A nova secret\u00e1ria vai suceder Jaime Recena, que desde o come\u00e7o do governo Rollemberg atua na Secretaria de turismo.<\/p>\n<p>Ibaneis tomou a decis\u00e3o hoje (05\/12), de S\u00e3o Paulo, onde est\u00e1 em miss\u00e3o para conhecer experi\u00eancias de transporte, ao lado do futuro presidente do Metr\u00f4\/DF, deputado Welington Luiz (MDB).<\/p>\n","protected":false},"excerpt":{"rendered":"<p>ANA MARIA CAMPOS Atual diretora nacional no Minist\u00e9rio do Turismo, Vanessa Mendon\u00e7a ser\u00e1 a secret\u00e1ria de Turismo do governo de Ibaneis Rocha (MDB) no Distrito Federal.\u00a0 Hoje ela \u00e9 respons\u00e1vel pelas equipes de coordena\u00e7\u00e3o geral de Produtos, Publicidade, e de Eventos de Fluxos Tur\u00edsticos e Institucionais do minist\u00e9rio. Tamb\u00e9m \u00e9 coordenadora do Grupo Tem\u00e1tico para a Promo\u00e7\u00e3o do Turismo Cinematogr\u00e1fico [&hellip;]<\/p>\n","protected":false},"author":9,"featured_media":0,"comment_status":"open","ping_status":"closed","sticky":false,"template":"","format":"standard","meta":{"footnotes":""},"categories":[234],"tags":[917,458,1634],"class_list":["post-13815","post","type-post","status-publish","format-standard","hentry","category-cb-poder","tag-ibaneis-rocha","tag-secretaria-de-turismo","tag-vanessa-mendonca"],"_links":{"self":[{"href":"https:\/\/blogs.correiobraziliense.com.br\/cbpoder\/wp-json\/wp\/v2\/posts\/13815","targetHints":{"allow":["GET"]}}],"collection":[{"href":"https:\/\/blogs.correiobraziliense.com.br\/cbpoder\/wp-json\/wp\/v2\/posts"}],"about":[{"href":"https:\/\/blogs.correiobraziliense.com.br\/cbpoder\/wp-json\/wp\/v2\/types\/post"}],"author":[{"embeddable":true,"href":"https:\/\/blogs.correiobraziliense.com.br\/cbpoder\/wp-json\/wp\/v2\/users\/9"}],"replies":[{"embeddable":true,"href":"https:\/\/blogs.correiobraziliense.com.br\/cbpoder\/wp-json\/wp\/v2\/comments?post=13815"}],"version-history":[{"count":2,"href":"https:\/\/blogs.correiobraziliense.com.br\/cbpoder\/wp-json\/wp\/v2\/posts\/13815\/revisions"}],"predecessor-version":[{"id":13818,"href":"https:\/\/blogs.correiobraziliense.com.br\/cbpoder\/wp-json\/wp\/v2\/posts\/13815\/revisions\/13818"}],"wp:attachment":[{"href":"https:\/\/blogs.correiobraziliense.com.br\/cbpoder\/wp-json\/wp\/v2\/media?parent=13815"}],"wp:term":[{"taxonomy":"category","embeddable":true,"href":"https:\/\/blogs.correiobraziliense.com.br\/cbpoder\/wp-json\/wp\/v2\/categories?post=13815"},{"taxonomy":"post_tag","embeddable":true,"href":"https:\/\/blogs.correiobraziliense.com.br\/cbpoder\/wp-json\/wp\/v2\/tags?post=13815"}],"curies":[{"name":"wp","href":"https:\/\/api.w.org\/{rel}","templated":true}]}}