{"id":13753,"date":"2018-12-03T16:27:24","date_gmt":"2018-12-03T18:27:24","guid":{"rendered":"https:\/\/blogs.correiobraziliense.com.br\/cbpoder\/?p=13753"},"modified":"2018-12-03T16:36:00","modified_gmt":"2018-12-03T18:36:00","slug":"delegado-guilherme-lorentz-blank-assumira-o-depate-da-policia-civil-do-df","status":"publish","type":"post","link":"https:\/\/blogs.correiobraziliense.com.br\/cbpoder\/delegado-guilherme-lorentz-blank-assumira-o-depate-da-policia-civil-do-df\/","title":{"rendered":"Delegado Guilherme Lorentz Blank assumir\u00e1 o Depate da Pol\u00edcia Civil do DF"},"content":{"rendered":"<p>ANA MARIA CAMPOS<\/p>\n<p>Novas mudan\u00e7as na Pol\u00edcia Civil do DF foram definidas hoje (03\/12). O futuro diretor-geral, Robson C\u00e2ndido, designou o delegado Guilherme Lorentz Blank para a dire\u00e7\u00e3o do Departamento de Atividades Especiais (Depate), uma das \u00e1reas operacionais mais importantes da institui\u00e7\u00e3o. Ele vai assumir no lugar do delegado Marcelo Fernandes, que, por sua vez, deve chefiar uma delegacia circunscricional.<\/p>\n<p>&nbsp;<\/p>\n<p>Tamb\u00e9m haver\u00e1 mudan\u00e7as no Departamento de Intelig\u00eancia e Gest\u00e3o da Informa\u00e7\u00e3o (DGI). A defini\u00e7\u00e3o inicial era de que assumiria o cargo o delegado Wellerson Gontijo, que hoje est\u00e1 como chefe da seguran\u00e7a do Tribunal de Contas do DF. Mas ele preferiu ficar na fun\u00e7\u00e3o. Quem assumir\u00e1 o cargo hoje exercido pelo delegado George Couto no DGI \u00e9 o delegado Saulo Ribeiro Lopes.<\/p>\n<p>&nbsp;<\/p>\n<p>Outra defini\u00e7\u00e3o importante: o delegado S\u00e9rgio Henrique de Ara\u00fajo Moraes ser\u00e1 o chefe da Assessoria da dire\u00e7\u00e3o-geral.<\/p>\n","protected":false},"excerpt":{"rendered":"<p>ANA MARIA CAMPOS Novas mudan\u00e7as na Pol\u00edcia Civil do DF foram definidas hoje (03\/12). O futuro diretor-geral, Robson C\u00e2ndido, designou o delegado Guilherme Lorentz Blank para a dire\u00e7\u00e3o do Departamento de Atividades Especiais (Depate), uma das \u00e1reas operacionais mais importantes da institui\u00e7\u00e3o. Ele vai assumir no lugar do delegado Marcelo Fernandes, que, por sua vez, deve chefiar uma delegacia circunscricional. [&hellip;]<\/p>\n","protected":false},"author":9,"featured_media":13754,"comment_status":"open","ping_status":"closed","sticky":false,"template":"","format":"standard","meta":{"footnotes":""},"categories":[234],"tags":[1619,1620,102],"class_list":["post-13753","post","type-post","status-publish","format-standard","has-post-thumbnail","hentry","category-cb-poder","tag-depate","tag-guilherme-lorentz","tag-policia-civil"],"_links":{"self":[{"href":"https:\/\/blogs.correiobraziliense.com.br\/cbpoder\/wp-json\/wp\/v2\/posts\/13753","targetHints":{"allow":["GET"]}}],"collection":[{"href":"https:\/\/blogs.correiobraziliense.com.br\/cbpoder\/wp-json\/wp\/v2\/posts"}],"about":[{"href":"https:\/\/blogs.correiobraziliense.com.br\/cbpoder\/wp-json\/wp\/v2\/types\/post"}],"author":[{"embeddable":true,"href":"https:\/\/blogs.correiobraziliense.com.br\/cbpoder\/wp-json\/wp\/v2\/users\/9"}],"replies":[{"embeddable":true,"href":"https:\/\/blogs.correiobraziliense.com.br\/cbpoder\/wp-json\/wp\/v2\/comments?post=13753"}],"version-history":[{"count":1,"href":"https:\/\/blogs.correiobraziliense.com.br\/cbpoder\/wp-json\/wp\/v2\/posts\/13753\/revisions"}],"predecessor-version":[{"id":13755,"href":"https:\/\/blogs.correiobraziliense.com.br\/cbpoder\/wp-json\/wp\/v2\/posts\/13753\/revisions\/13755"}],"wp:featuredmedia":[{"embeddable":true,"href":"https:\/\/blogs.correiobraziliense.com.br\/cbpoder\/wp-json\/wp\/v2\/media\/13754"}],"wp:attachment":[{"href":"https:\/\/blogs.correiobraziliense.com.br\/cbpoder\/wp-json\/wp\/v2\/media?parent=13753"}],"wp:term":[{"taxonomy":"category","embeddable":true,"href":"https:\/\/blogs.correiobraziliense.com.br\/cbpoder\/wp-json\/wp\/v2\/categories?post=13753"},{"taxonomy":"post_tag","embeddable":true,"href":"https:\/\/blogs.correiobraziliense.com.br\/cbpoder\/wp-json\/wp\/v2\/tags?post=13753"}],"curies":[{"name":"wp","href":"https:\/\/api.w.org\/{rel}","templated":true}]}}