{"id":13707,"date":"2018-11-29T12:28:19","date_gmt":"2018-11-29T14:28:19","guid":{"rendered":"https:\/\/blogs.correiobraziliense.com.br\/cbpoder\/?p=13707"},"modified":"2018-11-29T12:35:30","modified_gmt":"2018-11-29T14:35:30","slug":"farmaceutico-osnei-okumoto-sera-o-secretario-de-saude-do-df","status":"publish","type":"post","link":"https:\/\/blogs.correiobraziliense.com.br\/cbpoder\/farmaceutico-osnei-okumoto-sera-o-secretario-de-saude-do-df\/","title":{"rendered":"Farmac\u00eautico Osnei Okumoto ser\u00e1 o secret\u00e1rio de Sa\u00fade do DF"},"content":{"rendered":"<p>ANA MARIA CAMPOS<\/p>\n<p>HELENA MADER<\/p>\n<p>O atual secret\u00e1rio de Vigil\u00e2ncia em Sa\u00fade do Minist\u00e9rio da Sa\u00fade, Osnei Okumoto, ser\u00e1 o pr\u00f3ximo secret\u00e1rio de Sa\u00fade. O nome foi confirmado hoje pelo governador eleito Ibaneis Rocha (MDB).\u00a0Aos 56 anos, ele tem gradua\u00e7\u00e3o em farm\u00e1cia e bioqu\u00edmica pela Universidade Estadual de Maring\u00e1 (PR).<\/p>\n<p>&nbsp;<\/p>\n<p>Entre suas especializa\u00e7\u00f5es, Okumoto \u00e9 p\u00f3s-graduado em Gest\u00e3o de Hemocentros pela Universidade Federal de Pernambuco.\u00a0Entre 1986 e 1991, o futuro secret\u00e1rio de Sa\u00fade foi primeiro tenente Farmac\u00eautico do Ex\u00e9rcito. Entre 1996 e 1999, presidiu o Conselho Regional de Farm\u00e1cia do Mato Grosso do Sul.<\/p>\n<p>&nbsp;<\/p>\n<p>O farmac\u00eautico comandou o setor de imunohematologia do\u00a0banco de sangue do hospital universit\u00e1rio da UFMS, chefiou a Divis\u00e3o M\u00e9dica do Centro de Hematologia e Hemoterapia de Mato Grosso do Sul e foi respons\u00e1vel t\u00e9cnico pelo laborat\u00f3rio de Sorologia e Imunohematologia do Banco de Sangue da Santa Casa de Campo Grande.<br \/>\nOsnei foi presidente da Funda\u00e7\u00e3o de Servi\u00e7os de Sa\u00fade de Mato Grosso do Sul.<\/p>\n<p>&nbsp;<\/p>\n<p>Ele est\u00e1 em Bras\u00edlia, atuando no governo federal, h\u00e1 mais de dois anos. Em 2016, quando era vice-presidente do Conselho Regional de Farm\u00e1cia do Mato Grosso do Sul, Osnei foi nomeado pelo ent\u00e3o ministro da Sa\u00fade, Ricardo Barros, para exercer o cargo de Coordenador Geral de Laborat\u00f3rios de Sa\u00fade P\u00fablica. Em abril deste ano, o farmac\u00eautico assumiu a Secretaria Nacional de Vigil\u00e2ncia em Sa\u00fade.<\/p>\n<p>&nbsp;<\/p>\n<p>A escolha surpreendeu o meio m\u00e9dico, j\u00e1 que o nome de Osnei n\u00e3o estava entre os cotados para o cargo. Na \u00faltima ter\u00e7a-feira, o governador eleito Ibaneis Rocha apresentou ao futuro ministro da Sa\u00fade da gest\u00e3o Jair Bolsonaro, o deputado federal Luiz Henrique Mandetta (DEM-RS), uma lista com poss\u00edveis profissionais para comandar a pasta.<\/p>\n<p>&nbsp;<\/p>\n<p>Entre os apontados como potenciais secret\u00e1rios de Sa\u00fade de Ibaneis estavam o m\u00e9dico do Hospital Regional da Asa Norte (Hran) Adriano Guimar\u00e3es Ibiapina; o vice-presidente do Sindicato dos M\u00e9dicos do DF (SindM\u00e9dico), Carlos Fernando da Silva; e o secret\u00e1rio-executivo do Minist\u00e9rio da Sa\u00fade Adeilson Loureiro.<\/p>\n","protected":false},"excerpt":{"rendered":"<p>ANA MARIA CAMPOS HELENA MADER O atual secret\u00e1rio de Vigil\u00e2ncia em Sa\u00fade do Minist\u00e9rio da Sa\u00fade, Osnei Okumoto, ser\u00e1 o pr\u00f3ximo secret\u00e1rio de Sa\u00fade. O nome foi confirmado hoje pelo governador eleito Ibaneis Rocha (MDB).\u00a0Aos 56 anos, ele tem gradua\u00e7\u00e3o em farm\u00e1cia e bioqu\u00edmica pela Universidade Estadual de Maring\u00e1 (PR). &nbsp; Entre suas especializa\u00e7\u00f5es, Okumoto \u00e9 p\u00f3s-graduado em Gest\u00e3o de [&hellip;]<\/p>\n","protected":false},"author":9,"featured_media":13708,"comment_status":"open","ping_status":"closed","sticky":false,"template":"","format":"standard","meta":{"footnotes":""},"categories":[234],"tags":[1608,1606,1607],"class_list":["post-13707","post","type-post","status-publish","format-standard","has-post-thumbnail","hentry","category-cb-poder","tag-ibanwis-rocha","tag-osnei-okumoto","tag-secretario-de-saude-do-df"],"_links":{"self":[{"href":"https:\/\/blogs.correiobraziliense.com.br\/cbpoder\/wp-json\/wp\/v2\/posts\/13707","targetHints":{"allow":["GET"]}}],"collection":[{"href":"https:\/\/blogs.correiobraziliense.com.br\/cbpoder\/wp-json\/wp\/v2\/posts"}],"about":[{"href":"https:\/\/blogs.correiobraziliense.com.br\/cbpoder\/wp-json\/wp\/v2\/types\/post"}],"author":[{"embeddable":true,"href":"https:\/\/blogs.correiobraziliense.com.br\/cbpoder\/wp-json\/wp\/v2\/users\/9"}],"replies":[{"embeddable":true,"href":"https:\/\/blogs.correiobraziliense.com.br\/cbpoder\/wp-json\/wp\/v2\/comments?post=13707"}],"version-history":[{"count":3,"href":"https:\/\/blogs.correiobraziliense.com.br\/cbpoder\/wp-json\/wp\/v2\/posts\/13707\/revisions"}],"predecessor-version":[{"id":13711,"href":"https:\/\/blogs.correiobraziliense.com.br\/cbpoder\/wp-json\/wp\/v2\/posts\/13707\/revisions\/13711"}],"wp:featuredmedia":[{"embeddable":true,"href":"https:\/\/blogs.correiobraziliense.com.br\/cbpoder\/wp-json\/wp\/v2\/media\/13708"}],"wp:attachment":[{"href":"https:\/\/blogs.correiobraziliense.com.br\/cbpoder\/wp-json\/wp\/v2\/media?parent=13707"}],"wp:term":[{"taxonomy":"category","embeddable":true,"href":"https:\/\/blogs.correiobraziliense.com.br\/cbpoder\/wp-json\/wp\/v2\/categories?post=13707"},{"taxonomy":"post_tag","embeddable":true,"href":"https:\/\/blogs.correiobraziliense.com.br\/cbpoder\/wp-json\/wp\/v2\/tags?post=13707"}],"curies":[{"name":"wp","href":"https:\/\/api.w.org\/{rel}","templated":true}]}}