{"id":13689,"date":"2018-11-29T08:46:00","date_gmt":"2018-11-29T10:46:00","guid":{"rendered":"https:\/\/blogs.correiobraziliense.com.br\/cbpoder\/?p=13689"},"modified":"2018-11-29T08:46:00","modified_gmt":"2018-11-29T10:46:00","slug":"entre-os-alvos-da-operacao-conexao-brasilia-esta-sergio-cortes-do-esquema-de-sergio-cabral","status":"publish","type":"post","link":"https:\/\/blogs.correiobraziliense.com.br\/cbpoder\/entre-os-alvos-da-operacao-conexao-brasilia-esta-sergio-cortes-do-esquema-de-sergio-cabral\/","title":{"rendered":"Entre os alvos da Opera\u00e7\u00e3o Conex\u00e3o Bras\u00edlia, est\u00e1 Sergio Cort\u00eas, do esquema de S\u00e9rgio Cabral"},"content":{"rendered":"<h5>ANA MARIA CAMPOS<\/h5>\n<p>Entre os alvos dos mandados de busca e apreens\u00e3o que est\u00e3o sendo cumpridos nesta manh\u00e3 (29\/11), na Opera\u00e7\u00e3o Conex\u00e3o Bras\u00edlia, est\u00e1 o ex-secret\u00e1rio de Sa\u00fade do governo Cabral S\u00e9rgio Cort\u00eas.<\/p>\n<p>&nbsp;<\/p>\n<p>Um dos operadores de Cabral, ele \u00e9 acusado em quatro opera\u00e7\u00f5es da Lava-Jato no Rio de Janeiro de integrar um esquema milion\u00e1rio de fraude \u00e0 licita\u00e7\u00e3o, corrup\u00e7\u00e3o e lavagem de dinheiro exportado para outras unidades da federa\u00e7\u00e3o, inclusive o Distrito Federal.<\/p>\n<p>&nbsp;<\/p>\n<p>Respons\u00e1veis pela Opera\u00e7\u00e3o Conex\u00e3o Bras\u00edlia, realizada por for\u00e7a-tarefa do Minist\u00e9rio P\u00fablico do DF de combate \u00e0 corrup\u00e7\u00e3o na sa\u00fade, estiveram na casa de Cort\u00eas, na Lagoa, no Rio. H\u00e1 buscas em outros 43 endere\u00e7os no Rio, Bras\u00edlia e S\u00e3o Paulo.<\/p>\n<p>&nbsp;<\/p>\n<p>Cort\u00eas \u00e9 um dos integrantes do grupo mais pr\u00f3ximo do ex-governador do Rio e aparece na famosa foto que ficou conhecida como \u201ca farra dos guardanapos\u201d, em jantar ocorrido em Paris, nos tempos \u00e1ureos do governo de S\u00e9rgio Cabral. V\u00e1rios que aparecem ali foram depois presos e acusados de corrup\u00e7\u00e3o.<\/p>\n<p>&nbsp;<\/p>\n<p>Na Opera\u00e7\u00e3o desta manh\u00e3, foram cumpridos 12 mandados de pris\u00e3o preventiva. Entre os alvos, est\u00e3o os ex-secret\u00e1rios de Sa\u00fade Rafael Barbosa e Elias Miziara, acusados de assinar contrato com empresas fornecedoras de pr\u00f3teses e \u00f3rteses que participavam do esquema no Rio de Janeiro.<\/p>\n<p>&nbsp;<\/p>\n<p>Segundo as investiga\u00e7\u00f5es da Opera\u00e7\u00e3o Lava-Jato, desmembradas em Fatura Exposta e Resson\u00e2ncia, a organiza\u00e7\u00e3o criminosa agia de forma intrincada. Eles fraudavam uma licita\u00e7\u00e3o direcionada para empresa do esquema e depois repassavam o edital, por meio de ata de registro de pre\u00e7os, a outras unidades da federa\u00e7\u00e3o. Foi o que aconteceu no Distrito Federal.<\/p>\n<p>&nbsp;<\/p>\n<p>Na investiga\u00e7\u00e3o, os promotores do DF, coordenados por Luis Henrique Ishihara, tiveram acesso a informa\u00e7\u00f5es das opera\u00e7\u00f5es do Rio, por compartilhamento autorizado pelo juiz Marcelo Bretas, da 7\u00aa Vara da Justi\u00e7a Federal do Rio. Eles tamb\u00e9m fizeram novas dilig\u00eancias e colheram depoimentos.<\/p>\n<p>&nbsp;<\/p>\n<p>Segundo a investiga\u00e7\u00e3o dos promotores, a Secretaria de Sa\u00fade, no governo Agnelo, aderiu a uma ata de registro de pre\u00e7os da Secretaria de Sa\u00fade do Rio, com base em argumentos que n\u00e3o se sustentam e contrariam a lei. O pior \u00e9 que a empresa contratada, segundo as investiga\u00e7\u00f5es, \u00e9 parte do escandaloso esquema de corrup\u00e7\u00e3o e propina do governo Cabral.<\/p>\n<p>&nbsp;<\/p>\n<p>Entre os outros alvos de pris\u00e3o preventiva e de busca e apreens\u00e3o, est\u00e3o servidores da Secretaria de Sa\u00fade \u00e0 \u00e9poca em que a pasta era chefiada por Rafael Barbosa, empres\u00e1rios, operadores e empresas.<\/p>\n","protected":false},"excerpt":{"rendered":"<p>ANA MARIA CAMPOS Entre os alvos dos mandados de busca e apreens\u00e3o que est\u00e3o sendo cumpridos nesta manh\u00e3 (29\/11), na Opera\u00e7\u00e3o Conex\u00e3o Bras\u00edlia, est\u00e1 o ex-secret\u00e1rio de Sa\u00fade do governo Cabral S\u00e9rgio Cort\u00eas. &nbsp; Um dos operadores de Cabral, ele \u00e9 acusado em quatro opera\u00e7\u00f5es da Lava-Jato no Rio de Janeiro de integrar um esquema milion\u00e1rio de fraude \u00e0 licita\u00e7\u00e3o, [&hellip;]<\/p>\n","protected":false},"author":9,"featured_media":13690,"comment_status":"open","ping_status":"closed","sticky":false,"template":"","format":"standard","meta":{"footnotes":""},"categories":[234],"tags":[1600,1601,1603,1605],"class_list":["post-13689","post","type-post","status-publish","format-standard","has-post-thumbnail","hentry","category-cb-poder","tag-operacao-conexao-brasilia","tag-rafael-barbosa","tag-sergio-cabral","tag-sergio-cortes"],"_links":{"self":[{"href":"https:\/\/blogs.correiobraziliense.com.br\/cbpoder\/wp-json\/wp\/v2\/posts\/13689","targetHints":{"allow":["GET"]}}],"collection":[{"href":"https:\/\/blogs.correiobraziliense.com.br\/cbpoder\/wp-json\/wp\/v2\/posts"}],"about":[{"href":"https:\/\/blogs.correiobraziliense.com.br\/cbpoder\/wp-json\/wp\/v2\/types\/post"}],"author":[{"embeddable":true,"href":"https:\/\/blogs.correiobraziliense.com.br\/cbpoder\/wp-json\/wp\/v2\/users\/9"}],"replies":[{"embeddable":true,"href":"https:\/\/blogs.correiobraziliense.com.br\/cbpoder\/wp-json\/wp\/v2\/comments?post=13689"}],"version-history":[{"count":1,"href":"https:\/\/blogs.correiobraziliense.com.br\/cbpoder\/wp-json\/wp\/v2\/posts\/13689\/revisions"}],"predecessor-version":[{"id":13698,"href":"https:\/\/blogs.correiobraziliense.com.br\/cbpoder\/wp-json\/wp\/v2\/posts\/13689\/revisions\/13698"}],"wp:featuredmedia":[{"embeddable":true,"href":"https:\/\/blogs.correiobraziliense.com.br\/cbpoder\/wp-json\/wp\/v2\/media\/13690"}],"wp:attachment":[{"href":"https:\/\/blogs.correiobraziliense.com.br\/cbpoder\/wp-json\/wp\/v2\/media?parent=13689"}],"wp:term":[{"taxonomy":"category","embeddable":true,"href":"https:\/\/blogs.correiobraziliense.com.br\/cbpoder\/wp-json\/wp\/v2\/categories?post=13689"},{"taxonomy":"post_tag","embeddable":true,"href":"https:\/\/blogs.correiobraziliense.com.br\/cbpoder\/wp-json\/wp\/v2\/tags?post=13689"}],"curies":[{"name":"wp","href":"https:\/\/api.w.org\/{rel}","templated":true}]}}