{"id":13682,"date":"2018-11-29T07:36:21","date_gmt":"2018-11-29T09:36:21","guid":{"rendered":"https:\/\/blogs.correiobraziliense.com.br\/cbpoder\/?p=13682"},"modified":"2018-11-29T09:26:56","modified_gmt":"2018-11-29T11:26:56","slug":"ex-secretario-de-saude-rafael-barbosa-e-outras-11-pessoas-sao-presas-em-operacao-do-mp-de-combate-a-corrupcao-na-saude","status":"publish","type":"post","link":"https:\/\/blogs.correiobraziliense.com.br\/cbpoder\/ex-secretario-de-saude-rafael-barbosa-e-outras-11-pessoas-sao-presas-em-operacao-do-mp-de-combate-a-corrupcao-na-saude\/","title":{"rendered":"Ex-secret\u00e1rio de Sa\u00fade Rafael Barbosa e outras 11 pessoas s\u00e3o presas em opera\u00e7\u00e3o do MP de combate \u00e0 corrup\u00e7\u00e3o na sa\u00fade"},"content":{"rendered":"<h5>ANA MARIA CAMPOS<\/h5>\n<p>O Minist\u00e9rio P\u00fablico do Distrito Federal e Territ\u00f3rios (MPDFT) deflagrou nesta manh\u00e3 (29\/11) a Opera\u00e7\u00e3o Conex\u00e3o Bras\u00edlia, com a pris\u00e3o preventiva dos ex-secret\u00e1rios de Sa\u00fade do DF Rafael Barbosa e Elias Miziara, al\u00e9m de outras 10 pessoas.<\/p>\n<p>&nbsp;<\/p>\n<p>Investiga\u00e7\u00e3o aponta que o escandaloso esquema de corrup\u00e7\u00e3o no governo de Sergio Cabral (MDB) teve ramifica\u00e7\u00f5es e se alastrou no Distrito Federal durante a gest\u00e3o de Agnelo Queiroz (PT) na \u00e1rea de sa\u00fade.<\/p>\n<p>Os promotores de Justi\u00e7a, com apoio de policiais civis, cumpriram ainda 44 mandados de busca e apreens\u00e3o em endere\u00e7os no Distrito Federal, S\u00e3o Paulo e Rio de Janeiro.<\/p>\n<p>&nbsp;<\/p>\n<p>A investiga\u00e7\u00e3o \u00e9 um desdobramento de opera\u00e7\u00f5es da Lava-Jato, ocorridas no Rio de Janeiro, que desvendaram um esquema de corrup\u00e7\u00e3o, lavagem de dinheiro e fraude \u00e0 licita\u00e7\u00e3o do governo de S\u00e9rgio Cabral na \u00e1rea de sa\u00fade, com conluio de empresaa para vencer licita\u00e7\u00f5es direcionadas.<\/p>\n<p>&nbsp;<\/p>\n<p>Entre os alvos da opera\u00e7\u00e3o est\u00e1 a ades\u00e3o pela Ger\u00eancia de \u00d3rteses e Pr\u00f3teses e da Coordena\u00e7\u00e3o de Ortopedia da Secretaria de Sa\u00fade de ata de registro de pre\u00e7os da Secretaria de Sa\u00fade do Rio de Janeiro contaminada pelo esquema de corrup\u00e7\u00e3o do governo de Sergio Cabral.<\/p>\n<p>&nbsp;<\/p>\n<p>O trabalho de investiga\u00e7\u00e3o foi conduzido por uma for\u00e7a-tarefa de combate \u00e0 corrup\u00e7\u00e3o na sa\u00fade criada pelo procurador-geral de Justi\u00e7a do DF, Leonardo Bessa.<\/p>\n<p>&nbsp;<\/p>\n<p>Durante a apura\u00e7\u00e3o, houve compartilhamento de informa\u00e7\u00f5es das opera\u00e7\u00f5es Fatura Exposta e Resson\u00e2ncia, autorizadas pelo juiz federal Marcelo Bretas, da 7\u00aa Vara Criminal do Rio, que tem condenado a organiza\u00e7\u00e3o criminosa liderada pelo ex-governador do Rio.<\/p>\n<p>&nbsp;<\/p>\n<p>Coordenado pelo promotor Lu\u00eds Henrique Ishihara, o grupo \u00e9 integrado tamb\u00e9m pelos promotores Fl\u00e1vio Henrique de Andrade, Rodrigo de Ara\u00fajo Bezerra e Gabriela Gonzalez Pinto.<\/p>\n<p>&nbsp;<\/p>\n<p>Veja quem s\u00e3o os alvos dos mandados de pris\u00e3o preventiva:<\/p>\n<p>&nbsp;<\/p>\n<p>1) MIGUEL ISKIN<\/p>\n<p>2) GUSTAVO ESTELLITA CAVALCANTI PESSOA<\/p>\n<p>3)MARCO ANT\u00d4NIO GUIMAR\u00c3ES DUARTE DE ALMEIDA<\/p>\n<p>4) MARCUS VINICIUS GUIMAR\u00c3ES DUARTE DE ALMEIDA<\/p>\n<p>5) GAETANO SIGNORINI<\/p>\n<p>6) MARCIA DE ANDRADE OLIVEIRA CUNHA TRAVASSOS<\/p>\n<p>7) EDCLER CARVALHO SILVA<\/p>\n<p>8) RAFAEL DE AGUIAR BARBOSA<\/p>\n<p>9)ELIAS FERNANDO MIZIARA<\/p>\n<p>&nbsp;<\/p>\n<p>10)JOS\u00c9 DE MORAES FALC\u00c3O<\/p>\n<p>&nbsp;<\/p>\n<p>11)\u00a0RENATO S\u00c9RGIO LYRIO MELLO<\/p>\n<p>12) VICENTE DE PAULO SILVA DE ASSIS<\/p>\n","protected":false},"excerpt":{"rendered":"<p>ANA MARIA CAMPOS O Minist\u00e9rio P\u00fablico do Distrito Federal e Territ\u00f3rios (MPDFT) deflagrou nesta manh\u00e3 (29\/11) a Opera\u00e7\u00e3o Conex\u00e3o Bras\u00edlia, com a pris\u00e3o preventiva dos ex-secret\u00e1rios de Sa\u00fade do DF Rafael Barbosa e Elias Miziara, al\u00e9m de outras 10 pessoas. &nbsp; Investiga\u00e7\u00e3o aponta que o escandaloso esquema de corrup\u00e7\u00e3o no governo de Sergio Cabral (MDB) teve ramifica\u00e7\u00f5es e se alastrou [&hellip;]<\/p>\n","protected":false},"author":9,"featured_media":3519,"comment_status":"open","ping_status":"closed","sticky":false,"template":"","format":"standard","meta":{"footnotes":""},"categories":[234],"tags":[1602,1600,1601,138,1603],"class_list":["post-13682","post","type-post","status-publish","format-standard","has-post-thumbnail","hentry","category-cb-poder","tag-elias-miziara","tag-operacao-conexao-brasilia","tag-rafael-barbosa","tag-saude","tag-sergio-cabral"],"_links":{"self":[{"href":"https:\/\/blogs.correiobraziliense.com.br\/cbpoder\/wp-json\/wp\/v2\/posts\/13682","targetHints":{"allow":["GET"]}}],"collection":[{"href":"https:\/\/blogs.correiobraziliense.com.br\/cbpoder\/wp-json\/wp\/v2\/posts"}],"about":[{"href":"https:\/\/blogs.correiobraziliense.com.br\/cbpoder\/wp-json\/wp\/v2\/types\/post"}],"author":[{"embeddable":true,"href":"https:\/\/blogs.correiobraziliense.com.br\/cbpoder\/wp-json\/wp\/v2\/users\/9"}],"replies":[{"embeddable":true,"href":"https:\/\/blogs.correiobraziliense.com.br\/cbpoder\/wp-json\/wp\/v2\/comments?post=13682"}],"version-history":[{"count":3,"href":"https:\/\/blogs.correiobraziliense.com.br\/cbpoder\/wp-json\/wp\/v2\/posts\/13682\/revisions"}],"predecessor-version":[{"id":13700,"href":"https:\/\/blogs.correiobraziliense.com.br\/cbpoder\/wp-json\/wp\/v2\/posts\/13682\/revisions\/13700"}],"wp:featuredmedia":[{"embeddable":true,"href":"https:\/\/blogs.correiobraziliense.com.br\/cbpoder\/wp-json\/wp\/v2\/media\/3519"}],"wp:attachment":[{"href":"https:\/\/blogs.correiobraziliense.com.br\/cbpoder\/wp-json\/wp\/v2\/media?parent=13682"}],"wp:term":[{"taxonomy":"category","embeddable":true,"href":"https:\/\/blogs.correiobraziliense.com.br\/cbpoder\/wp-json\/wp\/v2\/categories?post=13682"},{"taxonomy":"post_tag","embeddable":true,"href":"https:\/\/blogs.correiobraziliense.com.br\/cbpoder\/wp-json\/wp\/v2\/tags?post=13682"}],"curies":[{"name":"wp","href":"https:\/\/api.w.org\/{rel}","templated":true}]}}