{"id":13670,"date":"2018-11-28T17:36:31","date_gmt":"2018-11-28T19:36:31","guid":{"rendered":"https:\/\/blogs.correiobraziliense.com.br\/cbpoder\/?p=13670"},"modified":"2018-11-28T17:55:30","modified_gmt":"2018-11-28T19:55:30","slug":"vice-presidente-do-prb-de-goias-sera-secretario-de-ciencia-e-tecnologia-na-gestao-ibaneis","status":"publish","type":"post","link":"https:\/\/blogs.correiobraziliense.com.br\/cbpoder\/vice-presidente-do-prb-de-goias-sera-secretario-de-ciencia-e-tecnologia-na-gestao-ibaneis\/","title":{"rendered":"Vice-presidente do PRB de Goi\u00e1s ser\u00e1 secret\u00e1rio de Ci\u00eancia e Tecnologia na gest\u00e3o Ibaneis"},"content":{"rendered":"<p><strong>ANA VIRIATO<\/strong><\/p>\n<p><strong>J\u00c9SSICA EUFR\u00c1SIO<\/strong><\/p>\n<p>&nbsp;<\/p>\n<p><span style=\"font-weight: 400\">O fundador e vice-presidente do PRB em Goi\u00e1s, Gilvan M\u00e1ximo, 49 anos, comandar\u00e1 a Secretaria de Ci\u00eancia e Tecnologia na gest\u00e3o de Ibaneis Rocha (MDB). O vice-governador eleito Paco Britto (Avante) realizou, nesta quarta-feira (28\/11), o an\u00fancio no Centro Internacional de Conven\u00e7\u00f5es do Brasil (CICB). Natural de Rubiataba (GO), o republicano atuou como secret\u00e1rio Extraordin\u00e1rio do Entorno do estado goiano durante o governo de Marconi Perillo (PSDB).<\/span><\/p>\n<p>&nbsp;<\/p>\n<p><span style=\"font-weight: 400\">Em 2014, o empres\u00e1rio do setor de constru\u00e7\u00e3o civil concorreu a uma vaga na C\u00e2mara dos Deputados, mas, com 58.466 votos, n\u00e3o se elegeu. Gilvan det\u00e9m o Ensino M\u00e9dio Completo.\u00a0<\/span>Ligado \u00e0 Igreja Universal do Reino de Deus, o PRB-DF apoiou Rog\u00e9rio Rosso (PSD) no primeiro turno da corrida pelo Pal\u00e1cio do Buriti e Ibaneis, no segundo.<\/p>\n<p>&nbsp;<\/p>\n<p><span style=\"font-weight: 400\">Na \u00faltima semana, o governador eleito anunciou, em S\u00e3o Paulo, a cria\u00e7\u00e3o do programa Cidade Inteligente, no Distrito Federal. O pilar do projeto \u00e9 a cria\u00e7\u00e3o de uma rede integrada <\/span><i><span style=\"font-weight: 400\">Wi-Fi<\/span><\/i><span style=\"font-weight: 400\"> gratuita em diversos pontos das cidades para a popula\u00e7\u00e3o acessar os servi\u00e7os p\u00fablicos pelo telefone celular em toda a capital.\u00a0<\/span><span style=\"font-weight: 400\">Um dos objetivos \u00e9 formar um espa\u00e7o vi\u00e1vel para a instala\u00e7\u00e3o de startups e empresas de inform\u00e1tica em Bras\u00edlia, criando empregos e gerando renda. Integrantes da equipe de transi\u00e7\u00e3o de Ibaneis dizem que o projeto tamb\u00e9m vai abranger a \u00e1rea da seguran\u00e7a p\u00fablica, com a instala\u00e7\u00e3o de mais c\u00e2meras de vigil\u00e2ncia e, ainda, a interliga\u00e7\u00e3o das redes\u00a0<\/span><span style=\"font-weight: 400\">particulares.<\/span><\/p>\n<p>&nbsp;<\/p>\n<p>Como secret\u00e1rio de Ci\u00eancia e Tecnologia, Gilvan deve dar andamento \u00e0 proposta. &#8220;Temos um plano de a\u00e7\u00e3o para o primeiro ano. Nosso objetivo \u00e9 tornar Bras\u00edlia a primeira cidade inteligente da Am\u00e9rica Latina. Temos Shenzhen, na China, como exemplo. Era uma pequena vila de pescadores e se tornou um dos maiores PIBs do mundo, porque teve coragem de inovar&#8221;, pontuou. Ele acrescentou que det\u00e9m experi\u00eancia na \u00e1rea: &#8220;Quando fui secret\u00e1rio, fizemos com que a Pol\u00edcia de Goi\u00e1s fosse a primeira do mundo a receber den\u00fancias por WhatsApp, Instagram e Facebook. Com a ferramenta, reduzimos em 68% os n\u00fameros de homic\u00eddios no estado&#8221;, exemplificou.<\/p>\n<p>&nbsp;<\/p>\n","protected":false},"excerpt":{"rendered":"<p>ANA VIRIATO J\u00c9SSICA EUFR\u00c1SIO &nbsp; O fundador e vice-presidente do PRB em Goi\u00e1s, Gilvan M\u00e1ximo, 49 anos, comandar\u00e1 a Secretaria de Ci\u00eancia e Tecnologia na gest\u00e3o de Ibaneis Rocha (MDB). O vice-governador eleito Paco Britto (Avante) realizou, nesta quarta-feira (28\/11), o an\u00fancio no Centro Internacional de Conven\u00e7\u00f5es do Brasil (CICB). Natural de Rubiataba (GO), o republicano atuou como secret\u00e1rio Extraordin\u00e1rio [&hellip;]<\/p>\n","protected":false},"author":90,"featured_media":13671,"comment_status":"open","ping_status":"closed","sticky":false,"template":"","format":"standard","meta":{"footnotes":""},"categories":[234],"tags":[1596,1597,917,1182],"class_list":["post-13670","post","type-post","status-publish","format-standard","has-post-thumbnail","hentry","category-cb-poder","tag-ciencia-e-tecnologia","tag-goias","tag-ibaneis-rocha","tag-prb"],"_links":{"self":[{"href":"https:\/\/blogs.correiobraziliense.com.br\/cbpoder\/wp-json\/wp\/v2\/posts\/13670","targetHints":{"allow":["GET"]}}],"collection":[{"href":"https:\/\/blogs.correiobraziliense.com.br\/cbpoder\/wp-json\/wp\/v2\/posts"}],"about":[{"href":"https:\/\/blogs.correiobraziliense.com.br\/cbpoder\/wp-json\/wp\/v2\/types\/post"}],"author":[{"embeddable":true,"href":"https:\/\/blogs.correiobraziliense.com.br\/cbpoder\/wp-json\/wp\/v2\/users\/90"}],"replies":[{"embeddable":true,"href":"https:\/\/blogs.correiobraziliense.com.br\/cbpoder\/wp-json\/wp\/v2\/comments?post=13670"}],"version-history":[{"count":5,"href":"https:\/\/blogs.correiobraziliense.com.br\/cbpoder\/wp-json\/wp\/v2\/posts\/13670\/revisions"}],"predecessor-version":[{"id":13676,"href":"https:\/\/blogs.correiobraziliense.com.br\/cbpoder\/wp-json\/wp\/v2\/posts\/13670\/revisions\/13676"}],"wp:featuredmedia":[{"embeddable":true,"href":"https:\/\/blogs.correiobraziliense.com.br\/cbpoder\/wp-json\/wp\/v2\/media\/13671"}],"wp:attachment":[{"href":"https:\/\/blogs.correiobraziliense.com.br\/cbpoder\/wp-json\/wp\/v2\/media?parent=13670"}],"wp:term":[{"taxonomy":"category","embeddable":true,"href":"https:\/\/blogs.correiobraziliense.com.br\/cbpoder\/wp-json\/wp\/v2\/categories?post=13670"},{"taxonomy":"post_tag","embeddable":true,"href":"https:\/\/blogs.correiobraziliense.com.br\/cbpoder\/wp-json\/wp\/v2\/tags?post=13670"}],"curies":[{"name":"wp","href":"https:\/\/api.w.org\/{rel}","templated":true}]}}