{"id":13566,"date":"2018-11-21T09:40:25","date_gmt":"2018-11-21T11:40:25","guid":{"rendered":"https:\/\/blogs.correiobraziliense.com.br\/cbpoder\/?p=13566"},"modified":"2018-11-21T16:45:48","modified_gmt":"2018-11-21T18:45:48","slug":"valdir-oliveira-secretario-de-desenvolvimento-do-economico-assume-hoje-o-sebrae-df","status":"publish","type":"post","link":"https:\/\/blogs.correiobraziliense.com.br\/cbpoder\/valdir-oliveira-secretario-de-desenvolvimento-do-economico-assume-hoje-o-sebrae-df\/","title":{"rendered":"Valdir Oliveira, secret\u00e1rio de Desenvolvimento do Econ\u00f4mico, volta ao Sebrae-DF"},"content":{"rendered":"<h6>Eixo Capital\/Por Ana Maria Campos<\/h6>\n<h2><strong>De volta ao Sebrae<\/strong><\/h2>\n<p>O secret\u00e1rio de Desenvolvimento Econ\u00f4mico do DF, Valdir Oliveira, ser\u00e1 eleito hoje superintendente regional do Sebrae\/DF para os pr\u00f3ximos quatro anos. A elei\u00e7\u00e3o, em chapa \u00fanica, tem a b\u00ean\u00e7\u00e3o do presidente nacional, Guilherme Afif Domingos, e passa por um acordo com o governador eleito, Ibaneis Rocha. Numa composi\u00e7\u00e3o, Rose Rainha, bra\u00e7o direito de Ibaneis, ser\u00e1 escolhida diretora de Administra\u00e7\u00e3o e Finan\u00e7as. O economista Rodrigo S\u00e1, atual superintendente, assumir\u00e1 a diretoria T\u00e9cnica. O presidente da Fibra, Jamal Jorge Bittar, ser\u00e1 o presidente do Conselho Deliberativo do Sebrae. A elei\u00e7\u00e3o passa por 13 votos, com representantes do setor produtivo, do Governo do Distrito Federal, da Caixa Econ\u00f4mica Federal, do Banco do Brasil e do Sebrae Nacional. Um dos secret\u00e1rios mais bem avaliados pelo di\u00e1logo com o empresariado, Valdir voltar\u00e1 para o cargo que exercia, havia seis anos, antes de assumir a fun\u00e7\u00e3o no governo Rollemberg. Chegou a ser cotado para concorrer na chapa como vice. Mas abriu m\u00e3o.<\/p>\n<h2><strong>Rep\u00fablica de Temer<\/strong><\/h2>\n<p>S\u00f3 tem aumentado a participa\u00e7\u00e3o de integrantes do governo Temer na equipe de Ibaneis Rocha (MDB). Um dos tr\u00eas governadores do partido \u2014 tamb\u00e9m foram eleitos Renan Filho, em Alagoas, e Helder Barbalho, no Par\u00e1 \u2014, Ibaneis tem em sua equipe at\u00e9 agora tr\u00eas ministros e um secret\u00e1rio executivo. Ministro dos Direitos Humanos e subchefe da Casa Civil da Presid\u00eancia, Gustavo Rocha ser\u00e1 Secret\u00e1rio de Justi\u00e7a. O ex-ministro do Meio Ambiente, Sarney Filho, e seu sucessor na pasta, Edson Duarte, ser\u00e3o respectivamente secret\u00e1rio de Meio Ambiente e presidente do Ibram. O secret\u00e1rio executivo do Minist\u00e9rio da Agricultura, Eumar Novacki, vai para a Casa Civil. Ainda \u00e9 poss\u00edvel que o secret\u00e1rio executivo do Minist\u00e9rio da Sa\u00fade, Adeilson Loureiro, assuma o cargo de secret\u00e1rio de Sa\u00fade. Ibaneis trabalha para se firmar como uma lideran\u00e7a nacional do MDB.<\/p>\n<h2><strong>Cad\u00ea os m\u00e9dicos?<\/strong><\/h2>\n<p>A maior aus\u00eancia sentida ontem pelo Minist\u00e9rio P\u00fablico do Distrito Federal (MPDFT) na Opera\u00e7\u00e3o Diagnose foram m\u00e9dicos. Na inspe\u00e7\u00e3o realizada em seis UPAs, os promotores de Justi\u00e7a avaliaram que faltam profissionais qualificados para fazer a triagem dos pacientes que chegam ao sistema p\u00fablico de sa\u00fade.<\/p>\n<h2><strong>C\u00fapula da Terracap \u00e9 mantida com presidente<\/strong><\/h2>\n<p>O governador Ibaneis Rocha decidiu manter quase toda a c\u00fapula da Terracap. Al\u00e9m do presidente, J\u00falio C\u00e9sar Reis, ser\u00e3o mantidos os diretores t\u00e9cnico, Carlos Ant\u00f4nio Leal, de Comercializa\u00e7\u00e3o e Desenvolvimento, Ricardo Henrique Sampaio Santiago, e de Habita\u00e7\u00e3o e Regulariza\u00e7\u00e3o, Gustavo Dias Henrique. Haver\u00e1 mudan\u00e7a apenas na diretoria de Administra\u00e7\u00e3o e Finan\u00e7as. Pesou na decis\u00e3o a aposta de continuidade na regulariza\u00e7\u00e3o fundi\u00e1ria dos condom\u00ednios, de templos e o in\u00edcio do processo de legaliza\u00e7\u00e3o de com\u00e9rcios. O foco tamb\u00e9m s\u00e3o as PPPs e concess\u00f5es em andamento.<\/p>\n<p><strong>Representa\u00e7\u00e3o por quebra de decoro arquivada<\/strong><\/p>\n<p>Prestes a assumir o comando do Gabinete de Seguran\u00e7a Institucional (GSI), o deputado Laerte Bessa (PR\/DF) teve ontem uma vit\u00f3ria no Conselho de \u00c9tica da C\u00e2mara. Uma representa\u00e7\u00e3o por quebra de decoro, protocolada pelo PSB, foi arquivada. O caso se refere a uma briga ocorrida no plen\u00e1rio com o subsecret\u00e1rio de Articula\u00e7\u00e3o Pol\u00edtica do governo Rollemberg, Edvaldo Dias da Silva. Bessa deu um sopapo no assessor por conta de uma discuss\u00e3o sobre percentual de gastos com seguran\u00e7a p\u00fablica no Fundo Constitucional do DF.\u00a8<\/p>\n<h2><strong>Montagem do GSI<\/strong><\/h2>\n<p>Laerte Bessa est\u00e1 engajado na montagem da estrutura do GSI, que vai comandar. Ontem o deputado federal teve uma reuni\u00e3o com o futuro secret\u00e1rio de Seguran\u00e7a, Anderson Torres, com a coronel Sheyla Sampaio, que vai comandar a PM, e com o coronel Carlos Emilson Ferreira dos Santos, que ficar\u00e1 \u00e0 frente do Corpo de Bombeiros. A ideia \u00e9 convocar militares da reserva para a equipe, liberando policiais e bombeiros para o trabalho na rua. O presidente do Sindicato dos Delegados de Pol\u00edcia Civil (Sindepo), Rafael Sampaio, est\u00e1 ajudando a formatar o gabinete.<\/p>\n<h2><strong>Lista tr\u00edplice<\/strong><\/h2>\n<p>Deputados dizem que a presid\u00eancia da C\u00e2mara Legislativa est\u00e1 entre tr\u00eas nomes: Rodrigo Delmasso (PRB), Rafael Prudente (MDB) e Cl\u00e1udio Abrantes (PDT).<\/p>\n<h2><strong>PV no governo Ibaneis<\/strong><\/h2>\n<p>Sarney Filho e Edson Duarte, que v\u00e3o compor a equipe de meio ambiente do governo Ibaneis Rocha, s\u00e3o do PV, partido de Eduardo Brand\u00e3o, que disputou como vice na chapa de Rodrigo Rollemberg (PSB). O partido n\u00e3o dever\u00e1 indicar ningu\u00e9m para ocupar cargos comissionados. A equipe ser\u00e1 toda de Sarney, que emplacou o presidente do Ibram.<\/p>\n<h2><strong>Um cr\u00edtico dos bolsonaristas<\/strong><\/h2>\n<p>O senador Cristovam Buarque (PPS\/DF) est\u00e1 atuante no Twitter nas cr\u00edticas ao presidente eleito, Jair Bolsonaro (PSL). Mais em sintonia com o discurso de seu antigo eleitorado, o parlamentar, que n\u00e3o se reelegeu, bate no projeto de escola sem partidos. \u201cO Brasil precisa de partidos e pol\u00edticos que tenham passado pela escola e saibam que houve tempo de &#8216;escola sem partido&#8217; na R\u00fassia Sovi\u00e9tica, na Alemanha Nazista, na Espanha franquista, no Brasil da ditadura\u201d, escreveu. E sobre o fim da participa\u00e7\u00e3o dos cubanos no programa Mais M\u00e9dicos: \u201cInteressante ver conservadores brasileiros fantasiados de l\u00edderes sindicais de m\u00e9dicos cubanos, sem defender trabalhadores nem doentes brasileiros. Interessante hipocrisia por vi\u00e9s ideol\u00f3gico\u201d.<\/p>\n<h2><strong>\u00c1rbitro nas elei\u00e7\u00f5es da OAB\/DF<\/strong><\/h2>\n<p>O desembargador Roberval Belinati, do Tribunal de Justi\u00e7a do DF, vai presidir hoje a comiss\u00e3o do direito de resposta durante o debate dos candidatos que disputar\u00e3o as elei\u00e7\u00f5es para a presid\u00eancia da OAB\/DF. Ser\u00e1 no audit\u00f3rio da C\u00e2mara Legislativa. Quatro chapas est\u00e3o no p\u00e1reo, lideradas pelos advogados Jacques Veloso, D\u00e9lio Lins e Silva J\u00fanior, Renata Amaral e Max Telesca. Belinati tem experi\u00eancia. Ele presidiu quatro elei\u00e7\u00f5es na AMB (Associa\u00e7\u00e3o dos Magistrados Brasileiros) e duas elei\u00e7\u00f5es na AMAGIS-DF (Associa\u00e7\u00e3o dos Magistrados do DF). Pelo clima nos bastidores, o debate tem tudo para pegar fogo. Um bom \u00e1rbitro pode acalmar os \u00e2nimos.<\/p>\n","protected":false},"excerpt":{"rendered":"<p>Eixo Capital\/Por Ana Maria Campos De volta ao Sebrae O secret\u00e1rio de Desenvolvimento Econ\u00f4mico do DF, Valdir Oliveira, ser\u00e1 eleito hoje superintendente regional do Sebrae\/DF para os pr\u00f3ximos quatro anos. A elei\u00e7\u00e3o, em chapa \u00fanica, tem a b\u00ean\u00e7\u00e3o do presidente nacional, Guilherme Afif Domingos, e passa por um acordo com o governador eleito, Ibaneis Rocha. Numa composi\u00e7\u00e3o, Rose Rainha, bra\u00e7o [&hellip;]<\/p>\n","protected":false},"author":9,"featured_media":13567,"comment_status":"open","ping_status":"closed","sticky":false,"template":"","format":"standard","meta":{"footnotes":""},"categories":[234],"tags":[1581,1582],"class_list":["post-13566","post","type-post","status-publish","format-standard","has-post-thumbnail","hentry","category-cb-poder","tag-sebrae-df","tag-secretario-de-desenvolvimento-do-economico"],"_links":{"self":[{"href":"https:\/\/blogs.correiobraziliense.com.br\/cbpoder\/wp-json\/wp\/v2\/posts\/13566","targetHints":{"allow":["GET"]}}],"collection":[{"href":"https:\/\/blogs.correiobraziliense.com.br\/cbpoder\/wp-json\/wp\/v2\/posts"}],"about":[{"href":"https:\/\/blogs.correiobraziliense.com.br\/cbpoder\/wp-json\/wp\/v2\/types\/post"}],"author":[{"embeddable":true,"href":"https:\/\/blogs.correiobraziliense.com.br\/cbpoder\/wp-json\/wp\/v2\/users\/9"}],"replies":[{"embeddable":true,"href":"https:\/\/blogs.correiobraziliense.com.br\/cbpoder\/wp-json\/wp\/v2\/comments?post=13566"}],"version-history":[{"count":3,"href":"https:\/\/blogs.correiobraziliense.com.br\/cbpoder\/wp-json\/wp\/v2\/posts\/13566\/revisions"}],"predecessor-version":[{"id":13575,"href":"https:\/\/blogs.correiobraziliense.com.br\/cbpoder\/wp-json\/wp\/v2\/posts\/13566\/revisions\/13575"}],"wp:featuredmedia":[{"embeddable":true,"href":"https:\/\/blogs.correiobraziliense.com.br\/cbpoder\/wp-json\/wp\/v2\/media\/13567"}],"wp:attachment":[{"href":"https:\/\/blogs.correiobraziliense.com.br\/cbpoder\/wp-json\/wp\/v2\/media?parent=13566"}],"wp:term":[{"taxonomy":"category","embeddable":true,"href":"https:\/\/blogs.correiobraziliense.com.br\/cbpoder\/wp-json\/wp\/v2\/categories?post=13566"},{"taxonomy":"post_tag","embeddable":true,"href":"https:\/\/blogs.correiobraziliense.com.br\/cbpoder\/wp-json\/wp\/v2\/tags?post=13566"}],"curies":[{"name":"wp","href":"https:\/\/api.w.org\/{rel}","templated":true}]}}