{"id":13552,"date":"2018-11-20T16:42:59","date_gmt":"2018-11-20T18:42:59","guid":{"rendered":"https:\/\/blogs.correiobraziliense.com.br\/cbpoder\/?p=13552"},"modified":"2018-11-20T16:42:59","modified_gmt":"2018-11-20T18:42:59","slug":"falta-vontade-politica-diz-futuro-secretario-de-agricultura-sobre-regularizacao-fundiaria","status":"publish","type":"post","link":"https:\/\/blogs.correiobraziliense.com.br\/cbpoder\/falta-vontade-politica-diz-futuro-secretario-de-agricultura-sobre-regularizacao-fundiaria\/","title":{"rendered":"&#8220;Falta vontade pol\u00edtica&#8221;, diz futuro secret\u00e1rio de Agricultura sobre regulariza\u00e7\u00e3o fundi\u00e1ria"},"content":{"rendered":"<p><b>ALEXANDRE DE PAULA<\/b><\/p>\n<p>&nbsp;<\/p>\n<p><span style=\"font-weight: 400\">O futuro secret\u00e1rio de Agricultura Dilson Resende afirmou, nesta ter\u00e7a-feira (20\/11), que \u00e9 preciso mais vontade pol\u00edtica para impulsionar a regulariza\u00e7\u00e3o fundi\u00e1ria de \u00e1reas rurais do Distrito Federal. Para ele, a legisla\u00e7\u00e3o atual \u00e9 suficiente para a quest\u00e3o, mas falta seguran\u00e7a jur\u00eddica. &#8220;O processo hoje n\u00e3o anda porque h\u00e1 descr\u00e9dito dos produtores em rela\u00e7\u00e3o a isso. A procura pelo processo de regulariza\u00e7\u00e3o \u00e9 aqu\u00e9m da quantidade de pessoas que necessitam&#8221;, disse. &#8220;Todos precisam voltar a acreditar que o governo est\u00e1 imbu\u00eddo no processo de regulariza\u00e7\u00e3o&#8221;, completou.<\/span><\/p>\n<p>&nbsp;<\/p>\n<blockquote><p><span style=\"font-weight: 400\">Segundo o secret\u00e1rio, a equipe de transi\u00e7\u00e3o do governo estuda a cria\u00e7\u00e3o de novas linhas de cr\u00e9dito para produtores rurais por meio do BRB. A inten\u00e7\u00e3o de Ibaneis Rocha (MDB) \u00e9 transformar o \u00f3rg\u00e3o em um banco de fomento e apoio. <\/span><\/p><\/blockquote>\n<p>&nbsp;<\/p>\n<p><span style=\"font-weight: 400\">Resende comentou tamb\u00e9m os choques entre Meio Ambiente e Agricultura, \u00e1reas que, segundo ele, precisam se complementar. &#8220;O desenvolvimento n\u00e3o pode andar separado da preserva\u00e7\u00e3o. Mas, hoje, existe inseguran\u00e7a do produtor nos processos de licenciamento&#8221;, argumentou. &#8220;A gente precisa chegar em um meio termo, no qual os processos de licenciamento sejam compat\u00edveis com os investimentos e haja entendimento entre as duas partes&#8221;, completou.<\/span><\/p>\n<p>&nbsp;<\/p>\n<p><b>Perfil<\/b><\/p>\n<p>&nbsp;<\/p>\n<p><span style=\"font-weight: 400\">Dilson Resende foi o secret\u00e1rio-adjunto de Agricultura no governo de Jos\u00e9 Roberto Arruda (PR), al\u00e9m de comandar a subsecretaria de Regulariza\u00e7\u00e3o Fundi\u00e1ria no in\u00edcio da gest\u00e3o de Rodrigo Rollemberg (PSB). Atuou tamb\u00e9m como presidente da Empresa de Assist\u00eancia T\u00e9cnica e Extens\u00e3o Rural do Distrito Federal (Emater-DF). Zootecnista, Dilson entrou na Emater em 1991.<\/span><\/p>\n","protected":false},"excerpt":{"rendered":"<p>ALEXANDRE DE PAULA &nbsp; O futuro secret\u00e1rio de Agricultura Dilson Resende afirmou, nesta ter\u00e7a-feira (20\/11), que \u00e9 preciso mais vontade pol\u00edtica para impulsionar a regulariza\u00e7\u00e3o fundi\u00e1ria de \u00e1reas rurais do Distrito Federal. Para ele, a legisla\u00e7\u00e3o atual \u00e9 suficiente para a quest\u00e3o, mas falta seguran\u00e7a jur\u00eddica. &#8220;O processo hoje n\u00e3o anda porque h\u00e1 descr\u00e9dito dos produtores em rela\u00e7\u00e3o a isso. [&hellip;]<\/p>\n","protected":false},"author":90,"featured_media":13553,"comment_status":"open","ping_status":"closed","sticky":false,"template":"","format":"standard","meta":{"footnotes":""},"categories":[234],"tags":[1576,720,1575,1574],"class_list":["post-13552","post","type-post","status-publish","format-standard","has-post-thumbnail","hentry","category-cb-poder","tag-dilson-resende","tag-regularizacao-fundiaria","tag-secretaria-de-agricultura","tag-transicao"],"_links":{"self":[{"href":"https:\/\/blogs.correiobraziliense.com.br\/cbpoder\/wp-json\/wp\/v2\/posts\/13552","targetHints":{"allow":["GET"]}}],"collection":[{"href":"https:\/\/blogs.correiobraziliense.com.br\/cbpoder\/wp-json\/wp\/v2\/posts"}],"about":[{"href":"https:\/\/blogs.correiobraziliense.com.br\/cbpoder\/wp-json\/wp\/v2\/types\/post"}],"author":[{"embeddable":true,"href":"https:\/\/blogs.correiobraziliense.com.br\/cbpoder\/wp-json\/wp\/v2\/users\/90"}],"replies":[{"embeddable":true,"href":"https:\/\/blogs.correiobraziliense.com.br\/cbpoder\/wp-json\/wp\/v2\/comments?post=13552"}],"version-history":[{"count":1,"href":"https:\/\/blogs.correiobraziliense.com.br\/cbpoder\/wp-json\/wp\/v2\/posts\/13552\/revisions"}],"predecessor-version":[{"id":13554,"href":"https:\/\/blogs.correiobraziliense.com.br\/cbpoder\/wp-json\/wp\/v2\/posts\/13552\/revisions\/13554"}],"wp:featuredmedia":[{"embeddable":true,"href":"https:\/\/blogs.correiobraziliense.com.br\/cbpoder\/wp-json\/wp\/v2\/media\/13553"}],"wp:attachment":[{"href":"https:\/\/blogs.correiobraziliense.com.br\/cbpoder\/wp-json\/wp\/v2\/media?parent=13552"}],"wp:term":[{"taxonomy":"category","embeddable":true,"href":"https:\/\/blogs.correiobraziliense.com.br\/cbpoder\/wp-json\/wp\/v2\/categories?post=13552"},{"taxonomy":"post_tag","embeddable":true,"href":"https:\/\/blogs.correiobraziliense.com.br\/cbpoder\/wp-json\/wp\/v2\/tags?post=13552"}],"curies":[{"name":"wp","href":"https:\/\/api.w.org\/{rel}","templated":true}]}}